{"id":1964,"date":"2020-09-07T19:51:20","date_gmt":"2020-09-07T16:51:20","guid":{"rendered":"http:\/\/basta2.com\/?p=1964"},"modified":"2020-09-07T21:13:31","modified_gmt":"2020-09-07T18:13:31","slug":"tofiq-yaqublunun-mudafi%c9%99-komit%c9%99si-toplandi","status":"publish","type":"post","link":"https:\/\/basta2.com\/?p=1964","title":{"rendered":"Tofiq Yaqublunun M\u00fcdafi\u0259 Komit\u0259si topland\u0131.                               M\u00fcsavat\u0131n q\u0259rargah\u0131nda onun azadl\u0131\u011fa burax\u0131lmas\u0131 t\u0259l\u0259bi il\u0259 acl\u0131q aksiyas\u0131 ba\u015flad\u0131"},"content":{"rendered":"\n<p>Bu g\u00fcn M\u00fcsavat Partiyas\u0131n\u0131n q\u0259rargah\u0131nda partiyan\u0131n \u00fczv\u00fc, Qaraba\u011f d\u00f6y\u00fc\u015f\u00e7\u00fcs\u00fc, tan\u0131nm\u0131\u015f siyas\u0259t\u00e7i Tofiq Yaqublunun h\u0259l\u0259 bu ilin mart ay\u0131nda, onun \u015f\u0259rl\u0259n\u0259r\u0259k h\u0259bs olundu\u011fu zaman yarad\u0131lm\u0131\u015f M\u00fcdafi\u0259 Komit\u0259sinin toplant\u0131s\u0131 oldu. Toplant\u0131da \u00e7\u0131x\u0131\u015f ed\u0259n M\u00fcsavat partiyas\u0131n\u0131n ba\u015fqan\u0131 Arif Hac\u0131l\u0131 bildirdi ki, Tofiq b\u0259yin haqs\u0131z h\u0259bsi n\u0259inki \u00f6lk\u0259, h\u0259m d\u0259 beyn\u0259lxalq ictimaiyy\u0259tin diqq\u0259tind\u0259dir. Ba\u015fqan qeyd etdi ki, art\u0131q bir s\u0131ra beyn\u0259lxalq t\u0259\u015fkilatlar bu m\u0259s\u0259l\u0259y\u0259 m\u00fcnasib\u0259t bildir\u0259r\u0259k Tofiq Yaqublunun azadl\u0131\u011fa burax\u0131lmas\u0131 il\u0259 \u0259laq\u0259dar b\u0259yanat veribl\u0259r.  Amerika D\u00f6vl\u0259t Departamenti bir h\u0259ft\u0259 \u0259rzind\u0259 iki d\u0259f\u0259 b\u0259yanat ver\u0259r\u0259k Tofiq Yaqublunun azad edilm\u0259sini t\u0259l\u0259b etdi. Az\u0259rbaycanda olan diplomatik korpusun n\u00fcmay\u0259nd\u0259l\u0259ri narahatl\u0131qlar\u0131n\u0131 ifad\u0259 edibl\u0259r. <\/p>\n\n\n\n<p>V\u0259kil Nem\u0259t K\u0259rimlinin m\u0259lumat\u0131na g\u00f6r\u0259 Tofiq Yaqublunun s\u0259hh\u0259ti olduqca pisl\u0259\u015fib, acl\u0131q ed\u0259n d\u00f6vrd\u0259 8 kq ar\u0131qlay\u0131b, hals\u0131z v\u0259ziyy\u0259td\u0259dir, \u00e7\u0259tinlikl\u0259 yeriyir. V\u0259kil qeyd etdi ki, bu h\u0259bsl\u0259 ba\u011fl\u0131 yax\u0131n g\u00fcnl\u0259rd\u0259 avropa m\u0259hk\u0259m\u0259sin\u0259 m\u00fcraci\u0259t g\u00f6nd\u0259ril\u0259c\u0259k. <\/p>\n\n\n\n<p> Tofiq Yaqublunun haqs\u0131z h\u0259bsin\u0259 etiraz oaraq M\u00fcsavat partiyas\u0131 q\u0259rargah\u0131nda M\u00fcsavat G\u0259ncl\u0259r T\u0259\u015fkilat\u0131n\u0131n s\u0259dri Elman Quliyev, AXCP \u00fczvl\u0259ri Tofiq M\u0259mm\u0259dov, Ay\u0259t Ismay\u0131lmov, Elnur H\u0259s\u0259nov acl\u0131q aksiyas\u0131na ba\u015flay\u0131blar.  <\/p>\n\n\n\n<p>Qeyd ed\u0259k ki, Tofiq Yaqublu qondarma ittihamlarla 4 il 3 ay h\u0259bs c\u0259zas\u0131na m\u0259hkum edilib.  Tofiq Yaqublu h\u0259bsxanada art\u0131q 6 g\u00fcnd\u00fcr ki, &#8220;\u00f6l\u00fcm acl\u0131\u011f\u0131&#8221; ke\u00e7irir. <\/p>\n\n\n\n<p>Heyb\u0259t \u018fmrah,<\/p>\n\n\n\n<p>Basta2.com<\/p>\n","protected":false},"excerpt":{"rendered":"<p>Bu g\u00fcn M\u00fcsavat Partiyas\u0131n\u0131n q\u0259rargah\u0131nda partiyan\u0131n \u00fczv\u00fc, Qaraba\u011f d\u00f6y\u00fc\u015f\u00e7\u00fcs\u00fc, tan\u0131nm\u0131\u015f siyas\u0259t\u00e7i Tofiq Yaqublunun h\u0259l\u0259 bu ilin mart ay\u0131nda, onun \u015f\u0259rl\u0259n\u0259r\u0259k<\/p>\n","protected":false},"author":1,"featured_media":1882,"comment_status":"open","ping_status":"open","sticky":false,"template":"","format":"standard","meta":{"_jetpack_memberships_contains_paid_content":false,"footnotes":""},"categories":[30,29,35,36,1],"tags":[],"class_list":["post-1964","post","type-post","status-publish","format-standard","has-post-thumbnail","hentry","category-gundm","category-manset","category-olk","category-siyast","category-uncategorized"],"aioseo_notices":[],"jetpack_featured_media_url":"https:\/\/basta2.com\/wp-content\/uploads\/2020\/09\/tofiq-yaqubluya-azadliq.jpg","jetpack_sharing_enabled":true,"_links":{"self":[{"href":"https:\/\/basta2.com\/index.php?rest_route=\/wp\/v2\/posts\/1964","targetHints":{"allow":["GET"]}}],"collection":[{"href":"https:\/\/basta2.com\/index.php?rest_route=\/wp\/v2\/posts"}],"about":[{"href":"https:\/\/basta2.com\/index.php?rest_route=\/wp\/v2\/types\/post"}],"author":[{"embeddable":true,"href":"https:\/\/basta2.com\/index.php?rest_route=\/wp\/v2\/users\/1"}],"replies":[{"embeddable":true,"href":"https:\/\/basta2.com\/index.php?rest_route=%2Fwp%2Fv2%2Fcomments&post=1964"}],"version-history":[{"count":7,"href":"https:\/\/basta2.com\/index.php?rest_route=\/wp\/v2\/posts\/1964\/revisions"}],"predecessor-version":[{"id":1971,"href":"https:\/\/basta2.com\/index.php?rest_route=\/wp\/v2\/posts\/1964\/revisions\/1971"}],"wp:featuredmedia":[{"embeddable":true,"href":"https:\/\/basta2.com\/index.php?rest_route=\/wp\/v2\/media\/1882"}],"wp:attachment":[{"href":"https:\/\/basta2.com\/index.php?rest_route=%2Fwp%2Fv2%2Fmedia&parent=1964"}],"wp:term":[{"taxonomy":"category","embeddable":true,"href":"https:\/\/basta2.com\/index.php?rest_route=%2Fwp%2Fv2%2Fcategories&post=1964"},{"taxonomy":"post_tag","embeddable":true,"href":"https:\/\/basta2.com\/index.php?rest_route=%2Fwp%2Fv2%2Ftags&post=1964"}],"curies":[{"name":"wp","href":"https:\/\/api.w.org\/{rel}","templated":true}]}}