{"id":19672,"date":"2023-12-08T10:29:27","date_gmt":"2023-12-08T07:29:27","guid":{"rendered":"https:\/\/basta2.com\/?p=19672"},"modified":"2023-12-08T10:29:27","modified_gmt":"2023-12-08T07:29:27","slug":"az%c9%99rbaycan-v%c9%99-erm%c9%99nistan-ilk-d%c9%99f%c9%99-birg%c9%99-vasit%c9%99ci-olmadan-b%c9%99yanat-veribl%c9%99r","status":"publish","type":"post","link":"https:\/\/basta2.com\/?p=19672","title":{"rendered":"Az\u0259rbaycan v\u0259 Erm\u0259nistan ilk d\u0259f\u0259 birg\u0259, vasit\u0259\u00e7i olmadan b\u0259yanat veribl\u0259r"},"content":{"rendered":"<p><strong>Az\u0259rbaycan v\u0259 Erm\u0259nistan Sovet \u0130ttifaq\u0131 da\u011f\u0131landan v\u0259 Qaraba\u011f m\u00fcnaqi\u015f\u0259si ba\u015flayandan b\u0259ri ilk d\u0259f\u0259 birg\u0259 b\u0259yanat imzalay\u0131b.<\/strong><\/p>\n<p>B\u0259yanat he\u00e7 bir vasit\u0259\u00e7i v\u0259 ya \u00fc\u00e7\u00fcnc\u00fc t\u0259r\u0259f olmadan, Az\u0259rbaycan v\u0259 Erm\u0259nistan\u0131n ba\u015f siyasi qurumlar\u0131 t\u0259r\u0259find\u0259n verilib. Onlar \u0259sirl\u0259rin d\u0259yi\u015fdirilm\u0259sin\u0259 raz\u0131la\u015f\u0131blar.<\/p>\n<p>Raz\u0131la\u015fmaya g\u00f6r\u0259, 32 erm\u0259ni h\u0259rb\u00e7i v\u0259 2 az\u0259rbaycanl\u0131 h\u0259rb\u00e7ini t\u0259r\u0259fl\u0259r m\u00fcvafiq olaraq azad ed\u0259c\u0259k.<\/p>\n<p>Birg\u0259 b\u0259yanat a\u015fa\u011f\u0131dak\u0131 3 m\u0259s\u0259l\u0259ni \u0259hat\u0259 edir:<\/p>\n<p><strong>1. H\u0259rb\u00e7il\u0259r azad olunur<\/strong><\/p>\n<p>&#8220;Humanizm d\u0259y\u0259rl\u0259rini r\u0259hb\u0259r tutaraq v\u0259 xo\u015fm\u0259raml\u0131 add\u0131m olaraq, Az\u0259rbaycan Respublikas\u0131 32 erm\u0259ni h\u0259rb\u00e7ini azad edir. Erm\u0259nistan Respublikas\u0131 \u00f6z n\u00f6vb\u0259sind\u0259 humanizm d\u0259y\u0259rl\u0259rini r\u0259hb\u0259r tutaraq v\u0259 xo\u015fm\u0259raml\u0131 add\u0131m olaraq, 2 az\u0259rbaycanl\u0131 h\u0259rb\u00e7ini azad edir&#8221;, b\u0259yanatda deyilir.<\/p>\n<p><strong>2. Qar\u015f\u0131l\u0131ql\u0131 xo\u015f niyy\u0259t<\/strong><\/p>\n<p>Az\u0259rbaycan v\u0259 Erm\u0259nistan bir-birinin namiz\u0259dlikl\u0259rini m\u00fcxt\u0259lif t\u0259msil\u00e7ilik \u00fczr\u0259 d\u0259st\u0259kl\u0259yibl\u0259r.<\/p>\n<p>B\u0259yanatda deyilir ki, xo\u015f niyy\u0259tin t\u0259zah\u00fcr\u00fc olaraq, Erm\u0259nistan BMT-nin \u0130qlim D\u0259yi\u015fm\u0259l\u0259ri \u00fczr\u0259 \u00c7\u0259r\u00e7iv\u0259 Konvensiyas\u0131na T\u0259r\u0259f D\u00f6vl\u0259tl\u0259rin 29-cu Konfrans\u0131na (COP29) ev sahibliyin\u0259 \u00f6z namiz\u0259dliyini geri g\u00f6t\u00fcr\u00fcr v\u0259, Az\u0259rbaycan Respublikas\u0131n\u0131n namiz\u0259dliyini d\u0259st\u0259kl\u0259yir.<\/p>\n<p>Xo\u015f niyy\u0259tin t\u0259zah\u00fcr\u00fc olaraq, Az\u0259rbaycan da, Erm\u0259nistan\u0131n \u015e\u0259rqi Avropa Qrupundan COP-un B\u00fcro \u00fczvl\u00fcy\u00fcn\u0259 namiz\u0259dliyini d\u0259st\u0259kl\u0259yir.<\/p>\n<p><strong>3. S\u00fclh\u0259 haz\u0131rl\u0131q<\/strong><\/p>\n<p>\u201cAz\u0259rbaycan Respublikas\u0131 v\u0259 Erm\u0259nistan Respublikas\u0131 regionda \u00e7oxdan g\u00f6zl\u0259nil\u0259n s\u00fclh\u00fcn \u0259ld\u0259 olunmas\u0131 \u00fc\u00e7\u00fcn tarixi f\u00fcrs\u0259tin yarand\u0131\u011f\u0131 fikrini b\u00f6l\u00fc\u015f\u00fcr&#8221;, b\u0259yanatda deyilir.<\/p>\n<p>&#8220;\u0130ki \u00f6lk\u0259 m\u00fcnasib\u0259tl\u0259ri normalla\u015fd\u0131rmaq, suverenlik v\u0259 \u0259razi b\u00fct\u00f6vl\u00fcy\u00fc prinsipl\u0259rin\u0259 h\u00f6rm\u0259t \u0259sas\u0131nda s\u00fclh sazi\u015fin\u0259 nail olmaq niyy\u0259tini bir daha t\u0259sdiq edir\u201d, birg\u0259 b\u0259yanatda deyilir.<\/p>\n<p>Az\u0259rbaycan v\u0259 Erm\u0259nistan qar\u015f\u0131l\u0131ql\u0131 etimad yaratmaq \u00f6hd\u0259liyi g\u00f6t\u00fcrd\u00fckl\u0259rini d\u0259 b\u0259yan edibl\u0259r.<\/p>\n<p>Az\u0259rbaycan v\u0259 Erm\u0259nistan yax\u0131n g\u0259l\u0259c\u0259kd\u0259 \u0259lav\u0259 etimad quruculu\u011fu t\u0259dbirl\u0259rinin h\u0259yata ke\u00e7irilm\u0259si \u00fc\u00e7\u00fcn m\u00fczakir\u0259l\u0259ri davam etdir\u0259c\u0259kl\u0259r, b\u0259yanatda deyilir.<\/p>\n<p>T\u0259t\u0259rfl\u0259r beyn\u0259lxalq ictimaiyy\u0259ti &#8220;iki \u00f6lk\u0259nin qar\u015f\u0131l\u0131ql\u0131 etimad\u0131n yarad\u0131lmas\u0131na t\u00f6hf\u0259 ver\u0259c\u0259k, b\u00fct\u00fcn C\u0259nubi Qafqaz regionuna m\u00fcsb\u0259t t\u0259sir g\u00f6st\u0259r\u0259c\u0259k s\u0259yl\u0259rini d\u0259st\u0259kl\u0259m\u0259y\u0259&#8221; \u00e7a\u011f\u0131r\u0131blar.<\/p>\n<p><strong>Reaksiyalar<\/strong><\/p>\n<p>Sosial mediada \u00e7oxlu m\u00fcsb\u0259t reaksiyalar payla\u015f\u0131lmaqdad\u0131r. Sosial median\u0131n sad\u0259 az\u0259rbaycanl\u0131 v\u0259 erm\u0259ni istifad\u0259\u00e7il\u0259ri &#8220;s\u00fclh, s\u00fclh&#8221;, &#8220;alq\u0131\u015flan\u0131r&#8221; kimi \u015f\u0259rhl\u0259r payla\u015f\u0131blar.<\/p>\n<p><strong>AB\u015e v\u0259 Avropa \u0130ttifaq\u0131 da birg\u0259 b\u0259yanat\u0131 alq\u0131\u015flay\u0131r.<\/strong><\/p>\n<p>Avropa \u0130ttifaq\u0131 \u015euras\u0131 Prezidenti <strong>Charles Michel<\/strong>\u00a0 X sosial media hesab\u0131ndan Az\u0259rbaycan v\u0259 Erm\u0259nistan\u0131n birg\u0259 b\u0259yanat\u0131n\u0131 &#8220;b\u00f6y\u00fck ir\u0259lil\u0259yi\u015f&#8221; adland\u0131raraq, onu alq\u0131\u015flad\u0131\u011f\u0131n\u0131 bildirib.<\/p>\n<p>Charles Michel x\u00fcsusil\u0259 h\u0259rb\u00e7il\u0259rin azad edilm\u0259sini, t\u0259r\u0259fl\u0259r aras\u0131nda g\u00f6r\u00fcnm\u0259mi\u015f dialoq qurulmas\u0131ndan m\u0259mnunlu\u011funu ifad\u0259 edib.<\/p>\n<p>&#8220;T\u0259r\u0259fl\u0259r aras\u0131nda ikit\u0259r\u0259fli dialoqun qurulmas\u0131 v\u0259 d\u0259rinl\u0259\u015fdirilm\u0259si A\u0130-nin r\u0259hb\u0259rlik etdiyi Br\u00fcssel prosesinin \u0259sas m\u0259qs\u0259di idi. Bug\u00fcnki ir\u0259lil\u0259yi\u015f b\u00f6y\u00fck add\u0131md\u0131r&#8221;, &#8211; c\u0259nab Michel yaz\u0131b.\u00a0Avropa \u0130ttifaq\u0131 \u015euras\u0131 r\u0259hb\u0259ri &#8220;liderl\u0259ri tezlikl\u0259 s\u00fclh sazi\u015fi ba\u011flama\u011fa \u00e7a\u011f\u0131r\u0131b&#8221;.<\/p>\n<p>Avropa \u0130ttifaq\u0131n\u0131n xarici v\u0259 t\u0259hl\u00fck\u0259sizlik m\u0259s\u0259l\u0259l\u0259ri \u00fczr\u0259 ali n\u00fcmay\u0259nd\u0259si J<strong>osep Borrel<\/strong> t\u0259r\u0259fl\u0259rin bu davran\u0131\u015f\u0131n\u0131 &#8220;vacib siyasi add\u0131m&#8221; kimi d\u0259y\u0259rl\u0259ndirib.<\/p>\n<p>&#8220;AB\u015e Erm\u0259nistan v\u0259 Az\u0259rbaycan\u0131n 34 \u0259siri \u0259siri azad ed\u0259c\u0259yi il\u0259 ba\u011fl\u0131 birg\u0259 b\u0259yanat\u0131n\u0131 alq\u0131\u015flay\u0131r&#8221;, D\u00f6vl\u0259t Departamentinin s\u00f6z\u00e7\u00fcs\u00fc <strong>Matthew Miller<\/strong> X sosial media hesab\u0131nda yaz\u0131b.\u00a0Onun s\u00f6zl\u0259rin\u0259 g\u00f6r\u0259, bu, t\u0259r\u0259fl\u0259rin s\u00fclh sazi\u015fini ba\u015fa \u00e7atd\u0131rmaq v\u0259 m\u00fcnasib\u0259tl\u0259ri normalla\u015fd\u0131rma\u011fa \u00e7al\u0131\u015fd\u0131\u011f\u0131 vaxtda m\u00fch\u00fcm etimad\u0131n m\u00f6hk\u0259ml\u0259ndirilm\u0259si t\u0259dbiridir&#8221;.\u00a0AB\u015e r\u0259smisi h\u0259m\u00e7inin &#8220;Erm\u0259nistan-Az\u0259rbaycan s\u00fclh dan\u0131\u015f\u0131qlar\u0131n\u0131 d\u0259st\u0259kl\u0259m\u0259y\u0259 sadiq qald\u0131qlar\u0131n\u0131&#8221; da vur\u011fulay\u0131b.<\/p>\n<p>T\u0259hlil\u00e7il\u0259r d\u0259 \u00f6z fikirl\u0259rini yaz\u0131b. Beyn\u0259lxalq B\u00f6hran Qrupunun az\u0259rbaycanl\u0131 t\u0259hlil\u00e7isi <strong>Zaur \u015eiriyev<\/strong> X hesab\u0131nda yaz\u0131b ki, bu, Bak\u0131 v\u0259 Yerevan aras\u0131nda Br\u00fcssel, Washington v\u0259 Moskvan\u0131n i\u015ftirak\u0131 olmadan \u0259ld\u0259 edilmi\u015f ilk raz\u0131la\u015fmad\u0131r.\u00a0&#8220;\u018fn \u00f6n\u0259mlisi, bu, g\u00f6st\u0259rir ki, Bak\u0131 v\u0259 Yerevan dan\u0131\u015f\u0131b-raz\u0131la\u015fa bilir, bu, n\u00f6vb\u0259ti dan\u0131\u015f\u0131qlar\u0131n olaca\u011f\u0131na, h\u0259tta b\u0259lk\u0259 d\u0259, t\u0259dric\u0259n s\u00fclh raz\u0131la\u015fmas\u0131n\u0131n \u0259ld\u0259 edil\u0259c\u0259yin\u0259 v\u0259 iki \u00f6lk\u0259 aras\u0131nda m\u00fcnasib\u0259tl\u0259rin normalla\u015faca\u011f\u0131na \u00fcmid verir&#8221;, o yaz\u0131b.<\/p>\n<p>T\u0259hlil\u00e7i <strong>Fuad \u015eahbazov<\/strong> hesab edir ki, bu raz\u0131la\u015fma, Q\u0259rbin t\u0259sirinin Az\u0259rbaycan v\u0259 Erm\u0259nistan aras\u0131ndak\u0131 s\u00fclh prosesind\u0259 t\u0259n\u0259zz\u00fcl\u0259 u\u011frad\u0131\u011f\u0131 bir vaxtda \u0259ld\u0259 edilib. O xat\u0131rlad\u0131b ki, Bak\u0131 Erm\u0259nistan v\u0259 Az\u0259rbaycan aras\u0131nda vasit\u0259\u00e7isiz, ikit\u0259rfli s\u00fclh dan\u0131\u015f\u0131qlar\u0131na \u00fcst\u00fcnl\u00fck verir.\u00a0&#8220;Fevral ay\u0131na q\u0259d\u0259r daha m\u00fcsb\u0259t d\u0259yi\u015fikl\u0259r g\u00f6zl\u0259nilir&#8221;, &#8211; dey\u0259 o X hesab\u0131nda yaz\u0131b.<\/p>\n<p>BBC<\/p>\n","protected":false},"excerpt":{"rendered":"<p>Az\u0259rbaycan v\u0259 Erm\u0259nistan Sovet \u0130ttifaq\u0131 da\u011f\u0131landan v\u0259 Qaraba\u011f m\u00fcnaqi\u015f\u0259si ba\u015flayandan b\u0259ri ilk d\u0259f\u0259 birg\u0259 b\u0259yanat imzalay\u0131b. B\u0259yanat he\u00e7 bir vasit\u0259\u00e7i<\/p>\n","protected":false},"author":1,"featured_media":19673,"comment_status":"closed","ping_status":"closed","sticky":false,"template":"","format":"standard","meta":{"_jetpack_memberships_contains_paid_content":false,"footnotes":""},"categories":[29,36],"tags":[],"class_list":["post-19672","post","type-post","status-publish","format-standard","has-post-thumbnail","hentry","category-manset","category-siyast"],"aioseo_notices":[],"jetpack_featured_media_url":"https:\/\/basta2.com\/wp-content\/uploads\/2023\/12\/17e482f0-952e-11ee-8df3-1d2983d8814f.jpg","jetpack_sharing_enabled":true,"_links":{"self":[{"href":"https:\/\/basta2.com\/index.php?rest_route=\/wp\/v2\/posts\/19672","targetHints":{"allow":["GET"]}}],"collection":[{"href":"https:\/\/basta2.com\/index.php?rest_route=\/wp\/v2\/posts"}],"about":[{"href":"https:\/\/basta2.com\/index.php?rest_route=\/wp\/v2\/types\/post"}],"author":[{"embeddable":true,"href":"https:\/\/basta2.com\/index.php?rest_route=\/wp\/v2\/users\/1"}],"replies":[{"embeddable":true,"href":"https:\/\/basta2.com\/index.php?rest_route=%2Fwp%2Fv2%2Fcomments&post=19672"}],"version-history":[{"count":1,"href":"https:\/\/basta2.com\/index.php?rest_route=\/wp\/v2\/posts\/19672\/revisions"}],"predecessor-version":[{"id":19674,"href":"https:\/\/basta2.com\/index.php?rest_route=\/wp\/v2\/posts\/19672\/revisions\/19674"}],"wp:featuredmedia":[{"embeddable":true,"href":"https:\/\/basta2.com\/index.php?rest_route=\/wp\/v2\/media\/19673"}],"wp:attachment":[{"href":"https:\/\/basta2.com\/index.php?rest_route=%2Fwp%2Fv2%2Fmedia&parent=19672"}],"wp:term":[{"taxonomy":"category","embeddable":true,"href":"https:\/\/basta2.com\/index.php?rest_route=%2Fwp%2Fv2%2Fcategories&post=19672"},{"taxonomy":"post_tag","embeddable":true,"href":"https:\/\/basta2.com\/index.php?rest_route=%2Fwp%2Fv2%2Ftags&post=19672"}],"curies":[{"name":"wp","href":"https:\/\/api.w.org\/{rel}","templated":true}]}}