{"id":19692,"date":"2023-12-11T10:56:31","date_gmt":"2023-12-11T07:56:31","guid":{"rendered":"https:\/\/basta2.com\/?p=19692"},"modified":"2023-12-11T10:56:31","modified_gmt":"2023-12-11T07:56:31","slug":"q%c9%99zzanin-c%c9%99nubunda-sidd%c9%99tli-doyusl%c9%99r-davam-edir","status":"publish","type":"post","link":"https:\/\/basta2.com\/?p=19692","title":{"rendered":"Q\u0259zzan\u0131n c\u0259nubunda \u015fidd\u0259tli d\u00f6y\u00fc\u015fl\u0259r davam edir"},"content":{"rendered":"<p>Dekabr\u0131n 10-da Q\u0259zzan\u0131n c\u0259nubundak\u0131 Xan Yunis q\u0259s\u0259b\u0259sind\u0259 \u0130srail q\u00fcvv\u0259l\u0259ri il\u0259 H\u018fMAS miltantlar\u0131 aras\u0131nda \u015fidd\u0259tli d\u00f6y\u00fc\u015fl\u0259r davam edib.<\/p>\n<p>F\u0259l\u0259stinlil\u0259r\u0259 \u015fimaldak\u0131 d\u00f6y\u00fc\u015fl\u0259rd\u0259n qa\u00e7maq \u00fc\u00e7\u00fcn Q\u0259zzan\u0131n c\u0259nubuna t\u0259xliy\u0259 edilm\u0259l\u0259ri bildirilmi\u015fdi. \u0130ndi is\u0259 d\u00f6y\u00fc\u015fl\u0259r c\u0259nuba do\u011fru gedib.<\/p>\n<p>D\u00fcnya \u018frzaq Proqram\u0131n\u0131n direktor m\u00fcavini Karl Skaunun s\u00f6zl\u0259rin\u0259 g\u00f6r\u0259, Q\u0259zzada h\u0259r 10 n\u0259f\u0259rd\u0259n yaln\u0131z 9-u h\u0259r g\u00fcn yem\u0259k yey\u0259 bilir.<\/p>\n<p>\u0130srail ordusu h\u00fccumu davam etdirm\u0259li oldu\u011funu v\u0259 Q\u0259zza zola\u011f\u0131n\u0131n c\u0259nubundak\u0131 \u0259m\u0259liyyatlar\u0131n\u0131 geni\u015fl\u0259ndirdiyini bildirir.<\/p>\n<p>\u201cM\u00fclki v\u0259t\u0259nda\u015f \u00fc\u00e7\u00fcn ist\u0259nil\u0259n \u00f6l\u00fcm v\u0259 \u0259zab a\u011fr\u0131l\u0131d\u0131r, lakin bizim alternativimiz yoxdur\u201d, podpolkovnik Ri\u00e7ard Hekt dekabr\u0131n 9-da BBC-y\u0259 bildirib.<\/p>\n<p>Milli t\u0259hl\u00fck\u0259sizlik m\u00fc\u015faviri Tza\u00e7i Haneqbi deyib ki, \u0130srail q\u00fcvv\u0259l\u0259ri indiy\u0259d\u0259k \u0259n az\u0131 7 min H\u018fMAS militant\u0131n\u0131 \u00f6ld\u00fcr\u00fcb, lakin o, bu hesablamaya nec\u0259 nail olundu\u011funu a\u00e7\u0131qlamay\u0131b.<\/p>\n<p>Q\u0259zzan\u0131n H\u018fMAS-\u0131n idar\u0259 etdiyi s\u0259hiyy\u0259 nazirliyi bildirib ki, \u0130srailin Q\u0259zzan\u0131 vurmas\u0131 n\u0259tic\u0259sind\u0259 \u0259ks\u0259riyy\u0259ti qad\u0131n v\u0259 u\u015faq olmaqla 18 min\u0259 yax\u0131n insan h\u0259lak olub. Oktyabr\u0131n 7-d\u0259 silahl\u0131 qrupla\u015fman\u0131n \u0130srail\u0259 qar\u015f\u0131 1200 n\u0259f\u0259rin \u00f6l\u00fcm\u00fc il\u0259 n\u0259tic\u0259l\u0259n\u0259n terror h\u00fccumundan sonra \u0130srail H\u018fMAS-a m\u00fcharib\u0259 elan edib.<\/p>\n<p>Dekabr\u0131n 10-da \u00dcmumd\u00fcnya S\u0259hiyy\u0259 T\u0259\u015fkilat\u0131n\u0131n \u0130dar\u0259 Hey\u0259ti Q\u0259zzada sa\u011flaml\u0131q v\u0259ziyy\u0259tini m\u00fczakir\u0259 etm\u0259k \u00fc\u00e7\u00fcn toplan\u0131r.<\/p>\n<p>AB\u015e H\u018fMAS-a qar\u015f\u0131 m\u00fcbariz\u0259si \u00fc\u00e7\u00fcn \u0130sraili sursatla t\u0259min edir. Bayden administrasiyas\u0131 dekabr\u0131n 9-da bildirib ki, AB\u015e D\u00f6vl\u0259t Departamenti \u0130srail\u0259 106,5 milyon dollar d\u0259y\u0259rind\u0259 14,000 tank sursat\u0131n\u0131n t\u0259cili sat\u0131\u015f\u0131n\u0131 t\u0259sdiql\u0259yib.<\/p>\n","protected":false},"excerpt":{"rendered":"<p>Dekabr\u0131n 10-da Q\u0259zzan\u0131n c\u0259nubundak\u0131 Xan Yunis q\u0259s\u0259b\u0259sind\u0259 \u0130srail q\u00fcvv\u0259l\u0259ri il\u0259 H\u018fMAS miltantlar\u0131 aras\u0131nda \u015fidd\u0259tli d\u00f6y\u00fc\u015fl\u0259r davam edib. F\u0259l\u0259stinlil\u0259r\u0259 \u015fimaldak\u0131 d\u00f6y\u00fc\u015fl\u0259rd\u0259n<\/p>\n","protected":false},"author":1,"featured_media":19693,"comment_status":"closed","ping_status":"closed","sticky":false,"template":"","format":"standard","meta":{"_jetpack_memberships_contains_paid_content":false,"footnotes":""},"categories":[32,29],"tags":[],"class_list":["post-19692","post","type-post","status-publish","format-standard","has-post-thumbnail","hentry","category-dunya","category-manset"],"aioseo_notices":[],"jetpack_featured_media_url":"https:\/\/basta2.com\/wp-content\/uploads\/2023\/12\/qezza.jpg","jetpack_sharing_enabled":true,"_links":{"self":[{"href":"https:\/\/basta2.com\/index.php?rest_route=\/wp\/v2\/posts\/19692","targetHints":{"allow":["GET"]}}],"collection":[{"href":"https:\/\/basta2.com\/index.php?rest_route=\/wp\/v2\/posts"}],"about":[{"href":"https:\/\/basta2.com\/index.php?rest_route=\/wp\/v2\/types\/post"}],"author":[{"embeddable":true,"href":"https:\/\/basta2.com\/index.php?rest_route=\/wp\/v2\/users\/1"}],"replies":[{"embeddable":true,"href":"https:\/\/basta2.com\/index.php?rest_route=%2Fwp%2Fv2%2Fcomments&post=19692"}],"version-history":[{"count":1,"href":"https:\/\/basta2.com\/index.php?rest_route=\/wp\/v2\/posts\/19692\/revisions"}],"predecessor-version":[{"id":19694,"href":"https:\/\/basta2.com\/index.php?rest_route=\/wp\/v2\/posts\/19692\/revisions\/19694"}],"wp:featuredmedia":[{"embeddable":true,"href":"https:\/\/basta2.com\/index.php?rest_route=\/wp\/v2\/media\/19693"}],"wp:attachment":[{"href":"https:\/\/basta2.com\/index.php?rest_route=%2Fwp%2Fv2%2Fmedia&parent=19692"}],"wp:term":[{"taxonomy":"category","embeddable":true,"href":"https:\/\/basta2.com\/index.php?rest_route=%2Fwp%2Fv2%2Fcategories&post=19692"},{"taxonomy":"post_tag","embeddable":true,"href":"https:\/\/basta2.com\/index.php?rest_route=%2Fwp%2Fv2%2Ftags&post=19692"}],"curies":[{"name":"wp","href":"https:\/\/api.w.org\/{rel}","templated":true}]}}