{"id":19826,"date":"2023-12-22T19:38:10","date_gmt":"2023-12-22T16:38:10","guid":{"rendered":"https:\/\/basta2.com\/?p=19826"},"modified":"2023-12-22T19:38:10","modified_gmt":"2023-12-22T16:38:10","slug":"priqojinin-oldurulm%c9%99sini-patrusev-t%c9%99skil-edib-wsj","status":"publish","type":"post","link":"https:\/\/basta2.com\/?p=19826","title":{"rendered":"Priqojinin \u00f6ld\u00fcr\u00fclm\u0259sini Patru\u015fev t\u0259\u015fkil edib &#8211; WSJ"},"content":{"rendered":"<p>\u201cVaqner\u201d \u00f6z\u0259l h\u0259rbi \u015firk\u0259tinin yarad\u0131c\u0131s\u0131, i\u015f adam\u0131 Yevgeni Priqojin\u0259 qar\u015f\u0131 sui-q\u0259sdin t\u0259\u015fkilat\u00e7\u0131s\u0131 Rusiya T\u0259hl\u00fck\u0259sizlik \u015euras\u0131n\u0131n katibi Nikolay Paru\u015fev olub.<\/p>\n<p>Bu bar\u0259d\u0259 Amerikan\u0131n \u201cThe Wall Street Journal\u201d q\u0259zeti Q\u0259rb k\u0259\u015ffiyyat orqanlar\u0131n\u0131n anonim m\u0259nb\u0259l\u0259rin\u0259 istinad\u0259n yaz\u0131r.<\/p>\n<p>N\u0259\u015frin m\u0259lumat\u0131na g\u00f6r\u0259, Patru\u015fev 2022-ci ilin yay\u0131nda Rusiya prezidenti Vladimir Putin\u0259 Priqojinin artan t\u0259sir t\u0259hl\u00fck\u0259si bar\u0259d\u0259 x\u0259b\u0259rdarl\u0131q etm\u0259y\u0259 ba\u015flay\u0131b. Lakin prezident ona qulaq asmay\u0131b, \u00e7\u00fcnki Vaqnerin muzdlular\u0131, Kremlin hesab etdiyi kimi, Ukraynada d\u00f6y\u00fc\u015f meydan\u0131nda u\u011fur qazan\u0131rd\u0131lar. N\u0259\u015frin h\u0259ms\u00f6hb\u0259ti olan ke\u00e7mi\u015f rus k\u0259\u015ffiyyat\u00e7\u0131s\u0131n\u0131n s\u00f6zl\u0259rin\u0259 g\u00f6r\u0259, v\u0259ziyy\u0259t 2022-ci ilin oktyabr\u0131nda d\u0259yi\u015fib.<\/p>\n<p>M\u0259qal\u0259d\u0259 deyilir ki, 2023-c\u00fc ilin iyununda Priqojin i\u011fti\u015fa\u015flara ba\u015flayanda Patru\u015fev bunu n\u0259hay\u0259t Vaqnerin r\u0259hb\u0259rind\u0259n yaxa qurtarmaq \u00fc\u00e7\u00fcn bir f\u00fcrs\u0259t kimi g\u00f6r\u00fcb.<\/p>\n<p>N\u0259\u015fr iddia edir ki, Belarus prezidenti Aleksandr Luka\u015fenkonun vasit\u0259\u00e7iliyi il\u0259 muzdlular\u0131n Belarus \u0259razisin\u0259 k\u00f6\u00e7\u00fcr\u00fclm\u0259si bar\u0259d\u0259 raz\u0131l\u0131q \u0259ld\u0259 edildikd\u0259n sonra Patru\u015fev Priqojini \u00f6ld\u00fcrm\u0259k plan\u0131 haz\u0131rlama\u011fa ba\u015flay\u0131b.<\/p>\n<p>N\u0259\u015frin m\u0259nb\u0259l\u0259rinin m\u0259lumat\u0131na g\u00f6r\u0259, Putin planlarla tan\u0131\u015f olub v\u0259 etiraz etm\u0259yib. WSJ-nin h\u0259ms\u00f6hb\u0259tl\u0259rinin s\u00f6zl\u0259rin\u0259 g\u00f6r\u0259, avqustun 23-d\u0259 \u015eeremetyevo hava liman\u0131nda Vaqner qrupunun yarad\u0131c\u0131s\u0131n\u0131n istifad\u0259 etdiyi \u015f\u0259xsi t\u0259yyar\u0259nin qanad\u0131 alt\u0131na ki\u00e7ik bomba qoyulub.<\/p>\n<p><strong>Basta<\/strong><\/p>\n","protected":false},"excerpt":{"rendered":"<p>\u201cVaqner\u201d \u00f6z\u0259l h\u0259rbi \u015firk\u0259tinin yarad\u0131c\u0131s\u0131, i\u015f adam\u0131 Yevgeni Priqojin\u0259 qar\u015f\u0131 sui-q\u0259sdin t\u0259\u015fkilat\u00e7\u0131s\u0131 Rusiya T\u0259hl\u00fck\u0259sizlik \u015euras\u0131n\u0131n katibi Nikolay Paru\u015fev olub. Bu<\/p>\n","protected":false},"author":1,"featured_media":19827,"comment_status":"closed","ping_status":"closed","sticky":false,"template":"","format":"standard","meta":{"_jetpack_memberships_contains_paid_content":false,"footnotes":""},"categories":[32,29],"tags":[],"class_list":["post-19826","post","type-post","status-publish","format-standard","has-post-thumbnail","hentry","category-dunya","category-manset"],"aioseo_notices":[],"jetpack_featured_media_url":"https:\/\/basta2.com\/wp-content\/uploads\/2023\/12\/priqojin-2.jpg","jetpack_sharing_enabled":true,"_links":{"self":[{"href":"https:\/\/basta2.com\/index.php?rest_route=\/wp\/v2\/posts\/19826","targetHints":{"allow":["GET"]}}],"collection":[{"href":"https:\/\/basta2.com\/index.php?rest_route=\/wp\/v2\/posts"}],"about":[{"href":"https:\/\/basta2.com\/index.php?rest_route=\/wp\/v2\/types\/post"}],"author":[{"embeddable":true,"href":"https:\/\/basta2.com\/index.php?rest_route=\/wp\/v2\/users\/1"}],"replies":[{"embeddable":true,"href":"https:\/\/basta2.com\/index.php?rest_route=%2Fwp%2Fv2%2Fcomments&post=19826"}],"version-history":[{"count":1,"href":"https:\/\/basta2.com\/index.php?rest_route=\/wp\/v2\/posts\/19826\/revisions"}],"predecessor-version":[{"id":19828,"href":"https:\/\/basta2.com\/index.php?rest_route=\/wp\/v2\/posts\/19826\/revisions\/19828"}],"wp:featuredmedia":[{"embeddable":true,"href":"https:\/\/basta2.com\/index.php?rest_route=\/wp\/v2\/media\/19827"}],"wp:attachment":[{"href":"https:\/\/basta2.com\/index.php?rest_route=%2Fwp%2Fv2%2Fmedia&parent=19826"}],"wp:term":[{"taxonomy":"category","embeddable":true,"href":"https:\/\/basta2.com\/index.php?rest_route=%2Fwp%2Fv2%2Fcategories&post=19826"},{"taxonomy":"post_tag","embeddable":true,"href":"https:\/\/basta2.com\/index.php?rest_route=%2Fwp%2Fv2%2Ftags&post=19826"}],"curies":[{"name":"wp","href":"https:\/\/api.w.org\/{rel}","templated":true}]}}