{"id":20075,"date":"2024-01-18T15:11:17","date_gmt":"2024-01-18T12:11:17","guid":{"rendered":"https:\/\/basta2.com\/?p=20075"},"modified":"2024-01-18T15:29:41","modified_gmt":"2024-01-18T12:29:41","slug":"avropa-m%c9%99hk%c9%99m%c9%99si-musavatin-sikay%c9%99tini-t%c9%99min-etdi","status":"publish","type":"post","link":"https:\/\/basta2.com\/?p=20075","title":{"rendered":"Avropa M\u0259hk\u0259m\u0259si M\u00fcsavat Partiyas\u0131n\u0131n iki \u0259riz\u0259sini t\u0259min etdi"},"content":{"rendered":"<p><span style=\"font-family: 'times new roman', times, serif; font-size: 14pt;\">Yanvar\u0131n 18-d\u0259 Avropa \u0130nsan H\u00fcquqlar\u0131\u00a0 M\u0259hk\u0259m\u0259si Az\u0259rbaycanla ba\u011fl\u0131 30 \u0259riz\u0259 \u00fczr\u0259 11 q\u0259rar v\u0259 q\u0259rardad\u0131 elan edib. Bu bar\u0259d\u0259 Turan-a h\u00fcquq\u015f\u00fcnas Xalid A\u011fal\u0131yev\u00a0 bildirib. Onun s\u00f6zl\u0259rin\u0259 g\u00f6r\u0259,\u00a0 h\u00f6kum\u0259t \u0259riz\u0259\u00e7il\u0259rin ham\u0131s\u0131na t\u0259zminat \u00f6d\u0259y\u0259c\u0259k.<\/span><\/p>\n<p><span style=\"font-family: 'times new roman', times, serif; font-size: 14pt;\">Blogerl\u0259r Emin Milli v\u0259 Adnan Hac\u0131zad\u0259nin azadl\u0131qdan m\u0259hrum edilm\u0259sind\u0259n 14 il \u0259vv\u0259l verilmi\u015f \u015fikay\u0259t \u00fczr\u0259 m\u0259hk\u0259m\u0259 bu i\u015fd\u0259 azadl\u0131q v\u0259 toxunulmazl\u0131q, \u0259dal\u0259tli m\u0259hk\u0259m\u0259 ara\u015fd\u0131rmas\u0131 h\u00fcququnun pozuntusunu tan\u0131y\u0131b. Avropa \u0130nsan H\u00fcquqlar\u0131\u00a0 M\u0259hk\u0259m\u0259si bu i\u015fd\u0259 h\u0259r iki \u0259riz\u0259\u00e7iy\u0259 m\u00fcnasib\u0259td\u0259 azadl\u0131q v\u0259 toxunulmazl\u0131q (Konvensiyan\u0131n 5.3-c\u00fc madd\u0259si), habel\u0259 \u0259dal\u0259tli m\u0259hk\u0259m\u0259 ara\u015fd\u0131rmas\u0131 (Konvensiyan\u0131n 6.1-ci madd\u0259si) h\u00fcquqlar\u0131n\u0131n pozulmas\u0131na q\u0259rar verib. H\u00f6kum\u0259t \u0259riz\u0259\u00e7il\u0259rin h\u0259r birin\u0259 4700 avro t\u0259zminat \u00f6d\u0259m\u0259lidir. Q\u0259rarlar h\u0259m\u00e7inin h\u00f6kum\u0259tin 10-dan art\u0131lq m\u00fcxalif f\u0259ala, el\u0259c\u0259 d\u0259 M\u00fcsavat Partiyas\u0131na, h\u00fcquq m\u00fcdafi\u0259\u00e7isi R\u00fcf\u0259t S\u0259f\u0259rova t\u0259zminat \u00f6d\u0259m\u0259sini n\u0259z\u0259rd\u0259 tutulub.<\/span><\/p>\n<p><span style=\"font-family: 'times new roman', times, serif; font-size: 14pt;\">\u201cEld\u0259niz Hac\u0131yev v\u0259 Salman Abdullayev Az\u0259rbaycana qar\u015f\u0131\u201d i\u015fd\u0259 \u0259riz\u0259\u00e7il\u0259r islam t\u0259may\u00fcll\u00fc nur\u00e7u t\u0259riq\u0259tinin \u00fczvl\u0259ri idi. \u018friz\u0259\u00e7il\u0259r \u015f\u0259xsi evl\u0259rd\u0259 dini y\u0131\u011f\u0131ncaq t\u0259\u015fkil etdikl\u0259rin\u0259 g\u00f6r\u0259 saxlan\u0131lm\u0131\u015f, ard\u0131nca, inzibati qaydada m\u0259suliyy\u0259t\u0259 (1500 AZN c\u0259rim\u0259) c\u0259lb olunmu\u015fdular. Onlar\u0131n c\u0259zaland\u0131r\u0131lmalar\u0131 dini y\u0131\u011f\u0131ncaq \u00fc\u00e7\u00fcn m\u00fcvafiq orqanlardan \u0259vv\u0259lc\u0259d\u0259n icaz\u0259 almamalar\u0131 il\u0259 \u0259sasland\u0131r\u0131lm\u0131\u015fd\u0131. Konvensiyan\u0131n 5, 6 v\u0259 9-cu madd\u0259l\u0259rin\u0259 \u0259saslanan \u0259riz\u0259\u00e7il\u0259r iddia edirdil\u0259r ki, onlar\u0131n saxlan\u0131lmas\u0131 v\u0259 inzibati qaydada m\u00fchakim\u0259 olunmalar\u0131, azadl\u0131q v\u0259 toxunulmazl\u0131q, \u0259dal\u0259tli m\u0259hk\u0259m\u0259 ara\u015fd\u0131rmas\u0131 v\u0259 dini etiqad azadl\u0131\u011f\u0131 h\u00fcquqlar\u0131n\u0131 pozub.<\/span><\/p>\n<p><span style=\"font-family: 'times new roman', times, serif; font-size: 14pt;\">Bu i\u015fd\u0259 t\u0259r\u0259fl\u0259r dostca anla\u015f\u0131blar. Avropa \u0130nsan H\u00fcquqlar\u0131\u00a0 M\u0259hk\u0259m\u0259sinin h\u0259min anla\u015fmaya \u0259saslanan q\u0259rardad\u0131na g\u00f6r\u0259, h\u00f6kum\u0259t \u0259riz\u0259\u00e7il\u0259rin h\u0259r birin\u0259 m\u0259n\u0259vi z\u0259r\u0259r\u0259 \u0259v\u0259zi 3800, h\u00fcquqi x\u0259rcl\u0259r\u0259 g\u00f6r\u0259 600 avro \u00f6d\u0259m\u0259lidir.<\/span><\/p>\n<p><span style=\"font-family: 'times new roman', times, serif; font-size: 14pt;\">\u201cAyg\u00fcn Mahmudova Az\u0259rbaycana qar\u015f\u0131\u201d i\u015fi \u00fczr\u0259\u00a0 \u0259riz\u0259\u00e7i xan\u0131m Ayg\u00fcn Mahmudova Bak\u0131da qeyri-ya\u015fay\u0131\u015f binas\u0131n\u0131n tikildiyi torpaq sah\u0259sin\u0259 sahib olub. Sonradan h\u0259min bina s\u00f6k\u00fcl\u00fcb v\u0259 yeni bina in\u015fa edilm\u0259sin\u0259 ba\u015flan\u0131l\u0131b. \u018friz\u0259\u00e7i bunun qanunsuzlu\u011funu m\u0259hk\u0259m\u0259d\u0259 m\u00fcbahis\u0259l\u0259ndirs\u0259 d\u0259 birinci instansiya m\u0259hk\u0259m\u0259si onun \u015fikay\u0259tini r\u0259dd edib. Apellyasiya instansiyas\u0131 is\u0259 \u0259riz\u0259\u00e7inin \u015fikay\u0259tini qism\u0259n t\u0259min edib, bel\u0259 q\u0259rara g\u0259lib ki, tikinti i\u015fi etibarl\u0131 olmayan etibarnam\u0259 \u0259sas\u0131nda apar\u0131l\u0131b. \u018friz\u0259\u00e7inin h\u0259min q\u0259rardan kassasiya \u015fikay\u0259ti is\u0259 r\u0259dd edilib.<\/span><\/p>\n<p><span style=\"font-family: 'times new roman', times, serif; font-size: 14pt;\">\u018friz\u0259\u00e7i Konvensiyan\u0131n 6-c\u0131 madd\u0259sinin 1-ci b\u0259ndin\u0259 v\u0259 1 sayl\u0131 Protokolun 1-ci madd\u0259sin\u0259 \u0259saslanaraq, onun m\u00fclkiyy\u0259t h\u00fcququnun qanunsuz olaraq \u0259lind\u0259n al\u0131nmas\u0131ndan, d\u00f6vl\u0259tin onun m\u00fclkiyy\u0259t h\u00fcququnu m\u00fcdafi\u0259 etm\u0259m\u0259sind\u0259n \u015fikay\u0259t edirdi.<\/span><\/p>\n<p><span style=\"font-family: 'times new roman', times, serif; font-size: 14pt;\">Avropa \u0130nsan H\u00fcquqlar\u0131\u00a0 M\u0259hk\u0259m\u0259si bu i\u015fd\u0259 \u0259dal\u0259tli m\u0259hk\u0259m\u0259 ara\u015fd\u0131rmas\u0131 h\u00fcququnun pozulmas\u0131na q\u0259rar verib. Q\u0259rara g\u00f6r\u0259, h\u00f6kum\u0259t \u0259riz\u0259\u00e7iy\u0259 4000 avro m\u0259n\u0259vi z\u0259r\u0259r, 230 avro x\u0259rc v\u0259 m\u0259sr\u0259f \u0259v\u0259zi \u00f6d\u0259m\u0259lidir.<\/span><\/p>\n<p><span style=\"font-family: 'times new roman', times, serif; font-size: 14pt;\">\u201c\u0130lqar M\u0259mm\u0259dov v\u0259 ba\u015fqalar\u0131 Az\u0259rbaycana qar\u015f\u0131\u201d i\u015fi \u0259riz\u0259\u00e7il\u0259rin saxlan\u0131lmas\u0131 v\u0259 inzibati qaydada h\u0259bs edilm\u0259sil\u0259 ba\u011fl\u0131d\u0131r.\u00a0Bu i\u015fd\u0259 b\u00fct\u00fcn \u0259riz\u0259\u00e7il\u0259r\u0259 (\u0130lqar M\u0259mm\u0259dov v\u0259 AXCP \u00fczvl\u0259ri Amil M\u0259mm\u0259dzad\u0259, \u0130slam H\u0259s\u0259nov, Samir H\u0259s\u0259nov, Vasif M\u00fcz\u0259ff\u0259rov) m\u00fcnasib\u0259td\u0259 \u0259dal\u0259tli m\u0259hk\u0259m\u0259 ara\u015fd\u0131rmas\u0131 h\u00fcququnun pozuntusu tan\u0131n\u0131b. H\u00f6kum\u0259t \u0259riz\u0259\u00e7il\u0259rin h\u0259r birin\u0259 1000 avro m\u0259n\u0259vi z\u0259r\u0259r, 250 avro x\u0259rc v\u0259 m\u0259sr\u0259f \u0259v\u0259zi \u00f6d\u0259m\u0259lidir.<\/span><\/p>\n<p><span style=\"font-family: 'times new roman', times, serif; font-size: 14pt;\">\u201cR\u00fcf\u0259t S\u0259f\u0259rov Az\u0259rbaycana qar\u015f\u0131\u201d i\u015fi ictimai toplant\u0131lar\u0131n t\u0259\u015fkilat\u00e7\u0131lar\u0131na v\u0259 i\u015ftirak\u00e7\u0131lar\u0131na qar\u015f\u0131 qanunsuz v\u0259 ya qeyri-m\u00fct\u0259nasib t\u0259dbirl\u0259rin t\u0259tbiqi v\u0259 \u0259riz\u0259\u00e7i bar\u0259sind\u0259 inzibati icraat\u0131n \u0259dal\u0259tsizliyi iddialar\u0131 il\u0259 ba\u011fl\u0131 idi. \u018friz\u0259\u00e7i Konvensiyan\u0131n 11 v\u0259 6-c\u0131 madd\u0259l\u0259rinin pozuntusunu m\u00fcbahis\u0259l\u0259ndirmi\u015fdi.<\/span><\/p>\n<p><span style=\"font-family: 'times new roman', times, serif; font-size: 14pt;\">Avropa \u0130nsan H\u00fcquqlar\u0131\u00a0 M\u0259hk\u0259m\u0259sinin bu i\u015f \u00fczr\u0259 q\u0259rardad\u0131 h\u00f6kum\u0259tin iddia olunan pozuntular\u0131n etiraf edildiyi t\u0259kt\u0259r\u0259fli b\u0259yannam\u0259y\u0259 \u0259saslan\u0131r. Q\u0259rardada g\u00f6r\u0259, h\u00f6kum\u0259t \u0259riz\u0259\u00e7iy\u0259 m\u0259n\u0259vi z\u0259r\u0259r \u0259v\u0259zi 2600 avro, h\u00fcquqi x\u0259rcl\u0259r \u0259v\u0259zi 250 avro \u00f6d\u0259m\u0259lidir.<\/span><\/p>\n<p><span style=\"font-family: 'times new roman', times, serif; font-size: 14pt;\">\u201cM\u0259h\u0259mm\u0259d Ba\u011f\u0131rov Az\u0259rbaycana qar\u015f\u0131\u201d\u00a0 i\u015fi \u0259riz\u0259\u00e7inin m\u0259hk\u0259m\u0259y\u0259 q\u0259d\u0259r h\u0259bsinin, el\u0259c\u0259 d\u0259 m\u0259hk\u0259m\u0259 prosesi zaman\u0131 metal q\u0259f\u0259sd\u0259 saxlan\u0131lmas\u0131n\u0131n qanunsuzlu\u011fu il\u0259 ba\u011fl\u0131 idi. M\u0259hk\u0259m\u0259y\u0259 q\u0259d\u0259r h\u0259bs edil\u0259n v\u0259 h\u0259bs m\u00fcdd\u0259ti bir ne\u00e7\u0259 d\u0259f\u0259 uzad\u0131lan \u0259riz\u0259\u00e7i Avropa \u0130nsan H\u00fcquqlar\u0131\u00a0 M\u0259hk\u0259m\u0259sinin qar\u015f\u0131s\u0131nda iddia edirdi ki, h\u0259bsd\u0259 saxlan\u0131lmas\u0131 \u00fc\u00e7\u00fcn h\u0259r hans\u0131 uy\u011fun v\u0259 yet\u0259rli \u0259saslar m\u00f6vcud olmay\u0131b. \u018friz\u0259\u00e7i h\u0259m\u00e7inin, m\u0259hk\u0259m\u0259 zallar\u0131nda metal q\u0259f\u0259sl\u0259r\u0259 yerl\u0259\u015fdirilm\u0259sinin onun Konvensiyan\u0131n 3-c\u00fc madd\u0259si il\u0259 t\u0259minat alt\u0131na al\u0131nan haqlar\u0131n\u0131 pozdu\u011funu iddia edirdi.<\/span><\/p>\n<p><span style=\"font-family: 'times new roman', times, serif; font-size: 14pt;\">Bu i\u015fd\u0259 t\u0259r\u0259fl\u0259r dostca anla\u015f\u0131blar. Avropa \u0130nsan H\u00fcquqlar\u0131\u00a0 M\u0259hk\u0259m\u0259sinin h\u0259min anla\u015fmaya \u0259saslanan q\u0259rardad\u0131na g\u00f6r\u0259, h\u00f6kum\u0259t \u0259riz\u0259\u00e7iy\u0259 m\u0259n\u0259vi z\u0259r\u0259r \u0259v\u0259zi 3500 avro, h\u00fcquqi x\u0259rcl\u0259r \u0259v\u0259zi 1250 avro \u00f6d\u0259m\u0259lidir.<\/span><\/p>\n<p><span style=\"font-family: 'times new roman', times, serif; font-size: 14pt;\">A\u0130HM M\u00fcsavat Partiyas\u0131n\u0131n dinc toplant\u0131lar\u0131n ke\u00e7irilm\u0259sin\u0259 icaz\u0259 verilm\u0259m\u0259si, k\u00fctl\u0259vi t\u0259dbirl\u0259ri\u0259 dig\u0259r m\u0259hdudiyy\u0259tl\u0259rin t\u0259tbiqinin qanunsuzlu\u011fu il\u0259 ba\u011fl\u0131 iddialar\u0131n\u0131 t\u0259min edib. \u018friz\u0259\u00e7i partiya Konvensiyan\u0131n 11-ci v\u0259 13-c\u00fc madd\u0259l\u0259rinin pozuntusunu m\u00fcbahis\u0259l\u0259ndirmi\u015fdi. Avropa M\u0259hk\u0259m\u0259sinin bu i\u015f \u00fczr\u0259 q\u0259rardad\u0131 h\u00f6kum\u0259tin iddia olunan pozuntular\u0131 etiraf etdiyi t\u0259kt\u0259r\u0259fli b\u0259yannam\u0259y\u0259 \u0259saslan\u0131r. Q\u0259rardada g\u00f6r\u0259, h\u00f6kum\u0259t M\u00fcsavat Partiyas\u0131na 3000, onun t\u0259msil\u00e7isi v\u0259kil Nem\u0259t K\u0259rimliy\u0259 is\u0259 is\u0259 500 avro \u00f6d\u0259m\u0259lidir.<\/span><\/p>\n<p><span style=\"font-family: 'times new roman', times, serif; font-size: 14pt;\">\u201cNadirli v\u0259 ba\u015fqalar\u0131 (5) Az\u0259rbaycana qar\u015f\u0131\u201d\u00a0 i\u015fi ictimai toplant\u0131lar\u0131n t\u0259\u015fkilat\u00e7\u0131lar\u0131na v\u0259 i\u015ftirak\u00e7\u0131lar\u0131na qar\u015f\u0131 qanunsuz v\u0259 ya qeyri-m\u00fct\u0259nasib t\u0259dbirl\u0259rin t\u0259tbiqi v\u0259 \u0259riz\u0259\u00e7il\u0259r bar\u0259sind\u0259 inzibati icraat\u0131n \u0259dal\u0259tsizliyi iddialar\u0131 il\u0259 ba\u011fl\u0131 idi. \u018friz\u0259\u00e7il\u0259r Konvensiyan\u0131n 11 v\u0259 6-c\u0131 madd\u0259l\u0259rinin pozuntusunu m\u00fcbahis\u0259l\u0259ndirmi\u015fdi.<\/span><\/p>\n<p><span style=\"font-family: 'times new roman', times, serif; font-size: 14pt;\">Bu i\u015fd\u0259 h\u00f6kum\u0259t iddia olunan pzountular\u0131 etiraf ed\u0259r\u0259k, Avropa \u0130nsan H\u00fcquqlar\u0131\u00a0 M\u0259hk\u0259m\u0259sin\u0259 t\u0259kt\u0259r\u0259fli b\u0259yannam\u0259 t\u0259qdim edib. Avropa \u0130nsan H\u00fcquqlar\u0131\u00a0 M\u0259hk\u0259m\u0259sinin q\u0259rardad\u0131na g\u00f6r\u0259, h\u00f6kum\u0259t 6 \u0259riz\u0259\u00e7inin (\u0130smay\u0131l Nadirli, M\u00fct\u00fc T\u00fcrksoy, Qo\u015fqar \u018fhm\u0259dov, B\u0259xtiyar M\u0259mm\u0259dli, Orxan M\u0259mm\u0259dov v\u0259 Ya\u015far Xaspoladiv) h\u0259r birin\u0259 m\u0259n\u0259vi z\u0259r\u0259r \u0259v\u0259zi 2600 avro, h\u00fcquqi x\u0259rc \u0259v\u0259zi 250 avro \u00f6d\u0259m\u0259lidir. \u201cM\u0259mm\u0259dov v\u0259 ba\u015fqalar\u0131 (7) Az\u0259rbaycana qar\u015f\u0131\u201d i\u015fi \u0259riz\u0259\u00e7il\u0259r bar\u0259sind\u0259 inzibati icraat\u0131n \u0259dal\u0259tsizliyi iddialar\u0131 il\u0259 ba\u011fl\u0131 idi. \u018friz\u0259\u00e7il\u0259r Konvensiyan\u0131n 6-c\u0131 madd\u0259sinin pozuntusunu m\u00fcbahis\u0259l\u0259ndirmi\u015fdi.<\/span><\/p>\n<p><span style=\"font-family: 'times new roman', times, serif; font-size: 14pt;\">Bu i\u015fd\u0259 h\u00f6kum\u0259t iddia olunan pzountular\u0131 etiraf edib, \u0259riz\u0259\u00e7il\u0259r\u0259 t\u0259zminat \u00f6dm\u0259yi t\u0259klif edib. Avropa \u0130nsan H\u00fcquqlar\u0131\u00a0 M\u0259hk\u0259m\u0259sinin q\u0259rardad\u0131na g\u00f6r\u0259, h\u00f6kum\u0259t 8 \u0259riz\u0259\u00e7inin (A.M\u0259mm\u0259dov, C\u0259mil Hac\u0131yev, Zahir M\u0259mm\u0259dov, M\u00fcbariz Abdulk\u0259rimov, Azad Mahmudov, Ruslan \u018fmirov, Murad Xamm\u0259dov, V\u00fcqar Cabbarl\u0131) h\u0259r birin\u0259 1000 avro m\u0259n\u0259vi z\u0259r\u0259r \u0259v\u0259zi \u00f6d\u0259m\u0259lidir. 6 i\u015fd\u0259 h\u0259r bir \u0259riz\u0259\u00e7iy\u0259 250 avro h\u00fcquqi x\u0259rc \u0259v\u0259zi \u00f6d\u0259nilm\u0259lidir.<\/span><\/p>\n<p><span style=\"font-family: 'times new roman', times, serif; font-size: 14pt;\">\u201c\u0130smay\u0131lzad\u0259 Az\u0259rbaycana qar\u015f\u0131\u201d i\u015find\u0259 is\u0259\u00a0 \u0259riz\u0259\u00e7i Leyla Miryaqub q\u0131z\u0131 \u0130smay\u0131lzad\u0259nin yeni do\u011fulmu\u015f \u00f6vlad\u0131 \u00fc\u00e7\u00fcn se\u00e7diyi ad\u0131 d\u00f6vl\u0259t orqanlar\u0131n\u0131n qeydiyyata almaqdan imtina etm\u0259sil\u0259 ba\u011fl\u0131 idi. \u018friz\u0259\u00e7i bir ne\u00e7\u0259 d\u0259f\u0259 o\u011fluna verdiyi \u018fb\u00fclf\u0259zlabbas ad\u0131n\u0131n v\u0259 h\u0259min ad\u0131n m\u00fcxt\u0259lif versiyalar\u0131n\u0131n qeydiyyata al\u0131nmas\u0131 \u00fc\u00e7\u00fcn m\u00fcraci\u0259t edib, amma bu m\u00fcraci\u0259tl\u0259ri u\u011fursuz olub. Qeydiyyat qurumu qeyd edil\u0259n ad\u0131n Az\u0259rbaycan Milli Elml\u0259r Akademiyas\u0131n\u0131n t\u0259sdiq etdiyi siyah\u0131da olmamas\u0131 \u0259sas\u0131 il\u0259 buna icaz\u0259 verm\u0259yib. Yerli m\u0259hk\u0259m\u0259l\u0259r bu yana\u015fman\u0131 haql\u0131 say\u0131b, eyni zamanda qeyd edil\u0259n adlar\u0131n t\u0259l\u0259ff\u00fcz problem yaradaca\u011f\u0131 s\u0259b\u0259bind\u0259n yeni do\u011fulmu\u015f k\u00f6rp\u0259nin \u00fcst\u00fcn maraqlar\u0131na uy\u011fun olmayaca\u011f\u0131n\u0131 ifad\u0259 edib.<\/span><\/p>\n<p><span style=\"font-family: 'times new roman', times, serif; font-size: 14pt;\">\u018friz\u0259\u00e7i Konvensiyan\u0131n 8-ci madd\u0259sin\u0259 (\u015f\u0259xsi v\u0259 ail\u0259 h\u0259yat\u0131na h\u00f6rm\u0259t h\u00fcququ) \u0259saslanaraq, o\u011fluna se\u00e7diyi ad\u0131n qeyd\u0259 al\u0131nmas\u0131ndan imtina edilm\u0259sinin qanunsuzlu\u011fundan \u015fikay\u0259t edirdi.<\/span><\/p>\n<p><span style=\"font-family: 'times new roman', times, serif; font-size: 14pt;\">Bu i\u015fd\u0259 Avropa \u0130nsan H\u00fcquqlar\u0131\u00a0 M\u0259hk\u0259m\u0259si A\u0130HM Konvensiyan\u0131n 8-ci madd\u0259sinin pozulmad\u0131\u011f\u0131na q\u0259rar verib.<\/span><\/p>\n","protected":false},"excerpt":{"rendered":"<p>Yanvar\u0131n 18-d\u0259 Avropa \u0130nsan H\u00fcquqlar\u0131\u00a0 M\u0259hk\u0259m\u0259si Az\u0259rbaycanla ba\u011fl\u0131 30 \u0259riz\u0259 \u00fczr\u0259 11 q\u0259rar v\u0259 q\u0259rardad\u0131 elan edib. Bu bar\u0259d\u0259 Turan-a<\/p>\n","protected":false},"author":1,"featured_media":2259,"comment_status":"closed","ping_status":"closed","sticky":false,"template":"","format":"standard","meta":{"_jetpack_memberships_contains_paid_content":false,"footnotes":""},"categories":[29,36],"tags":[],"class_list":["post-20075","post","type-post","status-publish","format-standard","has-post-thumbnail","hentry","category-manset","category-siyast"],"aioseo_notices":[],"jetpack_featured_media_url":"https:\/\/basta2.com\/wp-content\/uploads\/2020\/09\/avropamehkemesi.jpg","jetpack_sharing_enabled":true,"_links":{"self":[{"href":"https:\/\/basta2.com\/index.php?rest_route=\/wp\/v2\/posts\/20075","targetHints":{"allow":["GET"]}}],"collection":[{"href":"https:\/\/basta2.com\/index.php?rest_route=\/wp\/v2\/posts"}],"about":[{"href":"https:\/\/basta2.com\/index.php?rest_route=\/wp\/v2\/types\/post"}],"author":[{"embeddable":true,"href":"https:\/\/basta2.com\/index.php?rest_route=\/wp\/v2\/users\/1"}],"replies":[{"embeddable":true,"href":"https:\/\/basta2.com\/index.php?rest_route=%2Fwp%2Fv2%2Fcomments&post=20075"}],"version-history":[{"count":4,"href":"https:\/\/basta2.com\/index.php?rest_route=\/wp\/v2\/posts\/20075\/revisions"}],"predecessor-version":[{"id":20079,"href":"https:\/\/basta2.com\/index.php?rest_route=\/wp\/v2\/posts\/20075\/revisions\/20079"}],"wp:featuredmedia":[{"embeddable":true,"href":"https:\/\/basta2.com\/index.php?rest_route=\/wp\/v2\/media\/2259"}],"wp:attachment":[{"href":"https:\/\/basta2.com\/index.php?rest_route=%2Fwp%2Fv2%2Fmedia&parent=20075"}],"wp:term":[{"taxonomy":"category","embeddable":true,"href":"https:\/\/basta2.com\/index.php?rest_route=%2Fwp%2Fv2%2Fcategories&post=20075"},{"taxonomy":"post_tag","embeddable":true,"href":"https:\/\/basta2.com\/index.php?rest_route=%2Fwp%2Fv2%2Ftags&post=20075"}],"curies":[{"name":"wp","href":"https:\/\/api.w.org\/{rel}","templated":true}]}}