{"id":20597,"date":"2024-03-14T18:58:36","date_gmt":"2024-03-14T15:58:36","guid":{"rendered":"https:\/\/basta2.com\/?p=20597"},"modified":"2024-03-14T18:59:10","modified_gmt":"2024-03-14T15:59:10","slug":"x%c9%99dic%c9%99-ismayil-polis%c9%99-cagirildi","status":"publish","type":"post","link":"https:\/\/basta2.com\/?p=20597","title":{"rendered":"X\u0259dic\u0259 \u0130smay\u0131l polis\u0259 \u00e7a\u011f\u0131r\u0131ld\u0131"},"content":{"rendered":"<p>\u201cToplum\u201d TV-nin ba\u015f redaktoru\u00a0<strong>X\u0259dic\u0259 \u0130smay\u0131l<\/strong> mart\u0131n 14-d\u0259 Bak\u0131 \u015e\u0259h\u0259r Ba\u015f Polis \u0130dar\u0259sin\u0259 \u00e7a\u011f\u0131r\u0131l\u0131b.<\/p>\n<p>O, ax\u015fam saatlar\u0131nda idar\u0259d\u0259n \u00e7\u0131xark\u0259n bildirib ki, Az\u0259rbaycan Konstitusiyas\u0131n\u0131n 66-c\u0131 madd\u0259si v\u0259 Cinay\u0259t Prosessual M\u0259c\u0259ll\u0259sind\u0259n yararlanaarq ifad\u0259 verm\u0259kd\u0259n imtina edib:<\/p>\n<p><strong>&#8220;M\u0259n suallar\u0131n q\u0259r\u0259zli oldu\u011funu anlayanda bu imkandan istifad\u0259 etdim&#8221;.<\/strong><\/p>\n<p>X.\u0130smay\u0131l n\u00f6vb\u0259ti d\u0259f\u0259 polis\u0259 \u00e7a\u011f\u0131r\u0131l\u0131b-\u00e7a\u011f\u0131r\u0131lmayaca\u011f\u0131 bar\u0259d\u0259 ona he\u00e7 n\u0259 deyilm\u0259diyini qeyd edib.<\/p>\n<p>Onun bu a\u00e7\u0131qlamas\u0131na, h\u0259l\u0259lik, Bak\u0131 \u015e\u0259h\u0259r Ba\u015f Polis \u0130dar\u0259sind\u0259n m\u00fcnasib\u0259t almaq m\u00fcmk\u00fcn olmay\u0131b.<\/p>\n<p>Mart\u0131n 6-da &#8220;Toplum&#8221; internet televiziyas\u0131n\u0131n ofisind\u0259 polisin axtar\u0131\u015f\u0131 olub v\u0259 qap\u0131s\u0131 m\u00f6h\u00fcrl\u0259nib.<\/p>\n<p>H\u0259min g\u00fcn median\u0131n \u00fc\u00e7 \u0259m\u0259kda\u015f\u0131 saxlan\u0131b, daha sonra onlardan ikisi \u2013\u00a0<strong>F\u0259rid \u0130smay\u0131lov<\/strong>\u00a0v\u0259\u00a0<strong>Elmir Abbasov<\/strong>\u00a0polis n\u0259zar\u0259tin\u0259 veril\u0259r\u0259k burax\u0131l\u0131b.<\/p>\n<p>Videoredaktor\u00a0<strong>M\u00fc\u015ffiq Cabbar<\/strong>\u00a0bar\u0259sind\u0259 is\u0259 m\u0259hk\u0259m\u0259 q\u0259rar\u0131 il\u0259 4 ay m\u00fcdd\u0259tin\u0259 h\u0259bs-q\u0259timkan t\u0259dbiri se\u00e7ilib.<\/p>\n<p>Mart\u0131n 8-d\u0259 d\u0259 ToplumTV-nin t\u0259sis\u00e7isi\u00a0<strong>\u018fl\u0259sg\u0259r M\u0259mm\u0259dli<\/strong>\u00a0h\u0259bs olunub. Onlar qa\u00e7aqmal\u00e7\u0131l\u0131qda ittiham edilirl\u0259r v\u0259 ittiham\u0131 qurama, pe\u015f\u0259 f\u0259aliyy\u0259tl\u0259ri il\u0259 izah edirl\u0259r.<\/p>\n<p>Son aylar Az\u0259rbaycanda 10-dan \u00e7ox jurnalist v\u0259 ictimai f\u0259al qa\u00e7aqmal\u00e7\u0131l\u0131q ittiham\u0131 il\u0259 h\u0259bs edilibl\u0259r. Onlar da ittiham\u0131 qurama v\u0259 siyasi say\u0131rlar.<\/p>\n<p>Az\u0259rbaycan r\u0259smil\u0259ri is\u0259 \u00f6lk\u0259d\u0259 siyasi h\u0259bsl\u0259rin olmas\u0131 ba\u011fl\u0131 deyil\u0259nl\u0259ri q\u0259bul etmirl\u0259r.<\/p>\n<p>Azadl\u0131qRadiosu<\/p>\n","protected":false},"excerpt":{"rendered":"<p>\u201cToplum\u201d TV-nin ba\u015f redaktoru\u00a0X\u0259dic\u0259 \u0130smay\u0131l mart\u0131n 14-d\u0259 Bak\u0131 \u015e\u0259h\u0259r Ba\u015f Polis \u0130dar\u0259sin\u0259 \u00e7a\u011f\u0131r\u0131l\u0131b. O, ax\u015fam saatlar\u0131nda idar\u0259d\u0259n \u00e7\u0131xark\u0259n bildirib ki,<\/p>\n","protected":false},"author":1,"featured_media":20598,"comment_status":"closed","ping_status":"closed","sticky":false,"template":"","format":"standard","meta":{"_jetpack_memberships_contains_paid_content":false,"footnotes":""},"categories":[30],"tags":[],"class_list":["post-20597","post","type-post","status-publish","format-standard","has-post-thumbnail","hentry","category-gundm"],"aioseo_notices":[],"jetpack_featured_media_url":"https:\/\/basta2.com\/wp-content\/uploads\/2024\/03\/x\u0259dic\u0259.jpg","jetpack_sharing_enabled":true,"_links":{"self":[{"href":"https:\/\/basta2.com\/index.php?rest_route=\/wp\/v2\/posts\/20597","targetHints":{"allow":["GET"]}}],"collection":[{"href":"https:\/\/basta2.com\/index.php?rest_route=\/wp\/v2\/posts"}],"about":[{"href":"https:\/\/basta2.com\/index.php?rest_route=\/wp\/v2\/types\/post"}],"author":[{"embeddable":true,"href":"https:\/\/basta2.com\/index.php?rest_route=\/wp\/v2\/users\/1"}],"replies":[{"embeddable":true,"href":"https:\/\/basta2.com\/index.php?rest_route=%2Fwp%2Fv2%2Fcomments&post=20597"}],"version-history":[{"count":2,"href":"https:\/\/basta2.com\/index.php?rest_route=\/wp\/v2\/posts\/20597\/revisions"}],"predecessor-version":[{"id":20600,"href":"https:\/\/basta2.com\/index.php?rest_route=\/wp\/v2\/posts\/20597\/revisions\/20600"}],"wp:featuredmedia":[{"embeddable":true,"href":"https:\/\/basta2.com\/index.php?rest_route=\/wp\/v2\/media\/20598"}],"wp:attachment":[{"href":"https:\/\/basta2.com\/index.php?rest_route=%2Fwp%2Fv2%2Fmedia&parent=20597"}],"wp:term":[{"taxonomy":"category","embeddable":true,"href":"https:\/\/basta2.com\/index.php?rest_route=%2Fwp%2Fv2%2Fcategories&post=20597"},{"taxonomy":"post_tag","embeddable":true,"href":"https:\/\/basta2.com\/index.php?rest_route=%2Fwp%2Fv2%2Ftags&post=20597"}],"curies":[{"name":"wp","href":"https:\/\/api.w.org\/{rel}","templated":true}]}}