{"id":20769,"date":"2024-04-05T13:26:51","date_gmt":"2024-04-05T10:26:51","guid":{"rendered":"https:\/\/basta2.com\/?p=20769"},"modified":"2024-04-05T13:26:51","modified_gmt":"2024-04-05T10:26:51","slug":"iranda-h%c9%99bsd%c9%99-olan-f%c9%99rid-s%c9%99f%c9%99rlinin-anasi-oglunun-az%c9%99rbaycana-ekstradisiya-olunmasini-ist%c9%99yir","status":"publish","type":"post","link":"https:\/\/basta2.com\/?p=20769","title":{"rendered":"\u0130randa h\u0259bsd\u0259 olan F\u0259rid S\u0259f\u0259rlinin anas\u0131 o\u011flunun Az\u0259rbaycana ekstradisiya olunmas\u0131n\u0131 ist\u0259yir"},"content":{"rendered":"<p>\u0130randa h\u0259bsd\u0259 olan F\u0259rid S\u0259f\u0259rlinin anas\u0131 Dilar\u0259 \u018fsg\u0259rova Az\u0259rbaycan\u0131n \u018fdliyy\u0259 Nazirlin\u0259\u00a0<a class=\"wsw__a\" href=\"https:\/\/www.facebook.com\/dilara.abbas\/posts\/pfbid0iuuz5QYm7JFj8dhRSEcD3uKahGXMDkt5jwR7iDm2MvNn784PqJWLAiKvu5tk3hCMl\" target=\"_blank\" rel=\"noopener\">m\u00fcraci\u0259t\u00a0<\/a>edib.<\/p>\n<p>&#8220;F\u0259rid az\u0259rbaycanl\u0131 oldu\u011funa g\u00f6r\u0259 h\u0259bs olunub, m\u0259nim o\u011flum oldu\u011funa g\u00f6r\u0259 yox&#8221;, ana nazir\u0259 m\u00fcraci\u0259tind\u0259 bildirib.<\/p>\n<p>\u018fsg\u0259rova bir q\u0259d\u0259r \u0259vv\u0259l Az\u0259rbaycan Prezidenti \u0130lham \u018fliyev\u0259 d\u0259 m\u00fcraci\u0259t edib.<\/p>\n<p>\u201cPrezident\u0259 m\u00fcraci\u0259timd\u0259n sonra m\u0259n\u0259 m\u0259ktub g\u00f6nd\u0259rd\u0131yinizi y\u00fcks\u0259k qiym\u0259tl\u0259ndirir\u0259m. Amma siz ekstradisiya etm\u0259k \u00fc\u00e7\u00fcn ist\u0259diyiniz s\u0259n\u0259dl\u0259ri Xarici \u0130\u015fl\u0259r Nazirliyind\u0259n v\u0259 ASAN xidm\u0259td\u0259n bir sor\u011fu il\u0259 almaq m\u00fcmk\u00fcnd\u00fcr. B\u00fct\u00fcn n\u0259sil gedib F\u0259rid \u00fc\u00e7\u00fcn aray\u0131s alma\u011fa &#8211; ya\u015fay\u0131\u015f yerind\u0259n, ASAN Xidm\u0259t deyir \u00f6z\u00fc g\u0259lsin, bizimkil\u0259r deyirl\u0259r \u0130randa h\u0259bsd\u0259dir, cavab verirl\u0259r ki, etibarnam\u0259 versin (n\u0259 q\u0259d\u0259r g\u00fclm\u0259lidir) ASAN Xidm\u0259t. H\u00f6km bir n\u00fcsx\u0259dir yaln\u0131z, onu da konsulluq vasit\u0259si il\u0259 X\u0130N-\u0259 g\u00f6nd\u0259rmi\u015f\u0259m. Onu da almaq problem olmasin g\u0259r\u0259k. F\u0259ridin ekstradisiya olunmas\u0131 \u00fc\u00e7\u00fcn onun pasportundak\u0131 qeydiyyat niy\u0259 b\u0259s etmir? L\u00fctf\u0259n, bu b\u00fcrokratiyaya son qoyun. Dekabrda sizin idar\u0259d\u0259 oldum. O vaxtdan bir v\u0259t\u0259nda\u015f\u0131n s\u0259n\u0259dl\u0259rini \u0259ld\u0259 ed\u0259 bilmirsiniz. F\u0259rid az\u0259rbaycanl\u0131 oldu\u011funa g\u00f6r\u0259 h\u0259bs olunub, m\u0259nim o\u011flum oldu\u011funa g\u00f6r\u0259 yox. Bir z\u0259hm\u0259t \u00e7\u0259kib sizin m\u0259murlar sor\u011fu g\u00f6nd\u0259rib s\u0259n\u0259dl\u0259ri als\u0131nlar. \u0130nan\u0131n bils\u0259m al\u0131n\u0131r g\u0259lib \u00f6z\u00fcm y\u0131\u011f\u0131b s\u0259n\u0259dl\u0259ri ver\u0259r\u0259m siz\u0259. Amma yazd\u0131\u011f\u0131m kimi bu s\u0259n\u0259dl\u0259ri almaq m\u00fcmk\u00fcn deyil\u201d.<\/p>\n<p>Ana nazird\u0259n sual edir ki, onun o\u011flu niy\u0259 m\u0259mur s\u0259hl\u0259nkarl\u0131\u011f\u0131na g\u00f6r\u0259 h\u0259yat\u0131n\u0131 t\u00fcrm\u0259d\u0259 ke\u00e7irm\u0259lidir?<\/p>\n<p>\u201cSizin i\u015f\u00e7il\u0259r\u0259 eyni m\u0259zmunlu m\u0259ktub yaz\u0131ram, kohn\u0259 m\u0259ktubu yenid\u0259n g\u00f6nd\u0259rirl\u0259r: ya\u015fay\u0131\u015f yerind\u0259n aray\u0131\u015f v\u0259 h\u00f6km\u00fc g\u00f6nd\u0259r. Sanki m\u0259nim m\u0259ktubumu oxumurlar\u201d, o qeyd edib.<\/p>\n<p>Bununla yana\u015f\u0131, \u018fdliyy\u0259 Nazirliyi Amerikan\u0131n S\u0259sinin Dilar\u0259 \u018fsg\u0259rovan\u0131n m\u00fcraci\u0259ti il\u0259 ba\u011fl\u0131 sor\u011fusuna h\u0259l\u0259 cavab verm\u0259yib.<\/p>\n<p>R\u0259smi m\u0259lumata g\u00f6r\u0259, Az\u0259rbaycan v\u0259t\u0259nda\u015f\u0131, Almaniyan\u0131n Yena Universitetinin t\u0259l\u0259b\u0259si F\u0259rid S\u0259f\u0259rlinin 2023-c\u00fc il fevral\u0131n 20-d\u0259 \u0130rana s\u0259f\u0259r\u0259 getdiyi, lakin mart\u0131n 4-d\u0259n ondan x\u0259b\u0259r al\u0131nmamas\u0131 il\u0259 ba\u011fl\u0131 m\u00fcraci\u0259t Xarici \u0130\u015fl\u0259r Nazirliyin\u0259 mart\u0131n 9-da daxil olub.<\/p>\n<p>F\u0259rid S\u0259f\u0259rli \u0130rana s\u0259f\u0259rind\u0259n bir m\u00fcdd\u0259t \u0259vv\u0259l Almaniyan\u0131n Yena \u015f\u0259h\u0259rin\u0259 praktika \u00fc\u00e7\u00fcn g\u0259lmi\u015f \u0130ran v\u0259t\u0259nda\u015f\u0131 olan bir qad\u0131nla tan\u0131\u015f olub.<\/p>\n<p>O, praktikas\u0131 ba\u015fa \u00e7atd\u0131qdan sonra \u0130rana qay\u0131d\u0131b. Buna baxmayaraq, onlar aras\u0131nda telefon \u0259laq\u0259si olub. Onlar q\u0259rarla\u015f\u0131blar ki, \u0130stanbulda g\u00f6r\u00fc\u015fs\u00fcnl\u0259r. F\u0259rid \u0130stanbula gedib v\u0259 bu zaman onun tan\u0131\u015f oldu\u011fu qad\u0131n\u0131n vizas\u0131 d\u00fcz\u0259lm\u0259yib. Bundan sonra F\u0259rid \u0130stanbuldan \u0130rana gedib.<\/p>\n<p>Uzun m\u00fcdd\u0259t F\u0259rid S\u0259f\u0259rlinin taleyind\u0259n m\u0259lumat almaq m\u00fcmk\u00fcn olmay\u0131b. Yaln\u0131z 2023-\u00fc il iyunun 1-d\u0259 onun \u0130randa casusluq ittiham\u0131 il\u0259 h\u0259bs edildiyi m\u0259lum olub.<\/p>\n<p>Sonradan ona qar\u015f\u0131 ir\u0259li s\u00fcr\u00fclm\u00fc\u015f \u201ccasusluq\u201d ittiham\u0131 \u201ccasusluq etm\u0259k niyy\u0259ti\u201d ittiham\u0131 il\u0259 \u0259v\u0259z olunub. M\u0259hk\u0259m\u0259 F\u0259rid S\u0259f\u0259rli bar\u0259sind\u0259 2 il h\u0259bs h\u00f6km\u00fc \u00e7\u0131xar\u0131b.<\/p>\n<p>F\u0259rid S\u0259f\u0259rli m\u0259hk\u0259m\u0259d\u0259 ittiham\u0131 v\u0259 h\u00f6km\u00fc q\u0259bul etm\u0259diyni bildirib.<\/p>\n<p>Az\u0259rbaycan Ba\u015f Prokuroru Kamran \u018fliyev 2023-c\u00fc il sentyabr\u0131n 14-d\u0259 Bak\u0131da s\u0259f\u0259rd\u0259 olan \u0130ran\u0131n Ba\u015f prokuroru Mohammad Kazem Movahedi-Azadi il\u0259 g\u00f6r\u00fc\u015f\u00fcnd\u0259 F\u0259rid S\u0259f\u0259rli il\u0259 ba\u011fl\u0131 cinay\u0259t i\u015fi \u0259traf\u0131nda m\u00fczakir\u0259 apar\u0131b.<\/p>\n<p>Daha sonra Tehran\u0131n Apellyasiya M\u0259hk\u0259m\u0259si F\u0259rid S\u0259f\u0259rli il\u0259 ba\u011fl\u0131 h\u00f6kmd\u0259n veril\u0259n apellyasiya \u015fikay\u0259tini t\u0259min etm\u0259yib.<\/p>\n","protected":false},"excerpt":{"rendered":"<p>\u0130randa h\u0259bsd\u0259 olan F\u0259rid S\u0259f\u0259rlinin anas\u0131 Dilar\u0259 \u018fsg\u0259rova Az\u0259rbaycan\u0131n \u018fdliyy\u0259 Nazirlin\u0259\u00a0m\u00fcraci\u0259t\u00a0edib. &#8220;F\u0259rid az\u0259rbaycanl\u0131 oldu\u011funa g\u00f6r\u0259 h\u0259bs olunub, m\u0259nim o\u011flum oldu\u011funa<\/p>\n","protected":false},"author":1,"featured_media":20770,"comment_status":"closed","ping_status":"closed","sticky":false,"template":"","format":"standard","meta":{"_jetpack_memberships_contains_paid_content":false,"footnotes":""},"categories":[30,29],"tags":[],"class_list":["post-20769","post","type-post","status-publish","format-standard","has-post-thumbnail","hentry","category-gundm","category-manset"],"aioseo_notices":[],"jetpack_featured_media_url":"https:\/\/basta2.com\/wp-content\/uploads\/2024\/04\/01000000-0aff-0242-5162-08dc54b43e6c_cx0_cy4_cw0_w408_r1_st_s.jpg","jetpack_sharing_enabled":true,"_links":{"self":[{"href":"https:\/\/basta2.com\/index.php?rest_route=\/wp\/v2\/posts\/20769","targetHints":{"allow":["GET"]}}],"collection":[{"href":"https:\/\/basta2.com\/index.php?rest_route=\/wp\/v2\/posts"}],"about":[{"href":"https:\/\/basta2.com\/index.php?rest_route=\/wp\/v2\/types\/post"}],"author":[{"embeddable":true,"href":"https:\/\/basta2.com\/index.php?rest_route=\/wp\/v2\/users\/1"}],"replies":[{"embeddable":true,"href":"https:\/\/basta2.com\/index.php?rest_route=%2Fwp%2Fv2%2Fcomments&post=20769"}],"version-history":[{"count":1,"href":"https:\/\/basta2.com\/index.php?rest_route=\/wp\/v2\/posts\/20769\/revisions"}],"predecessor-version":[{"id":20771,"href":"https:\/\/basta2.com\/index.php?rest_route=\/wp\/v2\/posts\/20769\/revisions\/20771"}],"wp:featuredmedia":[{"embeddable":true,"href":"https:\/\/basta2.com\/index.php?rest_route=\/wp\/v2\/media\/20770"}],"wp:attachment":[{"href":"https:\/\/basta2.com\/index.php?rest_route=%2Fwp%2Fv2%2Fmedia&parent=20769"}],"wp:term":[{"taxonomy":"category","embeddable":true,"href":"https:\/\/basta2.com\/index.php?rest_route=%2Fwp%2Fv2%2Fcategories&post=20769"},{"taxonomy":"post_tag","embeddable":true,"href":"https:\/\/basta2.com\/index.php?rest_route=%2Fwp%2Fv2%2Ftags&post=20769"}],"curies":[{"name":"wp","href":"https:\/\/api.w.org\/{rel}","templated":true}]}}