{"id":20938,"date":"2024-04-27T13:11:41","date_gmt":"2024-04-27T10:11:41","guid":{"rendered":"https:\/\/basta2.com\/?p=20938"},"modified":"2024-04-27T13:11:41","modified_gmt":"2024-04-27T10:11:41","slug":"jurnalist-imran-eliyev%c9%99-qarsi-yeni-ittiham-ir%c9%99li-surulub","status":"publish","type":"post","link":"https:\/\/basta2.com\/?p=20938","title":{"rendered":"Jurnalist \u0130mran \u018fliyev\u0259 qar\u015f\u0131 yeni ittiham ir\u0259li s\u00fcr\u00fcl\u00fcb"},"content":{"rendered":"<p>&#8220;Meclis.info&#8221; platformas\u0131n\u0131n h\u0259bsd\u0259 olan r\u0259hb\u0259ri \u0130mran \u018fliyev\u0259 qar\u015f\u0131 yeni ittiham ir\u0259li s\u00fcr\u00fcld\u00fcy\u00fc deyilir.<\/p>\n<p>\u018fliyevin yax\u0131nlar\u0131 Turana deyib ki, aprelin 26-da \u0130mraan \u018fliyev\u0259 qar\u015f\u0131 Cinay\u0259t M\u0259c\u0259ll\u0259sinin 206.3.1 ( Qa\u00e7aqmal\u00e7\u0131l\u0131q- t\u0259krar t\u00f6r\u0259dildikd\u0259) madd\u0259si il\u0259 d\u0259 ittiham ir\u0259li s\u00fcr\u00fcl\u00fcb.<\/p>\n<p>Bundan \u0259vv\u0259l ona qar\u015f\u0131 CM-nin 206.3.2 (Qa\u00e7aqmal\u00e7\u0131l\u0131q- qabaqcadan \u0259lbir olan bir qrup \u015f\u0259xs t\u0259r\u0259find\u0259n t\u00f6r\u0259dildikd\u0259) madd\u0259sil\u0259 ittiham elan olunmu\u015fdu. Bel\u0259likl\u0259 indi \u018fliyev Cinay\u0259t M\u0259c\u0259ll\u0259sinin. h\u0259r iki madd\u0259si il\u0259 ittiham olunur.<\/p>\n<p>H\u0259r iki madd\u0259 \u00fczr\u0259 sanksiyalar eynidir &#8211; 5 ild\u0259n 8 il\u0259 q\u0259d\u0259r h\u0259bs.<\/p>\n<p>Lakin h\u0259r iki madd\u0259 \u00fczr\u0259 ittiham\u0131n olmas\u0131 bu m\u00fcdd\u0259tl\u0259rin yuxar\u0131 h\u0259ddin\u0259 yax\u0131n c\u0259za t\u0259yin edilm\u0259si ehtimal\u0131n\u0131 art\u0131r\u0131r.<\/p>\n<p>* \u0130mran \u018fliyev aprelin 18-d\u0259 h\u00f6kum\u0259ty\u00f6nl\u00fc Qafqaz.info sayt\u0131nda Abzas Media v\u0259 Toplum TV-nin \u0259m\u0259kda\u015flar\u0131 il\u0259 birlikd\u0259 onun da pul qa\u00e7aqmal\u00e7\u0131l\u0131\u011f\u0131 il\u0259 \u0259laq\u0259si oldu\u011fu haqq\u0131nda m\u0259qal\u0259 d\u0259rc edildikd\u0259n sonra saxlan\u0131l\u0131b.<\/p>\n<p>Aprelin 19-da m\u0259hk\u0259m\u0259 \u018fliyevi iki ay m\u00fcdd\u0259tin\u0259 h\u0259bs edib. M\u0259hk\u0259m\u0259d\u0259 o, etiraf ifad\u0259si verm\u0259k m\u0259qs\u0259dil\u0259 d\u00f6y\u00fcld\u00fcy\u00fcn\u00fc v\u0259 elektrik c\u0259r\u0259yan\u0131ndan istifad\u0259 il\u0259 i\u015fg\u0259nc\u0259l\u0259r\u0259 m\u0259ruz qald\u0131\u011f\u0131n\u0131 bildirib.<\/p>\n","protected":false},"excerpt":{"rendered":"<p>&#8220;Meclis.info&#8221; platformas\u0131n\u0131n h\u0259bsd\u0259 olan r\u0259hb\u0259ri \u0130mran \u018fliyev\u0259 qar\u015f\u0131 yeni ittiham ir\u0259li s\u00fcr\u00fcld\u00fcy\u00fc deyilir. \u018fliyevin yax\u0131nlar\u0131 Turana deyib ki, aprelin 26-da<\/p>\n","protected":false},"author":1,"featured_media":20939,"comment_status":"closed","ping_status":"closed","sticky":false,"template":"","format":"standard","meta":{"_jetpack_memberships_contains_paid_content":false,"footnotes":""},"categories":[30,29],"tags":[],"class_list":["post-20938","post","type-post","status-publish","format-standard","has-post-thumbnail","hentry","category-gundm","category-manset"],"aioseo_notices":[],"jetpack_featured_media_url":"https:\/\/basta2.com\/wp-content\/uploads\/2024\/04\/imran-aliyev.jpeg","jetpack_sharing_enabled":true,"_links":{"self":[{"href":"https:\/\/basta2.com\/index.php?rest_route=\/wp\/v2\/posts\/20938","targetHints":{"allow":["GET"]}}],"collection":[{"href":"https:\/\/basta2.com\/index.php?rest_route=\/wp\/v2\/posts"}],"about":[{"href":"https:\/\/basta2.com\/index.php?rest_route=\/wp\/v2\/types\/post"}],"author":[{"embeddable":true,"href":"https:\/\/basta2.com\/index.php?rest_route=\/wp\/v2\/users\/1"}],"replies":[{"embeddable":true,"href":"https:\/\/basta2.com\/index.php?rest_route=%2Fwp%2Fv2%2Fcomments&post=20938"}],"version-history":[{"count":1,"href":"https:\/\/basta2.com\/index.php?rest_route=\/wp\/v2\/posts\/20938\/revisions"}],"predecessor-version":[{"id":20940,"href":"https:\/\/basta2.com\/index.php?rest_route=\/wp\/v2\/posts\/20938\/revisions\/20940"}],"wp:featuredmedia":[{"embeddable":true,"href":"https:\/\/basta2.com\/index.php?rest_route=\/wp\/v2\/media\/20939"}],"wp:attachment":[{"href":"https:\/\/basta2.com\/index.php?rest_route=%2Fwp%2Fv2%2Fmedia&parent=20938"}],"wp:term":[{"taxonomy":"category","embeddable":true,"href":"https:\/\/basta2.com\/index.php?rest_route=%2Fwp%2Fv2%2Fcategories&post=20938"},{"taxonomy":"post_tag","embeddable":true,"href":"https:\/\/basta2.com\/index.php?rest_route=%2Fwp%2Fv2%2Ftags&post=20938"}],"curies":[{"name":"wp","href":"https:\/\/api.w.org\/{rel}","templated":true}]}}