{"id":21082,"date":"2024-05-14T10:35:53","date_gmt":"2024-05-14T07:35:53","guid":{"rendered":"https:\/\/basta2.com\/?p=21082"},"modified":"2024-05-14T10:35:53","modified_gmt":"2024-05-14T07:35:53","slug":"turkiy%c9%99-konsulunu-oldur%c9%99n-asala-terrorcusu-ir%c9%99vanda-keciril%c9%99n-aksiyalarda-saxlanildi-video","status":"publish","type":"post","link":"https:\/\/basta2.com\/?p=21082","title":{"rendered":"T\u00fcrkiy\u0259 konsulunu \u00f6ld\u00fcr\u0259n ASALA terror\u00e7usu \u0130r\u0259vanda ke\u00e7iril\u0259n aksiyalarda saxlan\u0131ld\u0131 &#8211; V\u0130DEO"},"content":{"rendered":"<p>\u0130r\u0259vanda ke\u00e7iril\u0259n etiraz aksiyalar\u0131 zaman\u0131 ASALA terror\u00e7usu, T\u00fcrkiy\u0259 konsulunun q\u0259tlin\u0259 g\u00f6r\u0259 40 il AB\u015e h\u0259bsxanas\u0131nda yatan Hampiq Sasunyan erm\u0259ni polisi t\u0259r\u0259find\u0259n\u00a0saxlan\u0131l\u0131b.<\/p>\n<p>Bununla ba\u011fl\u0131 Erm\u0259nistan \u201cTelegram\u201d kanallar\u0131nda videog\u00f6r\u00fcnt\u00fcl\u0259r yay\u0131l\u0131b.<\/p>\n<p>\u201cErm\u0259ni soyq\u0131r\u0131m\u0131 m\u0259s\u0259l\u0259sind\u0259 \u0259dal\u0259t m\u00fcbarizl\u0259ri\u201d t\u0259\u015fkilat\u0131n\u0131n \u00fczv\u00fc Hampiq\u00a0Sasunyan Az\u0259rbaycanla s\u0259rh\u0259dl\u0259rin delimitasiyas\u0131na qar\u015f\u0131 \u00e7\u0131xanlar\u0131n s\u0131ras\u0131na qat\u0131l\u0131b.<\/p>\n<p>Qeyd ed\u0259k ki, Hampiq Sasunyan 1982-ci il yanvar\u0131n 28-d\u0259 T\u00fcrkiy\u0259nin Los-Ancelesd\u0259ki ba\u015f konsulu Kamal Ar\u0131kan\u0131 q\u0259tl\u0259 yetirib, 2021-ci ilin oktyabr\u0131nda is\u0259 azadl\u0131\u011fa burax\u0131laraq \u0130r\u0259vana qay\u0131d\u0131b.<\/p>\n<p>Oxu.az<\/p>\n<p><iframe loading=\"lazy\" style=\"border: none; overflow: hidden;\" src=\"https:\/\/www.facebook.com\/plugins\/video.php?height=306&amp;href=https%3A%2F%2Fwww.facebook.com%2FBasta2com%2Fvideos%2F998907661847058%2F&amp;show_text=false&amp;width=560&amp;t=0\" width=\"560\" height=\"306\" frameborder=\"0\" scrolling=\"no\" allowfullscreen=\"allowfullscreen\"><\/iframe><\/p>\n","protected":false},"excerpt":{"rendered":"<p>\u0130r\u0259vanda ke\u00e7iril\u0259n etiraz aksiyalar\u0131 zaman\u0131 ASALA terror\u00e7usu, T\u00fcrkiy\u0259 konsulunun q\u0259tlin\u0259 g\u00f6r\u0259 40 il AB\u015e h\u0259bsxanas\u0131nda yatan Hampiq Sasunyan erm\u0259ni polisi<\/p>\n","protected":false},"author":1,"featured_media":21083,"comment_status":"closed","ping_status":"closed","sticky":false,"template":"","format":"standard","meta":{"_jetpack_memberships_contains_paid_content":false,"footnotes":""},"categories":[32,29],"tags":[],"class_list":["post-21082","post","type-post","status-publish","format-standard","has-post-thumbnail","hentry","category-dunya","category-manset"],"aioseo_notices":[],"jetpack_featured_media_url":"https:\/\/basta2.com\/wp-content\/uploads\/2024\/05\/asala-uzvu-tutuldu.jpg","jetpack_sharing_enabled":true,"_links":{"self":[{"href":"https:\/\/basta2.com\/index.php?rest_route=\/wp\/v2\/posts\/21082","targetHints":{"allow":["GET"]}}],"collection":[{"href":"https:\/\/basta2.com\/index.php?rest_route=\/wp\/v2\/posts"}],"about":[{"href":"https:\/\/basta2.com\/index.php?rest_route=\/wp\/v2\/types\/post"}],"author":[{"embeddable":true,"href":"https:\/\/basta2.com\/index.php?rest_route=\/wp\/v2\/users\/1"}],"replies":[{"embeddable":true,"href":"https:\/\/basta2.com\/index.php?rest_route=%2Fwp%2Fv2%2Fcomments&post=21082"}],"version-history":[{"count":1,"href":"https:\/\/basta2.com\/index.php?rest_route=\/wp\/v2\/posts\/21082\/revisions"}],"predecessor-version":[{"id":21084,"href":"https:\/\/basta2.com\/index.php?rest_route=\/wp\/v2\/posts\/21082\/revisions\/21084"}],"wp:featuredmedia":[{"embeddable":true,"href":"https:\/\/basta2.com\/index.php?rest_route=\/wp\/v2\/media\/21083"}],"wp:attachment":[{"href":"https:\/\/basta2.com\/index.php?rest_route=%2Fwp%2Fv2%2Fmedia&parent=21082"}],"wp:term":[{"taxonomy":"category","embeddable":true,"href":"https:\/\/basta2.com\/index.php?rest_route=%2Fwp%2Fv2%2Fcategories&post=21082"},{"taxonomy":"post_tag","embeddable":true,"href":"https:\/\/basta2.com\/index.php?rest_route=%2Fwp%2Fv2%2Ftags&post=21082"}],"curies":[{"name":"wp","href":"https:\/\/api.w.org\/{rel}","templated":true}]}}