{"id":21110,"date":"2024-05-16T15:38:56","date_gmt":"2024-05-16T12:38:56","guid":{"rendered":"https:\/\/basta2.com\/?p=21110"},"modified":"2024-05-16T17:26:59","modified_gmt":"2024-05-16T14:26:59","slug":"h%c9%99bsd%c9%99-olan-jurnalistin-mudd%c9%99tsiz-acliga-basladigi-bildirilir","status":"publish","type":"post","link":"https:\/\/basta2.com\/?p=21110","title":{"rendered":"H\u0259bsd\u0259 olan jurnalist m\u00fcdd\u0259tsiz acl\u0131\u011fa ba\u015flay\u0131b &#8211; Yenil\u0259nib"},"content":{"rendered":"<p>G\u0259nc\u0259 istintaq t\u0259cridxanas\u0131nda saxlan\u0131lan demokratik.az sayt\u0131n\u0131n r\u0259hb\u0259ri Osman N\u0259rimano\u011flu (Rzayev) m\u00fcdd\u0259tsiz acl\u0131q aksiyas\u0131na ba\u015flad\u0131\u011f\u0131n\u0131 bildirib. O, qanunsuz h\u0259bsin\u0259 v\u0259 birinci instansiya m\u0259hk\u0259m\u0259sinin h\u00f6km\u00fcnd\u0259n verdiyi apellyasiya \u015fikay\u0259tin\u0259 \u201cq\u0259r\u0259zli bax\u0131lmas\u0131na\u201d etiraz edir.<\/p>\n<p>Jurnalistin h\u0259yat yolda\u015f\u0131 Arzu Rzayeva bildirib ki, Osman N\u0259rimano\u011flu may\u0131n 12-d\u0259 2 sayl\u0131 G\u0259nc\u0259 \u0130stintaq T\u0259cridxanas\u0131nda acl\u0131q aksiyas\u0131na ba\u015flay\u0131b.<\/p>\n<p>&#8220;May\u0131n 15-de g\u00fcnorta saatlar\u0131nda G\u0259nc\u0259 2 sayl\u0131 \u0130stintaq T\u0259cridxanas\u0131nda Osmanla g\u00f6r\u00fc\u015fd\u00fck. Bildirdi ki, t\u0259cridxana r\u0259hb\u0259rliyi v\u0259 penitensiar xidm\u0259t acl\u0131q aksiyas\u0131 bar\u0259d\u0259 ictimaiyy\u0259t\u0259 v\u0259 d\u00f6vl\u0259t qurumlar\u0131na m\u0259lumat verm\u0259k ist\u0259mir. Daha do\u011frusu, Penitensiar xidm\u0259t bel\u0259 hallarda t\u0259qsirl\u0259ndiril\u0259n \u015f\u0259xsl\u0259ri yox, m\u0259hk\u0259m\u0259nin v\u0259 prokurorluq orqan\u0131n\u0131n maraqlar\u0131ndan \u00e7\u0131x\u0131\u015f edir&#8221; &#8211; dey\u0259, m\u0259hbusun xan\u0131m\u0131 naraz\u0131l\u0131\u011f\u0131n\u0131 ifad\u0259 edib.<\/p>\n<p>Jurnalist bildirib ki, 3 g\u00fcnd\u00fcr acl\u0131q ets\u0259 d\u0259, onun s\u0259hh\u0259til\u0259 maraqlanm\u0131rlar. Ona acl\u0131q etm\u0259si \u00fc\u00e7\u00fcn qanunvericilikd\u0259 n\u0259z\u0259rd\u0259 tutuldu\u011fu kimi \u015f\u0259rait yaratm\u0131rlar.<\/p>\n<p>&#8220;Osman h\u0259l\u0259 d\u0259 kameras\u0131nda saxlan\u0131l\u0131r v\u0259 acl\u0131q etm\u0259si dig\u0259r dustaqlar\u0131n yan\u0131nda \u00e7\u0259tinl\u0259\u015fir. \u018fslind\u0259 onu h\u0259kim n\u0259zar\u0259tin\u0259 verm\u0259li, acl\u0131q aksiyas\u0131 \u00fczr\u0259 m\u00fcvafiq s\u0259n\u0259dl\u0259\u015fdirm\u0259l\u0259r etm\u0259kl\u0259 g\u00fcnd\u0259lik n\u0259zar\u0259td\u0259 saxlamal\u0131d\u0131rlar. Lakin t\u0259cridxanada t\u0259kadaml\u0131q kamera yoxdur, yaln\u0131z c\u0259za \u00fc\u00e7\u00fcn n\u0259z\u0259rd\u0259 tutulan t\u0259kadaml\u0131q karser kameralar\u0131 var ki, h\u0259min kameralarda da ba\u015fqa m\u0259hkumlar var. T\u0259cridxanan\u0131n tibb m\u0259nt\u0259q\u0259sinin otaqlar\u0131 v\u0259 \u00e7arpay\u0131lar is\u0259 pullu dustaqlar t\u0259r\u0259find\u0259n i\u015f\u011fal olunub. Y\u0259ni, Osman tibb m\u0259nt\u0259q\u0259sind\u0259 saxlan\u0131lmal\u0131 oldu\u011fu halda, sabiq icra ba\u015f\u00e7\u0131s\u0131 Alimpa\u015fa M\u0259mm\u0259dov kimi korrupsioner m\u0259murlar x\u0259st\u0259 olmaya-olmaya tibb m\u0259nt\u0259q\u0259sinin bir ota\u011f\u0131nda ayr\u0131ca l\u00fcks \u015f\u0259raitd\u0259 saxlan\u0131l\u0131r. N\u0259rimano\u011flu d\u0259f\u0259l\u0259rl\u0259 acl\u0131q etm\u0259si bar\u0259d\u0259 t\u0259cridxana r\u0259isin\u0259 r\u0259smi m\u00fcraci\u0259t edib. Y\u0259ni penitensiar xidm\u0259tin s\u00f6z\u00fcged\u0259n m\u0259s\u0259l\u0259 il\u0259 \u0259laq\u0259dar ictimaiyy\u0259t\u0259 verdiyi a\u00e7\u0131qlama yalan v\u0259 m\u0259qs\u0259dlidir&#8221; &#8211; dey\u0259, Arzu Rzayeva &#8220;Basta&#8221;ya a\u00e7\u0131qlamas\u0131nda vur\u011fulay\u0131b.<\/p>\n<p>***<\/p>\n<p>Rzayevan\u0131n s\u00f6zl\u0259rin\u0259 g\u00f6r\u0259, h\u0259yat yolda\u015f\u0131 m\u0259murlar\u0131n b\u00f6htan\u0131n\u0131n qurban\u0131 olub, \u0259sass\u0131z olaraq 23 ayd\u0131r h\u0259bsd\u0259dir.<\/p>\n<p>\u201cG\u0259nc\u0259 Apellyasiya M\u0259hk\u0259m\u0259si is\u0259 obyektiv ara\u015fd\u0131rma aparm\u0131r v\u0259 art\u0131q bir ayd\u0131r ki, istintaq\u0131 yubad\u0131r. H\u0259yat yolda\u015f\u0131m m\u0259hk\u0259m\u0259nin \u0259dal\u0259tli olaca\u011f\u0131na inam\u0131n\u0131 itirib v\u0259 \u00fcmidsizlikd\u0259n acl\u0131q aksiyas\u0131na ba\u015flay\u0131b\u201d, o qeyd edib.<\/p>\n<p>Bu i\u015f \u00fczr\u0259 apellyasiya m\u0259hk\u0259m\u0259sinin n\u00f6vb\u0259ti iclas\u0131 may\u0131n 16-na t\u0259yin edilib.<\/p>\n<p>Penitensiar Xidm\u0259t Amerikan\u0131n S\u0259sinin jurnalistin acl\u0131q aksiyas\u0131na ba\u015flamas\u0131 il\u0259 ba\u011fl\u0131 sor\u011fusuna h\u0259l\u0259 cavab verm\u0259yib.<\/p>\n<p>Osman N\u0259rimano\u011flu 2022-ci il iyulun 5-d\u0259 h\u0259d\u0259-qorxu il\u0259 pul t\u0259l\u0259b etm\u0259kd\u0259 ittiham edil\u0259r\u0259k h\u0259bs edilib. Jurnalist ittiham\u0131 saxta adland\u0131r\u0131b, r\u0259hb\u0259rlik etdiyi sayt\u0131n korrupsiya faktlar\u0131 il\u0259 ba\u011fl\u0131 materiallar d\u0259rc etdiyin\u0259 g\u00f6r\u0259 Meliorasiya \u0130dar\u0259sinin m\u0259sul \u015f\u0259xsl\u0259ri, h\u0259m\u00e7inin Goranboy v\u0259 G\u00f6yg\u00f6l rayonlar\u0131n\u0131n h\u0259kiml\u0259ri t\u0259r\u0259find\u0259n ona b\u00f6htan at\u0131ld\u0131\u011f\u0131n\u0131 bildirib.<\/p>\n<p>Yanvar\u0131n 25-d\u0259 m\u0259hk\u0259m\u0259 Osmano\u011flunu 6,5 il m\u00fcdd\u0259tin\u0259 azadl\u0131qdan m\u0259hrum edib.<\/p>\n<p>H\u00fcquq m\u00fcdafi\u0259\u00e7il\u0259ri Osman N\u0259rimano\u011flunu siyasi m\u0259hbus kimi tan\u0131y\u0131b.<\/p>\n","protected":false},"excerpt":{"rendered":"<p>G\u0259nc\u0259 istintaq t\u0259cridxanas\u0131nda saxlan\u0131lan demokratik.az sayt\u0131n\u0131n r\u0259hb\u0259ri Osman N\u0259rimano\u011flu (Rzayev) m\u00fcdd\u0259tsiz acl\u0131q aksiyas\u0131na ba\u015flad\u0131\u011f\u0131n\u0131 bildirib. O, qanunsuz h\u0259bsin\u0259 v\u0259 birinci<\/p>\n","protected":false},"author":1,"featured_media":21111,"comment_status":"closed","ping_status":"closed","sticky":false,"template":"","format":"standard","meta":{"_jetpack_memberships_contains_paid_content":false,"footnotes":""},"categories":[30,29],"tags":[],"class_list":["post-21110","post","type-post","status-publish","format-standard","has-post-thumbnail","hentry","category-gundm","category-manset"],"aioseo_notices":[],"jetpack_featured_media_url":"https:\/\/basta2.com\/wp-content\/uploads\/2024\/05\/022a0000-0aff-0242-937e-08dae00c21f4_w640_h360_s.jpeg","jetpack_sharing_enabled":true,"_links":{"self":[{"href":"https:\/\/basta2.com\/index.php?rest_route=\/wp\/v2\/posts\/21110","targetHints":{"allow":["GET"]}}],"collection":[{"href":"https:\/\/basta2.com\/index.php?rest_route=\/wp\/v2\/posts"}],"about":[{"href":"https:\/\/basta2.com\/index.php?rest_route=\/wp\/v2\/types\/post"}],"author":[{"embeddable":true,"href":"https:\/\/basta2.com\/index.php?rest_route=\/wp\/v2\/users\/1"}],"replies":[{"embeddable":true,"href":"https:\/\/basta2.com\/index.php?rest_route=%2Fwp%2Fv2%2Fcomments&post=21110"}],"version-history":[{"count":3,"href":"https:\/\/basta2.com\/index.php?rest_route=\/wp\/v2\/posts\/21110\/revisions"}],"predecessor-version":[{"id":21120,"href":"https:\/\/basta2.com\/index.php?rest_route=\/wp\/v2\/posts\/21110\/revisions\/21120"}],"wp:featuredmedia":[{"embeddable":true,"href":"https:\/\/basta2.com\/index.php?rest_route=\/wp\/v2\/media\/21111"}],"wp:attachment":[{"href":"https:\/\/basta2.com\/index.php?rest_route=%2Fwp%2Fv2%2Fmedia&parent=21110"}],"wp:term":[{"taxonomy":"category","embeddable":true,"href":"https:\/\/basta2.com\/index.php?rest_route=%2Fwp%2Fv2%2Fcategories&post=21110"},{"taxonomy":"post_tag","embeddable":true,"href":"https:\/\/basta2.com\/index.php?rest_route=%2Fwp%2Fv2%2Ftags&post=21110"}],"curies":[{"name":"wp","href":"https:\/\/api.w.org\/{rel}","templated":true}]}}