{"id":21157,"date":"2024-05-21T09:07:12","date_gmt":"2024-05-21T06:07:12","guid":{"rendered":"https:\/\/basta2.com\/?p=21157"},"modified":"2024-05-21T09:07:12","modified_gmt":"2024-05-21T06:07:12","slug":"fazil-mustafaya-sui-q%c9%99sdd%c9%99n-sonra-h%c9%99bs-edil%c9%99n-qonsusu-b%c9%99ra%c9%99t-aldi-m%c9%99ni-s%c9%99h%c9%99r%c9%99-q%c9%99d%c9%99r-doydul%c9%99r","status":"publish","type":"post","link":"https:\/\/basta2.com\/?p=21157","title":{"rendered":"Fazil Mustafaya sui-q\u0259sdd\u0259n sonra h\u0259bs edil\u0259n qon\u015fusu b\u0259ra\u0259t ald\u0131: &#8216;M\u0259ni s\u0259h\u0259r\u0259 q\u0259d\u0259r d\u00f6yd\u00fcl\u0259r&#8217;"},"content":{"rendered":"<p>Deputat Fazil Mustafaya at\u0259\u015f a\u00e7\u0131landan sonra h\u0259bs edil\u0259n qon\u015fusu Yunis Quliyev bir il h\u0259bsd\u0259 saxlansa da, b\u0259ra\u0259t al\u0131b. Bak\u0131 A\u011f\u0131r Cinay\u0259tl\u0259r m\u0259hk\u0259m\u0259si bel\u0259 n\u0259tic\u0259y\u0259 g\u0259lib ki, onun t\u0259qsiri yoxdur.<\/p>\n<p>Quliyev sui-q\u0259sd hadis\u0259sind\u0259n iki g\u00fcn sonra narkotik ittiham\u0131yla h\u0259bs edilib. \u0130ddia olunur ki, Sabun\u00e7u rayonu, 15-ci polis b\u00f6lm\u0259sinin \u0259m\u0259kda\u015flar\u0131 \u0259m\u0259liyyat ke\u00e7irib, onu saxlayark\u0259n, cibind\u0259n 2,751 qram narkotik heroin tap\u0131l\u0131b.<\/p>\n<p>\u201cDedil\u0259r, \u0259vv\u0259l h\u0259bsd\u0259 olmusan?\u201d<br \/>\n34 ya\u015fl\u0131 Y.Quliyev is\u0259 deyir ki, yaland\u0131r, onu deputata sui-q\u0259sd \u00fcz\u00fcnd\u0259n saxlay\u0131b, sonra da narkotikl\u0259 \u015f\u0259rl\u0259y\u0259r\u0259k, h\u0259bs\u0259 g\u00f6nd\u0259ribl\u0259r. Onun s\u00f6zl\u0259rin\u0259 g\u00f6r\u0259, F.Mustafan\u0131n eviyl\u0259 onun ya\u015fad\u0131\u011f\u0131 ev aras\u0131nda t\u0259xmin\u0259n 30-40 metr m\u0259saf\u0259 var. Hadis\u0259 vaxt\u0131 evd\u0259 oldu\u011funu dey\u0259n Y.Quliyev m\u0259hk\u0259m\u0259d\u0259 dan\u0131\u015f\u0131b ki, az sonra polisl\u0259r evin\u0259 g\u0259lib, burada kamera olub-olmad\u0131\u011f\u0131n\u0131 soru\u015fublar:<\/p>\n<p>\u201cErt\u0259si g\u00fcn s\u0259h\u0259r yen\u0259 g\u0259ldil\u0259r. Dedil\u0259r, \u0259vv\u0259l h\u0259bsd\u0259 olmusan? Dedim, h\u0259, 7 ayd\u0131r \u00e7\u0131xm\u0131\u015fam. Avqustun 26-da h\u0259bsd\u0259n burax\u0131lm\u0131\u015fam, 30-dan i\u015f\u0259 ba\u015flam\u0131\u015fam. Dedil\u0259r ki, b\u00f6lm\u0259y\u0259 g\u0259l\u0259rs\u0259n. Anamla birlikd\u0259 getdim. Ax\u015fam\u00fcst\u00fc buraxd\u0131lar. Gec\u0259 saat 11-12 olard\u0131, 3 n\u0259f\u0259r polis yen\u0259 g\u0259ldi. M\u0259n\u0259 bildirdil\u0259r ki, \u201cdeputat\u0131n kameras\u0131na bir n\u0259f\u0259r qad\u0131n d\u00fc\u015f\u00fcb, s\u0259nin yolda\u015f\u0131ndan \u015f\u00fcbh\u0259l\u0259nirik\u201d. M\u0259ni v\u0259 yolda\u015f\u0131m\u0131 b\u00f6lm\u0259y\u0259 apard\u0131lar, amma ayr\u0131-ayr\u0131 otaqlara sald\u0131lar&#8230;\u201d<\/p>\n<p>Y.Quliyev bildirir ki, h\u0259min gec\u0259 onu polis b\u00f6lm\u0259sind\u0259 d\u00f6y\u00fcbl\u0259r. \u018fvv\u0259ll\u0259r narkotik ittiham\u0131yla h\u0259bsd\u0259 olmas\u0131n\u0131 \u0259sas g\u0259tirib, deputat\u0131 g\u00fcll\u0259l\u0259y\u0259nl\u0259ri tan\u0131d\u0131\u011f\u0131n\u0131 iddia edibl\u0259r. 7-8 n\u0259f\u0259rin onu d\u00f6yd\u00fcy\u00fcn\u00fc dey\u0259n Y.Quliyevin s\u00f6zl\u0259rin\u0259 g\u00f6r\u0259, h\u0259yat yolda\u015f\u0131n\u0131 da b\u00f6lm\u0259d\u0259 saxlay\u0131blar:<\/p>\n<p>\u201cM\u0259ni s\u0259h\u0259r\u0259c\u0259n d\u00f6yd\u00fcl\u0259r. Dedil\u0259r ki, yolda\u015f\u0131n\u0131, s\u0259ni d\u0259 10 kilo narkotikl\u0259 g\u00f6nd\u0259r\u0259c\u0259yik. Xahi\u015f el\u0259dim ki, he\u00e7 olmasa, yolda\u015f\u0131m\u0131 buraxs\u0131nlar, getsin ev\u0259. Dedil\u0259r ki, \u201cbir \u015f\u0259rtl\u0259 &#8211; narkotiki boynuna g\u00f6t\u00fcrm\u0259lis\u0259n\u201d. Yolda\u015f\u0131m\u0131 buraxandan sonra raz\u0131la\u015fd\u0131m, \u00e7\u0259kili\u015fd\u0259 d\u0259 onlar\u0131n ist\u0259diyi ifad\u0259ni verdim. Ail\u0259ml\u0259 h\u0259d\u0259l\u0259n\u0259nd\u0259n sonra m\u0259cbur oldum\u201d.<\/p>\n<p><strong>\u201c\u00dcst-ba\u015f\u0131 qan i\u00e7ind\u0259ydi\u2026\u201d<\/strong><\/p>\n<p>Y.Quliyev \u0259lav\u0259 edib ki, s\u0259n\u0259dl\u0259rd\u0259 ona d\u00f6vl\u0259t hesab\u0131na t\u0259yin edil\u0259n v\u0259kilin imzas\u0131 olsa da, h\u0259min \u015f\u0259xs ona v\u0259killik etm\u0259yib v\u0259 h\u0259min v\u0259kili ilk d\u0259f\u0259 h\u0259bs q\u0259rar\u0131 \u00fc\u00e7\u00fcn m\u0259hk\u0259m\u0259y\u0259 apar\u0131landa g\u00f6r\u00fcb.<\/p>\n<p>Y.Quliyevin i\u015fg\u0259nc\u0259 bar\u0259d\u0259 dedikl\u0259rini h\u0259yat yolda\u015f\u0131 Ramil\u0259 Quliyeva, anas\u0131 R\u0259na Quliyeva da t\u0259sdiql\u0259yib. H\u0259yat yolda\u015f\u0131 m\u0259hk\u0259m\u0259d\u0259 dan\u0131\u015f\u0131b ki, iki g\u00fcn onu da zirz\u0259mid\u0259 saxlay\u0131blar v\u0259 bu m\u00fcdd\u0259td\u0259 h\u0259yat yolda\u015f\u0131n\u0131n q\u0131\u015fq\u0131r\u0131q s\u0259sl\u0259rini e\u015fidib.<\/p>\n<p>Anas\u0131 deyir ki, o\u011flu v\u0259 g\u0259linini mart\u0131n 29-da gec\u0259 apar\u0131blar, ert\u0259si g\u00fcn b\u00f6lm\u0259y\u0259 gets\u0259 d\u0259, onlardan x\u0259b\u0259r ala bilm\u0259yib. Mart\u0131n 31-d\u0259 gedib b\u00f6lm\u0259d\u0259 o\u011flunu g\u00f6r\u00fcb:<\/p>\n<p>\u201c\u00dcst-ba\u015f\u0131 qan i\u00e7ind\u0259ydi, onu el\u0259 v\u0259ziyy\u0259t\u0259 qoymu\u015fdular. O v\u0259ziyy\u0259td\u0259 d\u0259 m\u0259nd\u0259n ist\u0259diyi bu idi ki, g\u0259lini tap\u0131m&#8230;\u201d<\/p>\n<p>Y.Quliyev haqq\u0131nda h\u0259bs q\u0259rar\u0131 \u00e7\u0131xar\u0131l\u0131b, polis idar\u0259sind\u0259n Bak\u0131 \u0130stintaq T\u0259cridxanas\u0131na k\u00f6\u00e7\u00fcr\u00fcl\u0259nd\u0259 d\u0259 x\u0259sar\u0259tl\u0259ri g\u00f6r\u00fcn\u00fcb. Bunu t\u0259cridxanan\u0131n h\u0259kiml\u0259ri qeyd\u0259 al\u0131blar. Onun yax\u0131nlar\u0131 da i\u015fg\u0259nc\u0259y\u0259 m\u0259ruz qalmas\u0131yla \u0259laq\u0259dar prokurorlu\u011fa v\u0259 ba\u015fqa qurumlara \u015fikay\u0259t edibl\u0259r. 15-ci b\u00f6lm\u0259nin polisl\u0259ri izahatlar\u0131nda onu d\u00f6ym\u0259dikl\u0259rini deyibl\u0259r. Sabun\u00e7u rayon prokurorlu\u011fu da i\u015fg\u0259nc\u0259 fakt\u0131n\u0131n t\u0259sdiqini tapmad\u0131\u011f\u0131n\u0131 iddia ed\u0259r\u0259k, cinay\u0259t i\u015fi ba\u015flatmay\u0131b.<\/p>\n<p>Dindirm\u0259 v\u0259 i\u015fd\u0259ki s\u0259n\u0259dl\u0259rin t\u0259dqiqind\u0259n sonra d\u00f6vl\u0259t hesab\u0131na t\u0259yin olunmu\u015f v\u0259kil V\u00fcqar \u018fhm\u0259dovun m\u00fcdafi\u0259 prosesind\u0259 i\u015ftirak\u0131 \u015f\u00fcbh\u0259 alt\u0131na al\u0131n\u0131b. M\u0259hk\u0259m\u0259 bel\u0259 n\u0259tic\u0259y\u0259 g\u0259lib ki, ad\u0131\u00e7\u0259kil\u0259n v\u0259kil s\u0259n\u0259dl\u0259r\u0259 sonradan imza at\u0131b. Bel\u0259likl\u0259, \u015f\u0259xsin polis b\u00f6lm\u0259sind\u0259 v\u0259kilsiz qalmad\u0131\u011f\u0131 g\u00f6r\u00fcnt\u00fcs\u00fc yarad\u0131l\u0131b.<\/p>\n<p>Bak\u0131 A\u011f\u0131r Cinay\u0259tl\u0259r M\u0259hk\u0259m\u0259si Y.Quliyevi t\u0259qsirsiz sayaraq, b\u0259ra\u0259t h\u00f6km\u00fcyl\u0259 azadl\u0131\u011fa buraxsa da, bundan naraz\u0131 qalan prokuror h\u00f6kmd\u0259n apellyasiya protesti verib. Haz\u0131rda protest\u0259 Bak\u0131 Apellyasiya M\u0259hk\u0259m\u0259sind\u0259 bax\u0131l\u0131r.<\/p>\n<p><strong>Xat\u0131rlatma\u00a0<\/strong><\/p>\n<p>Milli M\u0259clisin deputat\u0131 Fazil Mustafa \u00f6t\u0259n il mart\u0131n 28-d\u0259 ax\u015fam saat 9 rad\u0259l\u0259rind\u0259 Sabun\u00e7u rayonunun Zabrat q\u0259s\u0259b\u0259sind\u0259 ya\u015fad\u0131\u011f\u0131 evin qar\u015f\u0131s\u0131nda g\u00fcll\u0259y\u0259 tutulub. O, \u00e7iyin v\u0259 bud nahiy\u0259sind\u0259n yaralan\u0131b.<\/p>\n<p>F.Mustafaya sui-q\u0259sdl\u0259 ba\u011fl\u0131 5 n\u0259f\u0259r h\u0259bs edilib, onlar\u0131n m\u0259hk\u0259m\u0259si s\u00fcr\u00fcr. T\u0259qsirl\u0259ndiril\u0259n \u015f\u0259xsl\u0259r\u0259 d\u00f6vl\u0259t\u0259 x\u0259yan\u0259t, terror\u00e7uluq, d\u00f6vl\u0259t xadiminin h\u0259yat\u0131na sui-q\u0259sd d\u0259 daxil, bir s\u0131ra a\u011f\u0131r ittihamlar ir\u0259li s\u00fcr\u00fcl\u00fcb. Onlar\u0131n su\u00e7land\u0131\u011f\u0131 madd\u0259l\u0259rd\u0259 20 il\u0259d\u0259k v\u0259 ya \u00f6m\u00fcrl\u00fck h\u0259bs c\u0259zas\u0131 n\u0259z\u0259rd\u0259 tutulub.<\/p>\n<p>Azadl\u0131qRadiosu<\/p>\n","protected":false},"excerpt":{"rendered":"<p>Deputat Fazil Mustafaya at\u0259\u015f a\u00e7\u0131landan sonra h\u0259bs edil\u0259n qon\u015fusu Yunis Quliyev bir il h\u0259bsd\u0259 saxlansa da, b\u0259ra\u0259t al\u0131b. Bak\u0131 A\u011f\u0131r<\/p>\n","protected":false},"author":1,"featured_media":21158,"comment_status":"closed","ping_status":"closed","sticky":false,"template":"","format":"standard","meta":{"_jetpack_memberships_contains_paid_content":false,"footnotes":""},"categories":[30,29],"tags":[],"class_list":["post-21157","post","type-post","status-publish","format-standard","has-post-thumbnail","hentry","category-gundm","category-manset"],"aioseo_notices":[],"jetpack_featured_media_url":"https:\/\/basta2.com\/wp-content\/uploads\/2024\/05\/baki-ac-mehkeme.jpg","jetpack_sharing_enabled":true,"_links":{"self":[{"href":"https:\/\/basta2.com\/index.php?rest_route=\/wp\/v2\/posts\/21157","targetHints":{"allow":["GET"]}}],"collection":[{"href":"https:\/\/basta2.com\/index.php?rest_route=\/wp\/v2\/posts"}],"about":[{"href":"https:\/\/basta2.com\/index.php?rest_route=\/wp\/v2\/types\/post"}],"author":[{"embeddable":true,"href":"https:\/\/basta2.com\/index.php?rest_route=\/wp\/v2\/users\/1"}],"replies":[{"embeddable":true,"href":"https:\/\/basta2.com\/index.php?rest_route=%2Fwp%2Fv2%2Fcomments&post=21157"}],"version-history":[{"count":1,"href":"https:\/\/basta2.com\/index.php?rest_route=\/wp\/v2\/posts\/21157\/revisions"}],"predecessor-version":[{"id":21159,"href":"https:\/\/basta2.com\/index.php?rest_route=\/wp\/v2\/posts\/21157\/revisions\/21159"}],"wp:featuredmedia":[{"embeddable":true,"href":"https:\/\/basta2.com\/index.php?rest_route=\/wp\/v2\/media\/21158"}],"wp:attachment":[{"href":"https:\/\/basta2.com\/index.php?rest_route=%2Fwp%2Fv2%2Fmedia&parent=21157"}],"wp:term":[{"taxonomy":"category","embeddable":true,"href":"https:\/\/basta2.com\/index.php?rest_route=%2Fwp%2Fv2%2Fcategories&post=21157"},{"taxonomy":"post_tag","embeddable":true,"href":"https:\/\/basta2.com\/index.php?rest_route=%2Fwp%2Fv2%2Ftags&post=21157"}],"curies":[{"name":"wp","href":"https:\/\/api.w.org\/{rel}","templated":true}]}}