{"id":21160,"date":"2024-05-21T09:19:44","date_gmt":"2024-05-21T06:19:44","guid":{"rendered":"https:\/\/basta2.com\/?p=21160"},"modified":"2024-05-21T09:19:44","modified_gmt":"2024-05-21T06:19:44","slug":"t%c9%99briz-imami-q%c9%99zadan-1-saat-sonra-h%c9%99l%c9%99-sag-imis-yeni-t%c9%99f%c9%99rruatlar","status":"publish","type":"post","link":"https:\/\/basta2.com\/?p=21160","title":{"rendered":"T\u0259briz imam\u0131 q\u0259zadan 1 saat sonra h\u0259l\u0259 sa\u011f imi\u015f. Yeni t\u0259f\u0259rr\u00fcatlar"},"content":{"rendered":"<p>\u0130ran prezidenti \u0130brahim R\u0259isinin q\u0259zaya u\u011frayan helikopterind\u0259 olan \u0130ran\u0131n T\u0259briz \u015f\u0259h\u0259rind\u0259ki C\u00fcm\u0259 m\u0259scidinin imam\u0131 Seyid M\u0259h\u0259mm\u0259d\u0259li Al-Ha\u015fimin q\u0259zadan sonra bir saat \u0259rzind\u0259 hu\u015fu \u00f6z\u00fcnd\u0259 olub.<\/p>\n<p>Publika.az x\u0259b\u0259r verir ki, bunu \u0130ran\u0131n Kritik V\u0259ziyy\u0259tl\u0259rin \u0130dar\u0259 Edilm\u0259si \u00fczr\u0259 D\u00f6vl\u0259t T\u0259\u015fkilat\u0131n\u0131n r\u0259hb\u0259ri M\u0259h\u0259mm\u0259d H\u0259s\u0259n Nami deyib.<\/p>\n<p>&#8220;T\u0259briz imam\u0131 Ay\u0259tullah al-Ha\u015fimin meyiti dig\u0259r qurbanlara nisb\u0259t\u0259n daha yax\u015f\u0131 v\u0259ziyy\u0259td\u0259 olub v\u0259 daha az yan\u0131b. O, helikopter q\u0259zas\u0131ndan sonra bir saat ya\u015fay\u0131b&#8221;, &#8211; dey\u0259 Nami bildirib.<\/p>\n<p>O qeyd edib ki, imam h\u0259tta \u0130ran Prezident Administrasiyas\u0131n\u0131n r\u0259hb\u0259ri Qulamh\u00fcseyn \u0130smaili il\u0259 telefonla \u0259laq\u0259 saxlama\u011fa nail olub.<\/p>\n<p>Helikopterd\u0259 qalan yeddi n\u0259f\u0259r, o c\u00fcml\u0259d\u0259n prezident R\u0259isinin \u00f6z\u00fc, xarici i\u015fl\u0259r naziri H\u00fcseyn \u018fmir Abdullahian, \u015e\u0259rqi Az\u0259rbaycan vilay\u0259tinin qubernatoru Malik R\u0259hm\u0259ti, h\u0259m\u00e7inin t\u0259hl\u00fck\u0259sizlik i\u015f\u00e7il\u0259ri v\u0259 ekipaj \u00fczvl\u0259ri hadis\u0259 yerind\u0259 \u00f6l\u00fcbl\u0259r. Onlar\u0131n meyitl\u0259rind\u0259 ciddi yan\u0131q izl\u0259ri olub v\u0259 DNT testi apar\u0131lmadan \u015f\u0259xsiyy\u0259tl\u0259rini m\u00fc\u0259yy\u0259n etm\u0259k m\u00fcmk\u00fcn olmay\u0131b.<\/p>\n<p>Qeyd ed\u0259k ki, \u0130ran Prezidenti \u0130brahim R\u0259isi, xarici i\u015fl\u0259r naziri H\u00fcseyn \u018fmir Abdullahian, T\u0259brizin imam c\u00fcm\u0259si Ay\u0259tullah \u018fli Al-Ha\u015fim, \u015e\u0259rqi Az\u0259rbaycan vilay\u0259tinin valisi Malik R\u0259hm\u0259ti 19 mayda \u015e\u0259rqi Az\u0259rbaycan vilay\u0259tind\u0259 ba\u015f ver\u0259n helikopter q\u0259zas\u0131nda h\u0259lak olub.\u00a0(Oxu.az)<\/p>\n<p>Q\u0259zaya u\u011fram\u0131\u015f helikopter hadis\u0259d\u0259n t\u0259xmin\u0259n 16 saat sonra T\u00fcrkiy\u0259nin Ak\u0131n\u00e7\u0131 PUA-s\u0131 t\u0259r\u0259find\u0259n a\u015fkar edilib.<\/p>\n","protected":false},"excerpt":{"rendered":"<p>\u0130ran prezidenti \u0130brahim R\u0259isinin q\u0259zaya u\u011frayan helikopterind\u0259 olan \u0130ran\u0131n T\u0259briz \u015f\u0259h\u0259rind\u0259ki C\u00fcm\u0259 m\u0259scidinin imam\u0131 Seyid M\u0259h\u0259mm\u0259d\u0259li Al-Ha\u015fimin q\u0259zadan sonra bir<\/p>\n","protected":false},"author":1,"featured_media":21161,"comment_status":"closed","ping_status":"closed","sticky":false,"template":"","format":"standard","meta":{"_jetpack_memberships_contains_paid_content":false,"footnotes":""},"categories":[32,29],"tags":[],"class_list":["post-21160","post","type-post","status-publish","format-standard","has-post-thumbnail","hentry","category-dunya","category-manset"],"aioseo_notices":[],"jetpack_featured_media_url":"https:\/\/basta2.com\/wp-content\/uploads\/2024\/05\/tebriz-imami.jpg","jetpack_sharing_enabled":true,"_links":{"self":[{"href":"https:\/\/basta2.com\/index.php?rest_route=\/wp\/v2\/posts\/21160","targetHints":{"allow":["GET"]}}],"collection":[{"href":"https:\/\/basta2.com\/index.php?rest_route=\/wp\/v2\/posts"}],"about":[{"href":"https:\/\/basta2.com\/index.php?rest_route=\/wp\/v2\/types\/post"}],"author":[{"embeddable":true,"href":"https:\/\/basta2.com\/index.php?rest_route=\/wp\/v2\/users\/1"}],"replies":[{"embeddable":true,"href":"https:\/\/basta2.com\/index.php?rest_route=%2Fwp%2Fv2%2Fcomments&post=21160"}],"version-history":[{"count":1,"href":"https:\/\/basta2.com\/index.php?rest_route=\/wp\/v2\/posts\/21160\/revisions"}],"predecessor-version":[{"id":21162,"href":"https:\/\/basta2.com\/index.php?rest_route=\/wp\/v2\/posts\/21160\/revisions\/21162"}],"wp:featuredmedia":[{"embeddable":true,"href":"https:\/\/basta2.com\/index.php?rest_route=\/wp\/v2\/media\/21161"}],"wp:attachment":[{"href":"https:\/\/basta2.com\/index.php?rest_route=%2Fwp%2Fv2%2Fmedia&parent=21160"}],"wp:term":[{"taxonomy":"category","embeddable":true,"href":"https:\/\/basta2.com\/index.php?rest_route=%2Fwp%2Fv2%2Fcategories&post=21160"},{"taxonomy":"post_tag","embeddable":true,"href":"https:\/\/basta2.com\/index.php?rest_route=%2Fwp%2Fv2%2Ftags&post=21160"}],"curies":[{"name":"wp","href":"https:\/\/api.w.org\/{rel}","templated":true}]}}