{"id":21204,"date":"2024-05-27T11:08:12","date_gmt":"2024-05-27T08:08:12","guid":{"rendered":"https:\/\/basta2.com\/?p=21204"},"modified":"2024-05-27T14:48:39","modified_gmt":"2024-05-27T11:48:39","slug":"yerevanda-etirazcilar-yollari-bagladi-polis-h%c9%99r%c9%99k%c9%99t%c9%99-kecdi","status":"publish","type":"post","link":"https:\/\/basta2.com\/?p=21204","title":{"rendered":"Yerevanda etiraz\u00e7\u0131lar yollar\u0131 ba\u011flad\u0131 &#8211; polis h\u0259r\u0259k\u0259t\u0259 ke\u00e7di"},"content":{"rendered":"<p>Bazar ert\u0259si s\u0259h\u0259r tezd\u0259n Yerevan\u0131n m\u00fcxt\u0259lif yerl\u0259rind\u0259 ita\u0259tsizlik n\u00fcmayi\u015fl\u0259ri ke\u00e7irilir. Paytaxt\u0131n m\u00fcxt\u0259lif yerl\u0259rind\u0259 etiraz\u00e7\u0131lar yollar\u0131 ba\u011flayaraq, n\u0259qliyyat\u0131n h\u0259r\u0259k\u0259tini iflic etm\u0259y\u0259 \u00e7al\u0131\u015f\u0131rlar.<\/p>\n<p>Bir g\u00fcn \u0259vv\u0259l Respublika meydan\u0131nda ke\u00e7iril\u0259n mitinqd\u0259 \u00e7\u0131x\u0131\u015f ed\u0259n Tavu\u015f yeparxiyas\u0131n\u0131n ba\u015f\u00e7\u0131s\u0131 Baqrat Qalstanyan bildirib ki, yaln\u0131z Lori v\u0259 Tavu\u015fa ged\u0259n yollar a\u00e7\u0131q qalmal\u0131d\u0131r.<\/p>\n<p>\u201cBiz onlara t\u0259zyiq g\u00f6st\u0259rm\u0259liyik, i\u015f\u0259 g\u0259lm\u0259l\u0259rin\u0259 imkan verm\u0259m\u0259liyik, \u00e7\u00fcnki onlar\u0131n i\u015fi yoxdur, uzun m\u00fcdd\u0259tdir bu i\u015fd\u0259n uzaqla\u015fd\u0131r\u0131l\u0131blar, he\u00e7 n\u0259y\u0259 g\u00f6r\u0259 m\u0259suliyy\u0259t da\u015f\u0131m\u0131rlar. H\u0259m m\u0259n\u0259vi, h\u0259m d\u0259 h\u00fcquqi c\u0259h\u0259td\u0259n \u00f6zl\u0259rini m\u0259mur olmaq h\u00fcququndan tamamil\u0259 m\u0259hrum etdil\u0259r\u201d, \u2013 arxiyepiskop deyib.<\/p>\n<p>Yerevanda n\u0259qliyyat\u0131n h\u0259r\u0259k\u0259tini t\u0259min etm\u0259k \u00fc\u00e7\u00fcn polis h\u0259r\u0259k\u0259t\u0259 ke\u00e7ib. 240 etiraz\u00e7\u0131n\u0131n saxland\u0131\u011f\u0131 bildirilir.<\/p>\n<p><img loading=\"lazy\" decoding=\"async\" class=\"size-full wp-image-21208\" src=\"https:\/\/basta2.com\/wp-content\/uploads\/2024\/05\/yerevanda-etiraz.jpg\" alt=\"\" width=\"2000\" height=\"1493\" srcset=\"https:\/\/basta2.com\/wp-content\/uploads\/2024\/05\/yerevanda-etiraz.jpg 2000w, https:\/\/basta2.com\/wp-content\/uploads\/2024\/05\/yerevanda-etiraz-300x224.jpg 300w, https:\/\/basta2.com\/wp-content\/uploads\/2024\/05\/yerevanda-etiraz-1024x764.jpg 1024w, https:\/\/basta2.com\/wp-content\/uploads\/2024\/05\/yerevanda-etiraz-768x573.jpg 768w, https:\/\/basta2.com\/wp-content\/uploads\/2024\/05\/yerevanda-etiraz-1536x1147.jpg 1536w\" sizes=\"auto, (max-width: 2000px) 100vw, 2000px\" \/><\/p>\n<p>&nbsp;<\/p>\n<p>Xat\u0131rladaq ki, d\u00fcn\u0259n ke\u00e7iril\u0259n mitinqd\u0259 h\u0259r\u0259kat\u0131n ba\u015f nazir postuna namiz\u0259dinin Baqrat Qalstanyan oldu\u011fu a\u00e7\u0131qlan\u0131b. O, 30 illik kils\u0259 xidm\u0259tinin dayand\u0131r\u0131lmas\u0131 \u00fc\u00e7\u00fcn katolikoslara m\u00fcraci\u0259t ed\u0259c\u0259yini bildirib.<\/p>\n<p>Bazar g\u00fcn\u00fc ke\u00e7iril\u0259n mitinqd\u0259 20 mind\u0259n \u00e7ox etiraz\u00e7\u0131n\u0131n i\u015ftirak etdiyi, polisin dinc aksiyaya m\u00fcdaxil\u0259 etm\u0259diyi bildirilir.<\/p>\n<p>Basta<\/p>\n","protected":false},"excerpt":{"rendered":"<p>Bazar ert\u0259si s\u0259h\u0259r tezd\u0259n Yerevan\u0131n m\u00fcxt\u0259lif yerl\u0259rind\u0259 ita\u0259tsizlik n\u00fcmayi\u015fl\u0259ri ke\u00e7irilir. Paytaxt\u0131n m\u00fcxt\u0259lif yerl\u0259rind\u0259 etiraz\u00e7\u0131lar yollar\u0131 ba\u011flayaraq, n\u0259qliyyat\u0131n h\u0259r\u0259k\u0259tini iflic etm\u0259y\u0259<\/p>\n","protected":false},"author":1,"featured_media":21207,"comment_status":"closed","ping_status":"closed","sticky":false,"template":"","format":"standard","meta":{"_jetpack_memberships_contains_paid_content":false,"footnotes":""},"categories":[32,29],"tags":[],"class_list":["post-21204","post","type-post","status-publish","format-standard","has-post-thumbnail","hentry","category-dunya","category-manset"],"aioseo_notices":[],"jetpack_featured_media_url":"https:\/\/basta2.com\/wp-content\/uploads\/2024\/05\/yerevanda-etiraz-2-2.jpg","jetpack_sharing_enabled":true,"_links":{"self":[{"href":"https:\/\/basta2.com\/index.php?rest_route=\/wp\/v2\/posts\/21204","targetHints":{"allow":["GET"]}}],"collection":[{"href":"https:\/\/basta2.com\/index.php?rest_route=\/wp\/v2\/posts"}],"about":[{"href":"https:\/\/basta2.com\/index.php?rest_route=\/wp\/v2\/types\/post"}],"author":[{"embeddable":true,"href":"https:\/\/basta2.com\/index.php?rest_route=\/wp\/v2\/users\/1"}],"replies":[{"embeddable":true,"href":"https:\/\/basta2.com\/index.php?rest_route=%2Fwp%2Fv2%2Fcomments&post=21204"}],"version-history":[{"count":5,"href":"https:\/\/basta2.com\/index.php?rest_route=\/wp\/v2\/posts\/21204\/revisions"}],"predecessor-version":[{"id":21213,"href":"https:\/\/basta2.com\/index.php?rest_route=\/wp\/v2\/posts\/21204\/revisions\/21213"}],"wp:featuredmedia":[{"embeddable":true,"href":"https:\/\/basta2.com\/index.php?rest_route=\/wp\/v2\/media\/21207"}],"wp:attachment":[{"href":"https:\/\/basta2.com\/index.php?rest_route=%2Fwp%2Fv2%2Fmedia&parent=21204"}],"wp:term":[{"taxonomy":"category","embeddable":true,"href":"https:\/\/basta2.com\/index.php?rest_route=%2Fwp%2Fv2%2Fcategories&post=21204"},{"taxonomy":"post_tag","embeddable":true,"href":"https:\/\/basta2.com\/index.php?rest_route=%2Fwp%2Fv2%2Ftags&post=21204"}],"curies":[{"name":"wp","href":"https:\/\/api.w.org\/{rel}","templated":true}]}}