{"id":21341,"date":"2024-06-20T21:03:39","date_gmt":"2024-06-20T18:03:39","guid":{"rendered":"https:\/\/basta2.com\/?p=21341"},"modified":"2024-06-20T21:03:39","modified_gmt":"2024-06-20T18:03:39","slug":"musavat-divaninin-gund%c9%99liyi-54","status":"publish","type":"post","link":"https:\/\/basta2.com\/?p=21341","title":{"rendered":"M\u00fcsavat Divan\u0131n\u0131n g\u00fcnd\u0259liyi"},"content":{"rendered":"<p>\u0130yunun 20- d\u0259 M\u00fcsavat Partiyas\u0131 Divan\u0131n\u0131n n\u00f6vb\u0259ti iclas\u0131 ke\u00e7irilib. \u0130clasda \u00f6t\u0259n h\u0259ft\u0259 \u0259rzind\u0259 g\u00f6r\u00fcl\u0259n i\u015fl\u0259r bar\u0259d\u0259 m\u0259lumat dinl\u0259nilib.<\/p>\n<p>M\u0259rk\u0259zi \u0130cra Aparat\u0131n\u0131n r\u0259hb\u0259ri G\u00fcla\u011fa Aslanl\u0131 Az\u0259rbaycan milli-azadl\u0131q h\u0259r\u0259kat\u0131n\u0131n lideri, m\u0259rhum prezident \u018fb\u00fclf\u0259z El\u00e7ib\u0259yin anadan olmas\u0131n\u0131n ild\u00f6n\u00fcm\u00fc il\u0259 \u0259laq\u0259dar 24 iyun saat 12-d\u0259 F\u0259xri Xiyabanda ke\u00e7iril\u0259c\u0259k An\u0131m T\u0259dbiri bar\u0259d\u0259 m\u0259lumat verib.<\/p>\n<p>Se\u00e7ki m\u0259s\u0259l\u0259si m\u00fczakir\u0259 olunub. Az\u0259rbaycanda n\u00f6vb\u0259d\u0259nk\u0259nar parlament se\u00e7kil\u0259rinin ke\u00e7iril\u0259c\u0259yi haqda m\u0259lumatlar\u0131n intensivl\u0259\u015fdiyi, bu s\u0259b\u0259bd\u0259n partiya daxilind\u0259 m\u00fczakir\u0259l\u0259rin davam ed\u0259c\u0259yi bildirilib. Se\u00e7kil\u0259rin vaxt\u0131 il\u0259 ba\u011fl\u0131 ictimaiyy\u0259t\u0259 m\u0259lumat\u0131n verilm\u0259m\u0259si m\u0259nfi qiym\u0259tl\u0259ndirilib.<\/p>\n<p>Partiya ba\u015fqan\u0131 \u0130sa Q\u0259mb\u0259r \u00f6lk\u0259d\u0259 v\u0259 d\u00fcnyada ba\u015f ver\u0259n siyasi prosesl\u0259r haqda m\u0259lumat verib. Bildirilib ki, BMT T\u0259hl\u00fck\u0259sizlik \u015euras\u0131 \u00fczv\u00fc olan bir \u00f6lk\u0259 kimi Fransan\u0131n m\u00fcnaqi\u015f\u0259l\u0259ri k\u00f6r\u00fckl\u0259y\u0259n b\u0259yanatlar verm\u0259si v\u0259 add\u0131mlar atmas\u0131 t\u0259\u0259ss\u00fcf do\u011furur.<br \/>\nM\u00fcsavat Partiyas\u0131n\u0131n Rusiya h\u0259rbi q\u00fcvv\u0259l\u0259rinin b\u00fct\u00fcn C\u0259nubi Qafqazdan \u00e7\u0131xar\u0131lmas\u0131 z\u0259rur\u0259ti bar\u0259d\u0259 prinsipial m\u00f6vqeyi xat\u0131rlad\u0131l\u0131b, eyni zamanda h\u0259r hans\u0131 ba\u015fqa d\u00f6vl\u0259tin, o c\u00fcml\u0259d\u0259n Fransan\u0131n regionda h\u0259rbi q\u00fcvv\u0259 yerl\u0259\u015fdirilm\u0259si t\u0259\u015f\u015f\u0259b\u00fcs\u00fcn\u00fcn z\u0259r\u0259rli oldu\u011fu, bunun C\u0259nubi Qafqazda s\u00fclh\u0259 v\u0259 \u0259min-amanl\u0131\u011fa xidm\u0259t etm\u0259diyi vur\u011fulan\u0131b.<\/p>\n<p>Sonda cari m\u0259s\u0259l\u0259l\u0259r m\u00fczakir\u0259 olunub<\/p>\n","protected":false},"excerpt":{"rendered":"<p>\u0130yunun 20- d\u0259 M\u00fcsavat Partiyas\u0131 Divan\u0131n\u0131n n\u00f6vb\u0259ti iclas\u0131 ke\u00e7irilib. \u0130clasda \u00f6t\u0259n h\u0259ft\u0259 \u0259rzind\u0259 g\u00f6r\u00fcl\u0259n i\u015fl\u0259r bar\u0259d\u0259 m\u0259lumat dinl\u0259nilib. M\u0259rk\u0259zi \u0130cra<\/p>\n","protected":false},"author":1,"featured_media":13766,"comment_status":"closed","ping_status":"closed","sticky":false,"template":"","format":"standard","meta":{"_jetpack_memberships_contains_paid_content":false,"footnotes":""},"categories":[29,36],"tags":[],"class_list":["post-21341","post","type-post","status-publish","format-standard","has-post-thumbnail","hentry","category-manset","category-siyast"],"aioseo_notices":[],"jetpack_featured_media_url":"https:\/\/basta2.com\/wp-content\/uploads\/2022\/06\/Musavat-loqo-1-3.jpg","jetpack_sharing_enabled":true,"_links":{"self":[{"href":"https:\/\/basta2.com\/index.php?rest_route=\/wp\/v2\/posts\/21341","targetHints":{"allow":["GET"]}}],"collection":[{"href":"https:\/\/basta2.com\/index.php?rest_route=\/wp\/v2\/posts"}],"about":[{"href":"https:\/\/basta2.com\/index.php?rest_route=\/wp\/v2\/types\/post"}],"author":[{"embeddable":true,"href":"https:\/\/basta2.com\/index.php?rest_route=\/wp\/v2\/users\/1"}],"replies":[{"embeddable":true,"href":"https:\/\/basta2.com\/index.php?rest_route=%2Fwp%2Fv2%2Fcomments&post=21341"}],"version-history":[{"count":1,"href":"https:\/\/basta2.com\/index.php?rest_route=\/wp\/v2\/posts\/21341\/revisions"}],"predecessor-version":[{"id":21342,"href":"https:\/\/basta2.com\/index.php?rest_route=\/wp\/v2\/posts\/21341\/revisions\/21342"}],"wp:featuredmedia":[{"embeddable":true,"href":"https:\/\/basta2.com\/index.php?rest_route=\/wp\/v2\/media\/13766"}],"wp:attachment":[{"href":"https:\/\/basta2.com\/index.php?rest_route=%2Fwp%2Fv2%2Fmedia&parent=21341"}],"wp:term":[{"taxonomy":"category","embeddable":true,"href":"https:\/\/basta2.com\/index.php?rest_route=%2Fwp%2Fv2%2Fcategories&post=21341"},{"taxonomy":"post_tag","embeddable":true,"href":"https:\/\/basta2.com\/index.php?rest_route=%2Fwp%2Fv2%2Ftags&post=21341"}],"curies":[{"name":"wp","href":"https:\/\/api.w.org\/{rel}","templated":true}]}}