{"id":21359,"date":"2024-06-23T22:48:45","date_gmt":"2024-06-23T19:48:45","guid":{"rendered":"https:\/\/basta2.com\/?p=21359"},"modified":"2024-06-24T09:19:54","modified_gmt":"2024-06-24T06:19:54","slug":"dagistanda-terror-aktlari-ol%c9%99nl%c9%99rin-sayi-artir","status":"publish","type":"post","link":"https:\/\/basta2.com\/?p=21359","title":{"rendered":"Da\u011f\u0131standa terror aktlar\u0131: \u00f6l\u0259nl\u0259rin say\u0131 art\u0131r"},"content":{"rendered":"<p>Da\u011f\u0131stan\u0131n r\u0259hb\u0259ri Sergey Melikov bildirib ki, iyunun 23-d\u0259 silahl\u0131lar\u0131n h\u00fccumu zaman\u0131 polis \u0259m\u0259kda\u015flar\u0131 v\u0259 bir ne\u00e7\u0259 m\u00fclki \u015f\u0259xs h\u0259lak olub, antiterror \u0259m\u0259liyyat\u0131 zaman\u0131 is\u0259 alt\u0131 h\u00fccum\u00e7u \u00f6ld\u00fcr\u00fcl\u00fcb.<\/p>\n<p>&#8220;Da\u011f\u0131standa 15-d\u0259n \u00e7ox polis \u0259m\u0259kda\u015f\u0131 bug\u00fcnk\u00fc terror akt\u0131n\u0131n qurban\u0131 olub\u201d, &#8211; dey\u0259 respublika ba\u015f\u00e7\u0131s\u0131 Telegram kanal\u0131nda yay\u0131mlad\u0131\u011f\u0131 videom\u00fcraci\u0259td\u0259 bildirib.<\/p>\n<p>Onun s\u00f6zl\u0259rin\u0259 g\u00f6r\u0259, toqqu\u015fmalar zaman\u0131 \u201cbir ne\u00e7\u0259 m\u00fclki \u015f\u0259xs\u201d \u00f6ld\u00fcr\u00fcl\u00fcb; Da\u011f\u0131stan\u0131n r\u0259hb\u0259ri qeyd edib ki, h\u0259lak olan m\u00fclki \u015f\u0259xsl\u0259r aras\u0131nda\u00a0 40 ild\u0259n art\u0131q D\u0259rb\u0259ndd\u0259ki pravoslav kils\u0259sind\u0259 xidm\u0259t etmi\u015f ke\u015fi\u015f d\u0259 var. Da\u011f\u0131stan r\u0259hb\u0259ri \u0259lav\u0259 edib ki, \u00f6l\u0259n v\u0259 yaralananlar\u0131n ail\u0259l\u0259rin\u0259 maddi yard\u0131m g\u00f6st\u0259ril\u0259c\u0259k.<\/p>\n<p>***<\/p>\n<p>Avtomatlarla silahlanm\u0131\u015f nam\u0259lum \u015f\u0259xsl\u0259r D\u0259rb\u0259ndd\u0259 pravoslav kils\u0259sin\u0259 v\u0259 sinaqoqa, h\u0259m\u00e7inin Maha\u00e7qalada yol polisi postuna v\u0259 kils\u0259y\u0259 h\u00fccum edibl\u0259r.<\/p>\n<p>Bununla ba\u011fl\u0131 Rusiya Federasiyas\u0131 \u0130stintaq Komit\u0259si terror akt\u0131 il\u0259 ba\u011fl\u0131 cinay\u0259t i\u015fi a\u00e7\u0131b. Da\u011f\u0131standa antiterror \u0259m\u0259liyyat\u0131 rejimi elan edilib.<\/p>\n<p>\u0130lkin m\u0259lumatlara g\u00f6r\u0259, 9 n\u0259f\u0259r \u00f6l\u00fcb, onlardan 7-si polis \u0259m\u0259kda\u015f\u0131d\u0131r. 25 n\u0259f\u0259r yaralan\u0131b. Bundan \u0259lav\u0259, silahl\u0131lar\u0131n D\u0259rb\u0259ndd\u0259 pravoslav kils\u0259sinin rektorunu \u00f6ld\u00fcrd\u00fcy\u00fc m\u0259lumdur.<\/p>\n<p>Maha\u00e7qalada terrorda \u015f\u00fcbh\u0259li bilin\u0259n iki n\u0259f\u0259r \u00f6ld\u00fcr\u00fcl\u00fcb, Da\u011f\u0131stan Daxili \u0130\u015fl\u0259r Nazirliyi m\u0259lumat yay\u0131b. \u015e\u0259h\u0259r \u00e7im\u0259rliyind\u0259 h\u00fccumda i\u015ftirak ed\u0259n daha iki n\u0259f\u0259r saxlan\u0131l\u0131b.<\/p>\n<p>D\u0259rb\u0259ndd\u0259, K\u0130V-in m\u0259lumat\u0131na g\u00f6r\u0259, silahl\u0131lar\u0131n s\u0131\u011f\u0131nd\u0131\u011f\u0131 binaya basq\u0131n olub. \u015e\u0259h\u0259rin m\u0259rk\u0259zi hiss\u0259si elektriksiz qal\u0131b. D\u0259rb\u0259nd v\u0259 Maha\u00e7qala k\u00fc\u00e7\u0259l\u0259rind\u0259 h\u0259rbi texnika g\u00f6r\u00fcnt\u00fcl\u0259nib.<\/p>\n<p>Versiyalardan birin\u0259 g\u00f6r\u0259, h\u00fccum ed\u0259nl\u0259rin \u201cbeyn\u0259lxalq terror t\u0259\u015fkilatlar\u0131\u201d il\u0259 \u0259laq\u0259si ola bil\u0259r.<\/p>\n<p>Da\u011f\u0131stan\u0131n Serqokalinski rayonunun r\u0259hb\u0259ri Maqomed \u00d6m\u0259rov istefa \u0259riz\u0259si yaz\u0131b. K\u0130V-in m\u0259lumat\u0131na g\u00f6r\u0259, h\u00fccumda onun iki o\u011flu i\u015ftirak edib. Onlar \u00f6ld\u00fcr\u00fcl\u00fcb.<\/p>\n","protected":false},"excerpt":{"rendered":"<p>Da\u011f\u0131stan\u0131n r\u0259hb\u0259ri Sergey Melikov bildirib ki, iyunun 23-d\u0259 silahl\u0131lar\u0131n h\u00fccumu zaman\u0131 polis \u0259m\u0259kda\u015flar\u0131 v\u0259 bir ne\u00e7\u0259 m\u00fclki \u015f\u0259xs h\u0259lak olub,<\/p>\n","protected":false},"author":1,"featured_media":21363,"comment_status":"closed","ping_status":"closed","sticky":false,"template":"","format":"standard","meta":{"_jetpack_memberships_contains_paid_content":false,"footnotes":""},"categories":[32,29],"tags":[],"class_list":["post-21359","post","type-post","status-publish","format-standard","has-post-thumbnail","hentry","category-dunya","category-manset"],"aioseo_notices":[],"jetpack_featured_media_url":"https:\/\/basta2.com\/wp-content\/uploads\/2024\/06\/443f121875_5.webp","jetpack_sharing_enabled":true,"_links":{"self":[{"href":"https:\/\/basta2.com\/index.php?rest_route=\/wp\/v2\/posts\/21359","targetHints":{"allow":["GET"]}}],"collection":[{"href":"https:\/\/basta2.com\/index.php?rest_route=\/wp\/v2\/posts"}],"about":[{"href":"https:\/\/basta2.com\/index.php?rest_route=\/wp\/v2\/types\/post"}],"author":[{"embeddable":true,"href":"https:\/\/basta2.com\/index.php?rest_route=\/wp\/v2\/users\/1"}],"replies":[{"embeddable":true,"href":"https:\/\/basta2.com\/index.php?rest_route=%2Fwp%2Fv2%2Fcomments&post=21359"}],"version-history":[{"count":2,"href":"https:\/\/basta2.com\/index.php?rest_route=\/wp\/v2\/posts\/21359\/revisions"}],"predecessor-version":[{"id":21365,"href":"https:\/\/basta2.com\/index.php?rest_route=\/wp\/v2\/posts\/21359\/revisions\/21365"}],"wp:featuredmedia":[{"embeddable":true,"href":"https:\/\/basta2.com\/index.php?rest_route=\/wp\/v2\/media\/21363"}],"wp:attachment":[{"href":"https:\/\/basta2.com\/index.php?rest_route=%2Fwp%2Fv2%2Fmedia&parent=21359"}],"wp:term":[{"taxonomy":"category","embeddable":true,"href":"https:\/\/basta2.com\/index.php?rest_route=%2Fwp%2Fv2%2Fcategories&post=21359"},{"taxonomy":"post_tag","embeddable":true,"href":"https:\/\/basta2.com\/index.php?rest_route=%2Fwp%2Fv2%2Ftags&post=21359"}],"curies":[{"name":"wp","href":"https:\/\/api.w.org\/{rel}","templated":true}]}}