{"id":21495,"date":"2024-07-23T11:53:51","date_gmt":"2024-07-23T08:53:51","guid":{"rendered":"https:\/\/basta2.com\/?p=21495"},"modified":"2024-07-23T11:53:51","modified_gmt":"2024-07-23T08:53:51","slug":"abs-s%c9%99firliyi-az%c9%99rbaycani-haqsiz-h%c9%99bs-olunanlari-azad-etm%c9%99y%c9%99-cagirdi","status":"publish","type":"post","link":"https:\/\/basta2.com\/?p=21495","title":{"rendered":"AB\u015e S\u0259firliyi Az\u0259rbaycan\u0131 haqs\u0131z h\u0259bs olunanlar\u0131 azad etm\u0259y\u0259 \u00e7a\u011f\u0131rd\u0131"},"content":{"rendered":"<div class=\"post--info post--cats\">\n<div class=\"title \">\n<h1 class=\"h4 some-class-name2\"><\/h1>\n<\/div>\n<\/div>\n<div class=\"post--content some-class-name2\">\n<p>\u201cBiz Az\u0259rbaycan\u0131 beyn\u0259lxalq insan h\u00fcquqlar\u0131 \u00f6hd\u0259likl\u0259rin\u0259 \u0259m\u0259l etm\u0259y\u0259 v\u0259 haqs\u0131z yer\u0259 h\u0259bs edilmi\u015f b\u00fct\u00fcn \u015f\u0259xsl\u0259ri azad etm\u0259y\u0259 \u00e7a\u011f\u0131rmaqda davam edirik\u201d. Bu bar\u0259d\u0259 AB\u015e-\u0131n Az\u0259rbaycandak\u0131 s\u0259firliynin Az\u0259rbaycanda Milli M\u0259tbuat v\u0259 Jurnalistika G\u00fcn\u00fc il\u0259 ba\u011fl\u0131 a\u00e7\u0131qlamas\u0131nda deyilir.<\/p>\n<p>\u201cAz\u0259rbaycan\u0131n Milli M\u0259tbuat G\u00fcn\u00fcnd\u0259 biz bu \u00f6lk\u0259nin jurnalistl\u0259rinin i\u015fini qeyd edirik v\u0259 demokratiya \u00fc\u00e7\u00fcn canl\u0131, m\u00fcst\u0259qil median\u0131n \u0259h\u0259miyy\u0259tini bir daha vur\u011fulay\u0131r\u0131q. AB\u015e h\u00f6kum\u0259ti t\u0259lim, t\u0259hsil v\u0259 m\u00fcbadil\u0259 proqramlar\u0131 vasit\u0259sil\u0259 d\u00fcnyada pe\u015f\u0259kar jurnalistikan\u0131n inki\u015faf\u0131n\u0131 d\u0259st\u0259kl\u0259m\u0259y\u0259 sadiqdir\u201d, s\u0259firliyin X platformas\u0131nda yayd\u0131\u011f\u0131 a\u00e7\u0131qlamada deyilir.<\/p>\n<\/div>\n","protected":false},"excerpt":{"rendered":"<p>\u201cBiz Az\u0259rbaycan\u0131 beyn\u0259lxalq insan h\u00fcquqlar\u0131 \u00f6hd\u0259likl\u0259rin\u0259 \u0259m\u0259l etm\u0259y\u0259 v\u0259 haqs\u0131z yer\u0259 h\u0259bs edilmi\u015f b\u00fct\u00fcn \u015f\u0259xsl\u0259ri azad etm\u0259y\u0259 \u00e7a\u011f\u0131rmaqda davam edirik\u201d.<\/p>\n","protected":false},"author":1,"featured_media":2263,"comment_status":"closed","ping_status":"closed","sticky":false,"template":"","format":"standard","meta":{"_jetpack_memberships_contains_paid_content":false,"footnotes":""},"categories":[30,29],"tags":[],"class_list":["post-21495","post","type-post","status-publish","format-standard","has-post-thumbnail","hentry","category-gundm","category-manset"],"aioseo_notices":[],"jetpack_featured_media_url":"https:\/\/basta2.com\/wp-content\/uploads\/2020\/09\/Amerika-sefirliyi.jpg","jetpack_sharing_enabled":true,"_links":{"self":[{"href":"https:\/\/basta2.com\/index.php?rest_route=\/wp\/v2\/posts\/21495","targetHints":{"allow":["GET"]}}],"collection":[{"href":"https:\/\/basta2.com\/index.php?rest_route=\/wp\/v2\/posts"}],"about":[{"href":"https:\/\/basta2.com\/index.php?rest_route=\/wp\/v2\/types\/post"}],"author":[{"embeddable":true,"href":"https:\/\/basta2.com\/index.php?rest_route=\/wp\/v2\/users\/1"}],"replies":[{"embeddable":true,"href":"https:\/\/basta2.com\/index.php?rest_route=%2Fwp%2Fv2%2Fcomments&post=21495"}],"version-history":[{"count":1,"href":"https:\/\/basta2.com\/index.php?rest_route=\/wp\/v2\/posts\/21495\/revisions"}],"predecessor-version":[{"id":21496,"href":"https:\/\/basta2.com\/index.php?rest_route=\/wp\/v2\/posts\/21495\/revisions\/21496"}],"wp:featuredmedia":[{"embeddable":true,"href":"https:\/\/basta2.com\/index.php?rest_route=\/wp\/v2\/media\/2263"}],"wp:attachment":[{"href":"https:\/\/basta2.com\/index.php?rest_route=%2Fwp%2Fv2%2Fmedia&parent=21495"}],"wp:term":[{"taxonomy":"category","embeddable":true,"href":"https:\/\/basta2.com\/index.php?rest_route=%2Fwp%2Fv2%2Fcategories&post=21495"},{"taxonomy":"post_tag","embeddable":true,"href":"https:\/\/basta2.com\/index.php?rest_route=%2Fwp%2Fv2%2Ftags&post=21495"}],"curies":[{"name":"wp","href":"https:\/\/api.w.org\/{rel}","templated":true}]}}