{"id":21551,"date":"2024-08-02T15:24:02","date_gmt":"2024-08-02T12:24:02","guid":{"rendered":"https:\/\/basta2.com\/?p=21551"},"modified":"2024-08-02T15:24:02","modified_gmt":"2024-08-02T12:24:02","slug":"ismayillida-musavata-imza-ver%c9%99n-secicil%c9%99r%c9%99-t%c9%99zyiq-olunur","status":"publish","type":"post","link":"https:\/\/basta2.com\/?p=21551","title":{"rendered":"\u0130smay\u0131ll\u0131da M\u00fcsavata imza ver\u0259n se\u00e7icil\u0259r\u0259 t\u0259zyiq olunur"},"content":{"rendered":"<p>\u0130smay\u0131ll\u0131 rayonunda M\u00fcsavat Partiyas\u0131n\u0131n namiz\u0259di D\u00fcnyaxan\u0131m Cahan\u0131n deputatl\u0131\u011fa namiz\u0259dliyinin qeyd\u0259 al\u0131nmas\u0131 \u00fc\u00e7\u00fcn imza ver\u0259n se\u00e7icil\u0259r\u0259 t\u0259zyiq olunur.<\/p>\n<p>Bu haqda namiz\u0259d \u00f6z\u00fcn\u00fcn feysbuk s\u0259hif\u0259sind\u0259 m\u0259lumat payla\u015f\u0131b.<\/p>\n<p>&#8220;A\u015f\u0131qbayram k\u0259ndind\u0259n m\u0259n\u0259 imza ver\u0259n k\u0259nd sakinl\u0259ri\u00a0 bildirdil\u0259r ki, k\u0259nd icra n\u00fcmay\u0259nd\u0259si qap\u0131 qap\u0131 d\u00fc\u015f\u0259r\u0259k, niy\u0259 M\u00fcsavat Partiyas\u0131n\u0131n namiz\u0259din\u0259 imza verdikl\u0259rini soru\u015fur. Bu hadis\u0259 d\u00fcn\u0259n ba\u015fqa bir k\u0259ndd\u0259 d\u0259 ba\u015f vermi\u015fdi. Bu g\u00fcn s\u0259h\u0259r m\u0259n MSK-n\u0131n s\u0259dri M.P\u0259nahova teleqram g\u00f6nd\u0259rdim. Sonra 89 sayl\u0131 \u0130smay\u0131ll\u0131 se\u00e7ki dair\u0259sinin s\u0259dri Namiq K\u0259rimovla g\u00f6r\u00fc\u015fd\u00fcm v\u0259 icra strukturlar\u0131n\u0131n se\u00e7kiy\u0259 m\u00fcdaxil\u0259 etm\u0259sin\u0259 son qoyulmas\u0131n\u0131 t\u0259l\u0259b etdim&#8221;- dey\u0259, D.Cahan bildirib.<\/p>\n<p>&#8220;Burdan MSK s\u0259dri M.P\u0259nahova s\u0259sl\u0259nir\u0259m. \u0130cra strukturlar\u0131n\u0131n se\u00e7kiy\u0259 m\u00fcdaxil\u0259sin\u0259 son qoyulsun!&#8221; &#8211; namiz\u0259d vur\u011fulay\u0131b.<\/p>\n<p><strong>Basta<\/strong><\/p>\n","protected":false},"excerpt":{"rendered":"<p>\u0130smay\u0131ll\u0131 rayonunda M\u00fcsavat Partiyas\u0131n\u0131n namiz\u0259di D\u00fcnyaxan\u0131m Cahan\u0131n deputatl\u0131\u011fa namiz\u0259dliyinin qeyd\u0259 al\u0131nmas\u0131 \u00fc\u00e7\u00fcn imza ver\u0259n se\u00e7icil\u0259r\u0259 t\u0259zyiq olunur. Bu haqda namiz\u0259d<\/p>\n","protected":false},"author":1,"featured_media":21552,"comment_status":"closed","ping_status":"closed","sticky":false,"template":"","format":"standard","meta":{"_jetpack_memberships_contains_paid_content":false,"footnotes":""},"categories":[30,29],"tags":[],"class_list":["post-21551","post","type-post","status-publish","format-standard","has-post-thumbnail","hentry","category-gundm","category-manset"],"aioseo_notices":[],"jetpack_featured_media_url":"https:\/\/basta2.com\/wp-content\/uploads\/2024\/08\/IMG_20240802_162232.jpg","jetpack_sharing_enabled":true,"_links":{"self":[{"href":"https:\/\/basta2.com\/index.php?rest_route=\/wp\/v2\/posts\/21551","targetHints":{"allow":["GET"]}}],"collection":[{"href":"https:\/\/basta2.com\/index.php?rest_route=\/wp\/v2\/posts"}],"about":[{"href":"https:\/\/basta2.com\/index.php?rest_route=\/wp\/v2\/types\/post"}],"author":[{"embeddable":true,"href":"https:\/\/basta2.com\/index.php?rest_route=\/wp\/v2\/users\/1"}],"replies":[{"embeddable":true,"href":"https:\/\/basta2.com\/index.php?rest_route=%2Fwp%2Fv2%2Fcomments&post=21551"}],"version-history":[{"count":1,"href":"https:\/\/basta2.com\/index.php?rest_route=\/wp\/v2\/posts\/21551\/revisions"}],"predecessor-version":[{"id":21553,"href":"https:\/\/basta2.com\/index.php?rest_route=\/wp\/v2\/posts\/21551\/revisions\/21553"}],"wp:featuredmedia":[{"embeddable":true,"href":"https:\/\/basta2.com\/index.php?rest_route=\/wp\/v2\/media\/21552"}],"wp:attachment":[{"href":"https:\/\/basta2.com\/index.php?rest_route=%2Fwp%2Fv2%2Fmedia&parent=21551"}],"wp:term":[{"taxonomy":"category","embeddable":true,"href":"https:\/\/basta2.com\/index.php?rest_route=%2Fwp%2Fv2%2Fcategories&post=21551"},{"taxonomy":"post_tag","embeddable":true,"href":"https:\/\/basta2.com\/index.php?rest_route=%2Fwp%2Fv2%2Ftags&post=21551"}],"curies":[{"name":"wp","href":"https:\/\/api.w.org\/{rel}","templated":true}]}}