{"id":21566,"date":"2024-08-05T09:51:04","date_gmt":"2024-08-05T06:51:04","guid":{"rendered":"https:\/\/basta2.com\/?p=21566"},"modified":"2024-08-05T09:51:04","modified_gmt":"2024-08-05T06:51:04","slug":"parlament-seckil%c9%99rind%c9%99-istirak-ucun-1462-n%c9%99f%c9%99rinin-namiz%c9%99dliyi-t%c9%99sdiql%c9%99nib","status":"publish","type":"post","link":"https:\/\/basta2.com\/?p=21566","title":{"rendered":"Parlament se\u00e7kil\u0259rind\u0259 i\u015ftirak \u00fc\u00e7\u00fcn 1462 n\u0259f\u0259rinin namiz\u0259dliyi t\u0259sdiql\u0259nib"},"content":{"rendered":"<p><span style=\"font-family: 'times new roman', times, serif; font-size: 14pt;\">Se\u00e7kil\u0259ri m\u00fc\u015fahid\u0259 etm\u0259k \u00fc\u00e7\u00fcn 8 beyn\u0259lxalq qurumdan v\u0259 26 \u00f6lk\u0259d\u0259n 99 n\u0259f\u0259r akkredit\u0259 olunub<\/span><\/p>\n<p><span style=\"font-family: 'times new roman', times, serif; font-size: 14pt;\">Sentyabr\u0131n 1-d\u0259 ke\u00e7iril\u0259c\u0259k erk\u0259n parlament se\u00e7kil\u0259rind\u0259 i\u015ftirak \u00fc\u00e7\u00fcn 1508 n\u0259f\u0259r m\u00fcraci\u0259t ets\u0259 d\u0259, onlardan 1462 n\u0259f\u0259rinin namiz\u0259dliyinin ir\u0259li s\u00fcr\u00fclm\u0259si t\u0259sdiql\u0259nib.<\/span><\/p>\n<p><span style=\"font-family: 'times new roman', times, serif; font-size: 14pt;\">Bu bar\u0259d\u0259 avqustun 3-d\u0259 M\u0259rk\u0259zi Se\u00e7ki Komissiyas\u0131n\u0131n (MSK) s\u0259dri M\u0259zahir P\u0259nahov MSK-n\u0131n iclas\u0131nda dan\u0131\u015f\u0131b.<\/span><br \/>\n<span style=\"font-family: 'times new roman', times, serif; font-size: 14pt;\">MSK s\u0259dri 1191 n\u0259f\u0259rin imza v\u0259r\u0259q\u0259l\u0259rini qaytard\u0131\u011f\u0131n\u0131, 881 n\u0259f\u0259rin deputatl\u0131\u011fa namiz\u0259dliyinin qeyd\u0259 al\u0131nd\u0131\u011f\u0131n\u0131 \u0259lav\u0259 edib.<\/span><\/p>\n<p><span style=\"font-family: 'times new roman', times, serif; font-size: 14pt;\">Onun s\u00f6zl\u0259rin\u0259 indiy\u0259d\u0259k \u00fcmumilikd\u0259 14 min 506 yerli m\u00fc\u015fahid\u0259\u00e7i akkreditasiyadan ke\u00e7ib:<\/span><\/p>\n<p><span style=\"font-family: 'times new roman', times, serif; font-size: 14pt;\">\u201cBu m\u00fc\u015fahid\u0259\u00e7il\u0259rd\u0259n 5477 n\u0259f\u0259ri M\u0259rk\u0259zi Se\u00e7ki Komissiyas\u0131nda, 9029-u is\u0259 dair\u0259 se\u00e7ki komissiyalar\u0131nda qeydiyyatdan ke\u00e7ib. Se\u00e7kil\u0259ri m\u00fc\u015fahid\u0259 etm\u0259k \u00fc\u00e7\u00fcn 8 beyn\u0259lxalq qurumdan v\u0259 26 \u00f6lk\u0259d\u0259n 99 n\u0259f\u0259r akkredit\u0259 olunub. Bel\u0259 ki, AT\u018fT-in Demokratik T\u0259sisatlar v\u0259 \u0130nsan H\u00fcquqlar\u0131 B\u00fcrosundan 40, MDB Parlamentl\u0259raras\u0131 Assambleyas\u0131ndan 36, M\u00fcst\u0259qil D\u00f6vl\u0259tl\u0259r Birliyind\u0259n 14, Maldiv M\u0259rk\u0259zi Se\u00e7ki Komissiyas\u0131ndan 3, G\u00fcrc\u00fcstan M\u0259rk\u0259zi Se\u00e7ki Komissiyas\u0131ndan 2, Pakistan M\u0259rk\u0259zi Se\u00e7ki Komissiyas\u0131ndan 2, Qazax\u0131stan M\u0259rk\u0259zi Se\u00e7ki Komissiyas\u0131ndan 1, Monteneqro Se\u00e7ki Komissiyas\u0131ndan is\u0259 1 n\u0259f\u0259r akkreditasiyadan ke\u00e7ib\u201d.<\/span><\/p>\n<p>&nbsp;<\/p>\n<p><span style=\"font-family: 'times new roman', times, serif; font-size: 14pt;\">Basta2\u00a0<\/span><\/p>\n","protected":false},"excerpt":{"rendered":"<p>Se\u00e7kil\u0259ri m\u00fc\u015fahid\u0259 etm\u0259k \u00fc\u00e7\u00fcn 8 beyn\u0259lxalq qurumdan v\u0259 26 \u00f6lk\u0259d\u0259n 99 n\u0259f\u0259r akkredit\u0259 olunub Sentyabr\u0131n 1-d\u0259 ke\u00e7iril\u0259c\u0259k erk\u0259n parlament se\u00e7kil\u0259rind\u0259<\/p>\n","protected":false},"author":1,"featured_media":745,"comment_status":"closed","ping_status":"closed","sticky":false,"template":"","format":"standard","meta":{"_jetpack_memberships_contains_paid_content":false,"footnotes":""},"categories":[30,29],"tags":[],"class_list":["post-21566","post","type-post","status-publish","format-standard","has-post-thumbnail","hentry","category-gundm","category-manset"],"aioseo_notices":[],"jetpack_featured_media_url":"https:\/\/basta2.com\/wp-content\/uploads\/2020\/07\/DSK-YEN\u0130-1.jpg","jetpack_sharing_enabled":true,"_links":{"self":[{"href":"https:\/\/basta2.com\/index.php?rest_route=\/wp\/v2\/posts\/21566","targetHints":{"allow":["GET"]}}],"collection":[{"href":"https:\/\/basta2.com\/index.php?rest_route=\/wp\/v2\/posts"}],"about":[{"href":"https:\/\/basta2.com\/index.php?rest_route=\/wp\/v2\/types\/post"}],"author":[{"embeddable":true,"href":"https:\/\/basta2.com\/index.php?rest_route=\/wp\/v2\/users\/1"}],"replies":[{"embeddable":true,"href":"https:\/\/basta2.com\/index.php?rest_route=%2Fwp%2Fv2%2Fcomments&post=21566"}],"version-history":[{"count":1,"href":"https:\/\/basta2.com\/index.php?rest_route=\/wp\/v2\/posts\/21566\/revisions"}],"predecessor-version":[{"id":21567,"href":"https:\/\/basta2.com\/index.php?rest_route=\/wp\/v2\/posts\/21566\/revisions\/21567"}],"wp:featuredmedia":[{"embeddable":true,"href":"https:\/\/basta2.com\/index.php?rest_route=\/wp\/v2\/media\/745"}],"wp:attachment":[{"href":"https:\/\/basta2.com\/index.php?rest_route=%2Fwp%2Fv2%2Fmedia&parent=21566"}],"wp:term":[{"taxonomy":"category","embeddable":true,"href":"https:\/\/basta2.com\/index.php?rest_route=%2Fwp%2Fv2%2Fcategories&post=21566"},{"taxonomy":"post_tag","embeddable":true,"href":"https:\/\/basta2.com\/index.php?rest_route=%2Fwp%2Fv2%2Ftags&post=21566"}],"curies":[{"name":"wp","href":"https:\/\/api.w.org\/{rel}","templated":true}]}}