{"id":21633,"date":"2024-08-12T19:17:42","date_gmt":"2024-08-12T16:17:42","guid":{"rendered":"https:\/\/basta2.com\/?p=21633"},"modified":"2024-08-12T19:17:42","modified_gmt":"2024-08-12T16:17:42","slug":"kurskda-28-yasayis-m%c9%99nt%c9%99q%c9%99si-ukraynanin-n%c9%99zar%c9%99tind%c9%99dir-r%c9%99smi","status":"publish","type":"post","link":"https:\/\/basta2.com\/?p=21633","title":{"rendered":"Kurskda 28 ya\u015fay\u0131\u015f m\u0259nt\u0259q\u0259si Ukraynan\u0131n n\u0259zar\u0259tind\u0259dir &#8211; R\u0259smi"},"content":{"rendered":"<p>Kursk vilay\u0259tinin qubernatoru v\u0259zif\u0259sini icra ed\u0259n Aleksey Smirnov Rusiya prezidenti Vladimir Putinl\u0259 g\u00f6r\u00fc\u015fd\u0259 b\u00f6lg\u0259d\u0259ki v\u0259ziyy\u0259ti \u201cm\u00fcr\u0259kk\u0259b\u201d adland\u0131r\u0131b, R\u0130A Novosti x\u0259b\u0259r verir.<\/p>\n<p>Onun s\u00f6zl\u0259rin\u0259 g\u00f6r\u0259, Ukrayna Silahl\u0131 Q\u00fcvv\u0259l\u0259ri Kursk vilay\u0259tind\u0259 28 ya\u015fay\u0131\u015f m\u0259nt\u0259q\u0259sin\u0259 n\u0259zar\u0259t edir.<\/p>\n<p>&#8220;Kursk vilay\u0259tinin \u0259razisin\u0259 ir\u0259lil\u0259m\u0259nin d\u0259rinliyi 12 kilometr, eni 40 kilometrdir&#8221;, &#8211; Smirnov bildirib.<\/p>\n<p>O \u0259lav\u0259 edib ki, yerli hakimiyy\u0259t orqanlar\u0131n\u0131n Ukrayna Silahl\u0131 Q\u00fcvv\u0259l\u0259rinin n\u0259zar\u0259tind\u0259 olan Kursk vilay\u0259tinin ya\u015fay\u0131\u015f m\u0259nt\u0259q\u0259l\u0259rind\u0259 olan iki min\u0259 yax\u0131n insan\u0131n taleyi bar\u0259d\u0259 m\u0259lumat\u0131 yoxdur.<\/p>\n<p>Smirnovun s\u00f6zl\u0259rin\u0259 g\u00f6r\u0259, Ukrayna ordusunun Kursk vilay\u0259tin\u0259 h\u00fccumu n\u0259tic\u0259sind\u0259 12 n\u0259f\u0259r \u00f6l\u00fcb, 10-u u\u015faq olmaqla 121 n\u0259f\u0259r yaralan\u0131b. Bu g\u00fcn\u0259d\u0259k rayonun s\u0259rh\u0259dyan\u0131 rayonlar\u0131n\u0131 121 min\u0259 yax\u0131n sakin t\u0259rk edib. Qubernator \u0259lav\u0259 edib ki, \u00fcmumilikd\u0259 180 min insan t\u0259xliy\u0259 edilir.<\/p>\n<p>Smirnov onu da qeyd edib ki, probleml\u0259rd\u0259n biri d\u0259qiq c\u0259bh\u0259 x\u0259ttinin olmamas\u0131d\u0131r ki, bu da Ukrayna Silahl\u0131 Q\u00fcvv\u0259l\u0259rinin yerini m\u00fc\u0259yy\u0259nl\u0259\u015fdirm\u0259yi \u00e7\u0259tinl\u0259\u015fdirir.<\/p>\n<p>M\u0259nb\u0259: &#8220;Meduza&#8221;<\/p>\n","protected":false},"excerpt":{"rendered":"<p>Kursk vilay\u0259tinin qubernatoru v\u0259zif\u0259sini icra ed\u0259n Aleksey Smirnov Rusiya prezidenti Vladimir Putinl\u0259 g\u00f6r\u00fc\u015fd\u0259 b\u00f6lg\u0259d\u0259ki v\u0259ziyy\u0259ti \u201cm\u00fcr\u0259kk\u0259b\u201d adland\u0131r\u0131b, R\u0130A Novosti x\u0259b\u0259r<\/p>\n","protected":false},"author":1,"featured_media":21634,"comment_status":"closed","ping_status":"closed","sticky":false,"template":"","format":"standard","meta":{"_jetpack_memberships_contains_paid_content":false,"footnotes":""},"categories":[32,29],"tags":[],"class_list":["post-21633","post","type-post","status-publish","format-standard","has-post-thumbnail","hentry","category-dunya","category-manset"],"aioseo_notices":[],"jetpack_featured_media_url":"https:\/\/basta2.com\/wp-content\/uploads\/2024\/08\/sEAtGz1P6XaIkaQS0Xs7sA.webp","jetpack_sharing_enabled":true,"_links":{"self":[{"href":"https:\/\/basta2.com\/index.php?rest_route=\/wp\/v2\/posts\/21633","targetHints":{"allow":["GET"]}}],"collection":[{"href":"https:\/\/basta2.com\/index.php?rest_route=\/wp\/v2\/posts"}],"about":[{"href":"https:\/\/basta2.com\/index.php?rest_route=\/wp\/v2\/types\/post"}],"author":[{"embeddable":true,"href":"https:\/\/basta2.com\/index.php?rest_route=\/wp\/v2\/users\/1"}],"replies":[{"embeddable":true,"href":"https:\/\/basta2.com\/index.php?rest_route=%2Fwp%2Fv2%2Fcomments&post=21633"}],"version-history":[{"count":1,"href":"https:\/\/basta2.com\/index.php?rest_route=\/wp\/v2\/posts\/21633\/revisions"}],"predecessor-version":[{"id":21635,"href":"https:\/\/basta2.com\/index.php?rest_route=\/wp\/v2\/posts\/21633\/revisions\/21635"}],"wp:featuredmedia":[{"embeddable":true,"href":"https:\/\/basta2.com\/index.php?rest_route=\/wp\/v2\/media\/21634"}],"wp:attachment":[{"href":"https:\/\/basta2.com\/index.php?rest_route=%2Fwp%2Fv2%2Fmedia&parent=21633"}],"wp:term":[{"taxonomy":"category","embeddable":true,"href":"https:\/\/basta2.com\/index.php?rest_route=%2Fwp%2Fv2%2Fcategories&post=21633"},{"taxonomy":"post_tag","embeddable":true,"href":"https:\/\/basta2.com\/index.php?rest_route=%2Fwp%2Fv2%2Ftags&post=21633"}],"curies":[{"name":"wp","href":"https:\/\/api.w.org\/{rel}","templated":true}]}}