{"id":21672,"date":"2024-08-19T16:37:13","date_gmt":"2024-08-19T13:37:13","guid":{"rendered":"https:\/\/basta2.com\/?p=21672"},"modified":"2024-08-19T16:37:13","modified_gmt":"2024-08-19T13:37:13","slug":"musavatdan-on%c9%99mli-q%c9%99rarlar-divanin-gund%c9%99liyi","status":"publish","type":"post","link":"https:\/\/basta2.com\/?p=21672","title":{"rendered":"M\u00fcsavatdan \u00f6n\u0259mli q\u0259rarlar &#8211; Divan\u0131n g\u00fcnd\u0259liyi"},"content":{"rendered":"<p>Avqustun 19-da M\u00fcsavat Partiyas\u0131 Divan\u0131n\u0131n n\u00f6vb\u0259ti iclas\u0131 ke\u00e7irilib.<\/p>\n<p>\u0130clasda g\u00f6r\u00fcl\u0259n i\u015fl\u0259r m\u00fczakir\u0259 olunub v\u0259 t\u0259\u015fkilati m\u0259s\u0259l\u0259l\u0259r\u0259 bax\u0131l\u0131b.<\/p>\n<p>G\u0259nc i\u00e7timai f\u0259al S\u0259nan S\u0259buhio\u011flu M\u00fcsavat Partiyas\u0131 s\u0131ralar\u0131na q\u0259bul edilib.<\/p>\n<p>Milli M\u0259clis \u00fczvl\u00fcy\u00fcn\u0259 namiz\u0259dliyi qeyd\u0259 al\u0131nan 25 M\u00fcsavat yetkilisinin t\u0259bli\u011fat kampaniyas\u0131 \u00e7\u0259r\u00e7iv\u0259sind\u0259 h\u0259yata ke\u00e7irdikl\u0259ri t\u0259dbirl\u0259r bar\u0259d\u0259 m\u0259lumat dinl\u0259nilib. Partiya r\u0259hb\u0259rliyinin \u00f6t\u0259n h\u0259ft\u0259 AT\u018fT-in Se\u00e7ki M\u00fc\u015fahid\u0259 missiyas\u0131n\u0131n t\u0259msil\u00e7il\u0259ri il\u0259 g\u00f6r\u00fc\u015f\u00fc t\u0259qdir edilib.<\/p>\n<p>Daha sonra, hakimiyy\u0259ty\u00f6nl\u00fc media orqanlar\u0131n\u0131n yalan v\u0259 b\u00f6htan dolu payla\u015f\u0131mlar\u0131 il\u0259 ba\u011fl\u0131 M\u00fcsavat Partiyas\u0131n\u0131n b\u0259yanat\u0131 q\u0259bul edilib (b\u0259yanat\u0131n m\u0259tni x\u0259b\u0259r\u0259 \u0259lav\u0259 olunub).<\/p>\n<p>\u0130clasda Rusiya prezidenti Vladimir Putinin Bak\u0131ya iki g\u00fcnl\u00fck s\u0259f\u0259ri \u0259traf\u0131nda fikir m\u00fcbadil\u0259si apar\u0131l\u0131b. Qeyd edilib ki, Ukraynaya i\u015f\u011fal\u00e7\u0131 siyas\u0259t y\u00fcr\u00fctd\u00fcy\u00fcn\u0259 g\u00f6r\u0259 m\u00fct\u0259rr\u0259qqi d\u00fcnyada t\u0259crid olunan Putin rejiminin r\u0259smi Bak\u0131 il\u0259 yax\u0131nla\u015fmas\u0131 Az\u0259rbaycan\u0131n d\u00f6vl\u0259t maraqlar\u0131na yax\u015f\u0131 he\u00e7 n\u0259 v\u0259d etmir.<\/p>\n<p>Avqustun 22-d\u0259 saat 12:00-da Az\u0259rbaycan milli-azadl\u0131q h\u0259r\u0259kat\u0131n\u0131n lideri, m\u0259rhum prezident \u018fb\u00fclf\u0259z El\u00e7ib\u0259yin an\u0131m g\u00fcn\u00fc il\u0259 ba\u011fl\u0131, onun m\u0259zar\u0131n\u0131n ziyar\u0259t olunmas\u0131 q\u0259rara al\u0131n\u0131b.<\/p>\n<p>Sonda cari m\u0259s\u0259l\u0259l\u0259r m\u00fczakir\u0259 olunub.<\/p>\n<p>***<\/p>\n<p>Hakimiyy\u0259ty\u00f6nl\u00fc saytlar\u0131n yalan v\u0259 b\u00f6htan dolu payla\u015f\u0131mlar\u0131 il\u0259 ba\u011fl\u0131 M\u00fcsavat Partiyas\u0131n\u0131n b\u0259yanat\u0131<\/p>\n<p>Avqustun 12-d\u0259 M\u00fcsavat Partiyas\u0131n\u0131n ba\u015fqan\u0131 \u0130sa Q\u0259mb\u0259r v\u0259 M\u0259clis s\u0259dri Arif Hac\u0131l\u0131 Avropa \u0130ttifaq\u0131n\u0131n (A\u0130) Az\u0259rbaycandak\u0131 n\u00fcmay\u0259nd\u0259liyinin r\u0259hb\u0259ri, s\u0259fir Peter Mixalko v\u0259 Avropa \u00f6lk\u0259l\u0259rinin diplomatlar\u0131 il\u0259 g\u00f6r\u00fc\u015f\u00fcbl\u0259r.<br \/>\nA\u0130 n\u00fcmay\u0259nd\u0259liyinin t\u0259\u015f\u0259bb\u00fcs\u00fc il\u0259 ba\u015f tutan g\u00f6r\u00fc\u015fd\u0259 \u00f6lk\u0259d\u0259ki ictimai-siyasi v\u0259ziyy\u0259t, sentyabr\u0131n 1-n\u0259 t\u0259yin olunmu\u015f n\u00f6vb\u0259d\u0259nk\u0259nar parlament se\u00e7kil\u0259ri, siyasi m\u0259hbuslar, A\u0130 il\u0259 Az\u0259rbaycan aras\u0131nda m\u00fcnasib\u0259tl\u0259r m\u00fczakir\u0259 olunub. G\u00f6r\u00fc\u015fd\u0259 A\u0130 Bak\u0131 ofisinin r\u0259hb\u0259ri Piter Mixalko il\u0259 yana\u015f\u0131, Avropa \u0130ttifaq\u0131 \u00f6lk\u0259l\u0259rinin Az\u0259rbaycanda f\u0259aliyy\u0259t g\u00f6st\u0259r\u0259n ba\u015fqa diplomatlar\u0131 da i\u015ftirak edibl\u0259r. M\u00fcsavat Partiyas\u0131n\u0131n m\u0259tbuat xidm\u0259ti g\u00f6r\u00fc\u015f ba\u015fa \u00e7atd\u0131qdan d\u0259rhal sonra bu bar\u0259d\u0259 m\u0259lumat yay\u0131b.<\/p>\n<p>Qeyd edilm\u0259lidir ki, bir qayda olaraq Az\u0259rbaycandak\u0131 diplomatik korpusun v\u0259 beyn\u0259lxalq t\u0259\u015fkilatlar\u0131n n\u00fcmay\u0259nd\u0259l\u0259ri h\u0259r se\u00e7kil\u0259r \u0259r\u0259f\u0259sind\u0259 m\u00fcxt\u0259lif siyasi partiyalarla, o c\u00fcml\u0259d\u0259n hakimiyy\u0259td\u0259ki siyasi partiyan\u0131n n\u00fcmay\u0259nd\u0259l\u0259ri il\u0259 g\u00f6r\u00fc\u015fl\u0259r ke\u00e7iribl\u0259r.<\/p>\n<p>Lakin \u201cQafqazinfo\u201d sayt\u0131 v\u0259 b\u0259zi dig\u0259r iqtidary\u00f6nl\u00fc media orqanlar\u0131 h\u0259min g\u00f6r\u00fc\u015f bar\u0259d\u0259 yalan v\u0259 b\u00f6htanlarla dolu m\u0259lumat yay\u0131blar. M\u0259lumatda g\u00f6r\u00fc\u015f\u00fcn i\u015ftirak\u00e7\u0131lar\u0131, m\u0259qs\u0259di v\u0259 m\u00fczakir\u0259 olunan m\u0259s\u0259l\u0259l\u0259r bar\u0259d\u0259 yaz\u0131lanlar tamamil\u0259 uydurma v\u0259 b\u00f6htand\u0131r. Avropa \u0130ttifaq\u0131n\u0131n Az\u0259rbaycandak\u0131 n\u00fcmay\u0259nd\u0259liyi d\u0259 hakimiyy\u0259ty\u00f6nl\u00fc median\u0131n bu b\u00f6htan\u0131na r\u0259smi b\u0259yanatla etiraz edib.<br \/>\nM\u00fcsavat Partiyas\u0131 \u201cQafqazinfo\u201d sayt\u0131n\u0131 v\u0259 s\u00f6z\u00fcged\u0259n yalan v\u0259 b\u00f6htanlar\u0131 yayan dig\u0259r hakimiyy\u0259ty\u00f6nl\u00fc media irqanlar\u0131n\u0131n t\u0259kzib d\u0259rc etm\u0259l\u0259rini v\u0259 M\u00fcsavat Partiyas\u0131nda \u00fczr ist\u0259m\u0259l\u0259rini t\u0259l\u0259b edir, \u0259ks halda m\u0259hk\u0259m\u0259y\u0259 m\u00fcraci\u0259t olunaca\u011f\u0131n\u0131 bildirir.<\/p>\n","protected":false},"excerpt":{"rendered":"<p>Avqustun 19-da M\u00fcsavat Partiyas\u0131 Divan\u0131n\u0131n n\u00f6vb\u0259ti iclas\u0131 ke\u00e7irilib. \u0130clasda g\u00f6r\u00fcl\u0259n i\u015fl\u0259r m\u00fczakir\u0259 olunub v\u0259 t\u0259\u015fkilati m\u0259s\u0259l\u0259l\u0259r\u0259 bax\u0131l\u0131b. G\u0259nc i\u00e7timai f\u0259al<\/p>\n","protected":false},"author":1,"featured_media":13766,"comment_status":"closed","ping_status":"closed","sticky":false,"template":"","format":"standard","meta":{"_jetpack_memberships_contains_paid_content":false,"footnotes":""},"categories":[29,36],"tags":[],"class_list":["post-21672","post","type-post","status-publish","format-standard","has-post-thumbnail","hentry","category-manset","category-siyast"],"aioseo_notices":[],"jetpack_featured_media_url":"https:\/\/basta2.com\/wp-content\/uploads\/2022\/06\/Musavat-loqo-1-3.jpg","jetpack_sharing_enabled":true,"_links":{"self":[{"href":"https:\/\/basta2.com\/index.php?rest_route=\/wp\/v2\/posts\/21672","targetHints":{"allow":["GET"]}}],"collection":[{"href":"https:\/\/basta2.com\/index.php?rest_route=\/wp\/v2\/posts"}],"about":[{"href":"https:\/\/basta2.com\/index.php?rest_route=\/wp\/v2\/types\/post"}],"author":[{"embeddable":true,"href":"https:\/\/basta2.com\/index.php?rest_route=\/wp\/v2\/users\/1"}],"replies":[{"embeddable":true,"href":"https:\/\/basta2.com\/index.php?rest_route=%2Fwp%2Fv2%2Fcomments&post=21672"}],"version-history":[{"count":2,"href":"https:\/\/basta2.com\/index.php?rest_route=\/wp\/v2\/posts\/21672\/revisions"}],"predecessor-version":[{"id":21674,"href":"https:\/\/basta2.com\/index.php?rest_route=\/wp\/v2\/posts\/21672\/revisions\/21674"}],"wp:featuredmedia":[{"embeddable":true,"href":"https:\/\/basta2.com\/index.php?rest_route=\/wp\/v2\/media\/13766"}],"wp:attachment":[{"href":"https:\/\/basta2.com\/index.php?rest_route=%2Fwp%2Fv2%2Fmedia&parent=21672"}],"wp:term":[{"taxonomy":"category","embeddable":true,"href":"https:\/\/basta2.com\/index.php?rest_route=%2Fwp%2Fv2%2Fcategories&post=21672"},{"taxonomy":"post_tag","embeddable":true,"href":"https:\/\/basta2.com\/index.php?rest_route=%2Fwp%2Fv2%2Ftags&post=21672"}],"curies":[{"name":"wp","href":"https:\/\/api.w.org\/{rel}","templated":true}]}}