{"id":21719,"date":"2024-09-01T19:05:43","date_gmt":"2024-09-01T16:05:43","guid":{"rendered":"https:\/\/basta2.com\/?p=21719"},"modified":"2024-09-01T19:05:43","modified_gmt":"2024-09-01T16:05:43","slug":"musavat-partiyasinin-dorduncu-pres-relizi","status":"publish","type":"post","link":"https:\/\/basta2.com\/?p=21719","title":{"rendered":"M\u00fcsavat Partiyas\u0131n\u0131n D\u00f6rd\u00fcnc\u00fc pres-relizi"},"content":{"rendered":"<p><span style=\"font-size: 14pt; font-family: 'times new roman', times, serif;\">Press reliz -4\u00a0<\/span><\/p>\n<p>&nbsp;<\/p>\n<p><span style=\"font-size: 14pt; font-family: 'times new roman', times, serif;\">\u00d6lk\u0259 \u00fczr\u0259 bir \u00e7ox se\u00e7ki m\u0259nt\u0259q\u0259l\u0259rind\u0259 s\u0259sverm\u0259 yekunla\u015fsa da m\u0259nt\u0259q\u0259 se\u00e7ki komissiyalar\u0131 s\u0259sl\u0259ri saymadan qeyri-m\u00fc\u0259yy\u0259n vaxta q\u0259d\u0259r fasil\u0259 elan edib m\u0259nt\u0259q\u0259l\u0259ri t\u0259rk edir.\u00a0<\/span><\/p>\n<p>&nbsp;<\/p>\n<p><span style=\"font-size: 14pt; font-family: 'times new roman', times, serif;\">***<\/span><\/p>\n<p><span style=\"font-size: 14pt; font-family: 'times new roman', times, serif;\">Bu bar\u0259d\u0259 8 sayl\u0131 Bin\u0259q\u0259di biinci se\u00e7ki dair\u0259sinin 36, 34, 22, sayl\u0131 se\u00e7ki m\u0259nt\u0259q\u0259l\u0259rind\u0259 olan m\u00fc\u015fahid\u0259\u00e7il\u0259rimiz x\u0259b\u0259r verir.\u00a0<\/span><\/p>\n<p>&nbsp;<\/p>\n<p><span style=\"font-size: 14pt; font-family: 'times new roman', times, serif;\">\u2022\u2022\u2022\u00a0<\/span><\/p>\n<p><span style=\"font-size: 14pt; font-family: 'times new roman', times, serif;\">17 sayl\u0131 Yasamal \u00fc\u00e7\u00fcnc\u00fc se\u00e7ki dair\u0259sinin 15 sayl\u0131 m\u0259nt\u0259q\u0259sind\u0259 komisdiya \u00fczvl\u0259ri yaln\u0131z M\u00fcsavat Partiyas\u0131n\u0131n namiz\u0259di N\u00fc\u015fab\u0259 Sad\u0131xl\u0131n\u0131n s\u0259sl\u0259rini sayd\u0131qdan sonra s\u0259ssayman\u0131 dayand\u0131raraq, dig\u0259r s\u0259sl\u0259rin sabah say\u0131laca\u011f\u0131n\u0131 b\u0259yan edib.\u00a0<\/span><\/p>\n<p>&nbsp;<\/p>\n<p><span style=\"font-size: 14pt; font-family: 'times new roman', times, serif;\">***\u00a0<\/span><\/p>\n<p><span style=\"font-size: 14pt; font-family: 'times new roman', times, serif;\">21 sayl\u0131 N\u0259simi-Bin\u0259q\u0259di se\u00e7ki dair\u0259sinin 31 sayl\u0131 m\u0259nt\u0259q\u0259sind\u0259 se\u00e7ici imzalar\u0131 say\u0131ld\u0131qdan sonra m\u00fc\u015fahid\u0259\u00e7il\u0259r\u0259 s\u0259ssaymaya ba\u015flamayacaqlar\u0131n\u0131 bildir\u0259n komissiya \u00fczvl\u0259ri dair\u0259d\u0259n tap\u015f\u0131r\u0131q g\u00f6zl\u0259dikl\u0259rini bildirib.\u00a0<\/span><\/p>\n<p>&nbsp;<\/p>\n<p><span style=\"font-size: 14pt; font-family: 'times new roman', times, serif;\">***<\/span><\/p>\n<p><span style=\"font-size: 14pt; font-family: 'times new roman', times, serif;\">Bak\u0131 \u015f\u0259h\u0259ri \u00fczr\u0259 \u0259ks\u0259r se\u00e7ki m\u0259nt\u0259q\u0259l\u0259rind\u0259 se\u00e7ki komissiyalar\u0131 s\u0259sverm\u0259 yekunla\u015fd\u0131qdan sonra s\u0259ssayma prosesini ba\u015flamadan fasil\u0259 elan etm\u0259kl\u0259 m\u00fc\u015fahid\u0259\u00e7il\u0259ri m\u0259nt\u0259q\u0259l\u0259rd\u0259n k\u0259narla\u015fd\u0131rma\u011fa \u00e7al\u0131\u015f\u0131r.<\/span><\/p>\n<p>&nbsp;<\/p>\n<p><span style=\"font-size: 14pt; font-family: 'times new roman', times, serif;\">Basta2\u00a0<\/span><\/p>\n","protected":false},"excerpt":{"rendered":"<p>Press reliz -4\u00a0 &nbsp; \u00d6lk\u0259 \u00fczr\u0259 bir \u00e7ox se\u00e7ki m\u0259nt\u0259q\u0259l\u0259rind\u0259 s\u0259sverm\u0259 yekunla\u015fsa da m\u0259nt\u0259q\u0259 se\u00e7ki komissiyalar\u0131 s\u0259sl\u0259ri saymadan qeyri-m\u00fc\u0259yy\u0259n vaxta<\/p>\n","protected":false},"author":1,"featured_media":13766,"comment_status":"closed","ping_status":"closed","sticky":false,"template":"","format":"standard","meta":{"_jetpack_memberships_contains_paid_content":false,"footnotes":""},"categories":[30,29,36],"tags":[],"class_list":["post-21719","post","type-post","status-publish","format-standard","has-post-thumbnail","hentry","category-gundm","category-manset","category-siyast"],"aioseo_notices":[],"jetpack_featured_media_url":"https:\/\/basta2.com\/wp-content\/uploads\/2022\/06\/Musavat-loqo-1-3.jpg","jetpack_sharing_enabled":true,"_links":{"self":[{"href":"https:\/\/basta2.com\/index.php?rest_route=\/wp\/v2\/posts\/21719","targetHints":{"allow":["GET"]}}],"collection":[{"href":"https:\/\/basta2.com\/index.php?rest_route=\/wp\/v2\/posts"}],"about":[{"href":"https:\/\/basta2.com\/index.php?rest_route=\/wp\/v2\/types\/post"}],"author":[{"embeddable":true,"href":"https:\/\/basta2.com\/index.php?rest_route=\/wp\/v2\/users\/1"}],"replies":[{"embeddable":true,"href":"https:\/\/basta2.com\/index.php?rest_route=%2Fwp%2Fv2%2Fcomments&post=21719"}],"version-history":[{"count":1,"href":"https:\/\/basta2.com\/index.php?rest_route=\/wp\/v2\/posts\/21719\/revisions"}],"predecessor-version":[{"id":21720,"href":"https:\/\/basta2.com\/index.php?rest_route=\/wp\/v2\/posts\/21719\/revisions\/21720"}],"wp:featuredmedia":[{"embeddable":true,"href":"https:\/\/basta2.com\/index.php?rest_route=\/wp\/v2\/media\/13766"}],"wp:attachment":[{"href":"https:\/\/basta2.com\/index.php?rest_route=%2Fwp%2Fv2%2Fmedia&parent=21719"}],"wp:term":[{"taxonomy":"category","embeddable":true,"href":"https:\/\/basta2.com\/index.php?rest_route=%2Fwp%2Fv2%2Fcategories&post=21719"},{"taxonomy":"post_tag","embeddable":true,"href":"https:\/\/basta2.com\/index.php?rest_route=%2Fwp%2Fv2%2Ftags&post=21719"}],"curies":[{"name":"wp","href":"https:\/\/api.w.org\/{rel}","templated":true}]}}