{"id":2174,"date":"2020-09-20T12:50:08","date_gmt":"2020-09-20T09:50:08","guid":{"rendered":"http:\/\/basta2.com\/?p=2174"},"modified":"2020-09-20T12:50:12","modified_gmt":"2020-09-20T09:50:12","slug":"az%c9%99rbaycanda-nazir-cim%c9%99rlik-t%c9%99mizl%c9%99di","status":"publish","type":"post","link":"https:\/\/basta2.com\/?p=2174","title":{"rendered":"Az\u0259rbaycanda nazir \u00e7im\u0259rlik t\u0259mizl\u0259di"},"content":{"rendered":"\n<p>Avropa \u0130ttifaq\u0131n\u0131n \u00e7im\u0259rliyin t\u0259mizl\u0259nm\u0259si t\u0259dbiri \u201cT\u0259miz D\u0259niz s\u0259nd\u0259n ba\u015flay\u0131r!\u201d \u015f\u00fcar\u0131 alt\u0131nda ke\u00e7irilib.<\/p>\n\n\n\n<p>19 sentyabr tarixind\u0259 Avropa \u0130ttifaq\u0131 (A\u0130) N\u00fcmay\u0259nd\u0259liyi Beyn\u0259lxalq Sahilyan\u0131 T\u0259mizlik G\u00fcn\u00fc m\u00fcnasib\u0259til\u0259 Az\u0259rbaycan Respublikas\u0131n\u0131n Ekologiya v\u0259 T\u0259bii S\u0259rv\u0259tl\u0259r Nazirliyi il\u0259 birg\u0259 #EUBeachCleanup ke\u00e7irib.<\/p>\n\n\n\n<p>Ekologiya v\u0259 T\u0259bii S\u0259rv\u0259tl\u0259r Naziri Muxtar Babayev, A\u0130-n\u0131n Az\u0259rbaycandak\u0131 N\u00fcmay\u0259nd\u0259liyinin R\u0259hb\u0259ri s\u0259fir K\u0259stutis Yankauskas v\u0259 Latviya Respublikas\u0131n\u0131n F\u00f6vq\u0259lad\u0259 v\u0259 S\u0259lahiyy\u0259tli S\u0259firi Dainis Garan\u00e7s t\u0259dbird\u0259 i\u015ftirak edibl\u0259r.<\/p>\n\n\n\n<p>Avropa \u0130ttifaq\u0131na \u00fczv d\u00f6vl\u0259tl\u0259rin s\u0259firlikl\u0259rinin, Avropa \u0130ttifaq\u0131n\u0131n Az\u0259rbaycanda h\u0259yata ke\u00e7iril\u0259n layih\u0259l\u0259rinin, G\u0259nc Avropa S\u0259firl\u0259rinin, Avropa Yenid\u0259nqurma v\u0259 \u0130nki\u015faf Bank\u0131n\u0131n v\u0259 Almaniya Beyn\u0259lxalq \u018fm\u0259kda\u015fl\u0131q C\u0259miyy\u0259tinin (G\u0130Z), AzEkol \u015firk\u0259tinin, EkoSfera Sosial-Ekoloji M\u0259rk\u0259zinin n\u00fcmay\u0259nd\u0259l\u0259ri v\u0259 g\u0259nc k\u00f6n\u00fcll\u00fcl\u0259r t\u0259dbird\u0259 i\u015ftirak etmi\u015fl\u0259r.<\/p>\n\n\n\n<p>T\u0259dbird\u0259 Sumqay\u0131t \u015f\u0259h\u0259rinin Corat q\u0259s\u0259b\u0259si sahil \u0259razisind\u0259 5 ha \u0259razi plastik tullant\u0131lardan t\u0259mizl\u0259nib. Avropa \u0130ttifaq\u0131n\u0131n Az\u0259rbaycandak\u0131 N\u00fcmay\u0259nd\u0259liyinin d\u0259st\u0259yi il\u0259 h\u0259min \u0259razid\u0259 tullant\u0131lar\u0131n \u00e7e\u015fidl\u0259nm\u0259si \u00fc\u00e7\u00fcn x\u00fcsusi konteynerl\u0259r yerl\u0259\u015fdirilib.<\/p>\n\n\n\n<p>M\u0259qs\u0259d Ab\u015feron \u00e7im\u0259rlikl\u0259rind\u0259n birinin sad\u0259c\u0259 g\u00f6z\u0259l qalmas\u0131 v\u0259 t\u0259mizl\u0259nm\u0259si deyil, h\u0259m d\u0259 media v\u0259 ictimaiyy\u0259tin diqq\u0259tini d\u0259nizin \u00e7irkl\u0259nm\u0259si v\u0259 plastik tullant\u0131larla ba\u011fl\u0131 \u00e7\u0259tinlikl\u0259r\u0259 c\u0259lb etm\u0259kdir.<\/p>\n\n\n\n<p>T\u0259dbir pandemiya \u015f\u0259raitind\u0259 x\u00fcsusi karantin rejiminin qaydalar\u0131na uy\u011fun olaraq t\u0259hl\u00fck\u0259siz \u015f\u0259kild\u0259 sosial m\u0259saf\u0259y\u0259 riay\u0259t etm\u0259kl\u0259 t\u0259\u015fkil edilib.<\/p>\n\n\n\n<p>oxu.az<\/p>\n","protected":false},"excerpt":{"rendered":"<p>Avropa \u0130ttifaq\u0131n\u0131n \u00e7im\u0259rliyin t\u0259mizl\u0259nm\u0259si t\u0259dbiri \u201cT\u0259miz D\u0259niz s\u0259nd\u0259n ba\u015flay\u0131r!\u201d \u015f\u00fcar\u0131 alt\u0131nda ke\u00e7irilib. 19 sentyabr tarixind\u0259 Avropa \u0130ttifaq\u0131 (A\u0130) N\u00fcmay\u0259nd\u0259liyi Beyn\u0259lxalq<\/p>\n","protected":false},"author":1,"featured_media":2175,"comment_status":"open","ping_status":"open","sticky":false,"template":"","format":"standard","meta":{"_jetpack_memberships_contains_paid_content":false,"footnotes":""},"categories":[29,35],"tags":[],"class_list":["post-2174","post","type-post","status-publish","format-standard","has-post-thumbnail","hentry","category-manset","category-olk"],"aioseo_notices":[],"jetpack_featured_media_url":"https:\/\/basta2.com\/wp-content\/uploads\/2020\/09\/ekoloqiya-naziri.jpg","jetpack_sharing_enabled":true,"_links":{"self":[{"href":"https:\/\/basta2.com\/index.php?rest_route=\/wp\/v2\/posts\/2174","targetHints":{"allow":["GET"]}}],"collection":[{"href":"https:\/\/basta2.com\/index.php?rest_route=\/wp\/v2\/posts"}],"about":[{"href":"https:\/\/basta2.com\/index.php?rest_route=\/wp\/v2\/types\/post"}],"author":[{"embeddable":true,"href":"https:\/\/basta2.com\/index.php?rest_route=\/wp\/v2\/users\/1"}],"replies":[{"embeddable":true,"href":"https:\/\/basta2.com\/index.php?rest_route=%2Fwp%2Fv2%2Fcomments&post=2174"}],"version-history":[{"count":1,"href":"https:\/\/basta2.com\/index.php?rest_route=\/wp\/v2\/posts\/2174\/revisions"}],"predecessor-version":[{"id":2176,"href":"https:\/\/basta2.com\/index.php?rest_route=\/wp\/v2\/posts\/2174\/revisions\/2176"}],"wp:featuredmedia":[{"embeddable":true,"href":"https:\/\/basta2.com\/index.php?rest_route=\/wp\/v2\/media\/2175"}],"wp:attachment":[{"href":"https:\/\/basta2.com\/index.php?rest_route=%2Fwp%2Fv2%2Fmedia&parent=2174"}],"wp:term":[{"taxonomy":"category","embeddable":true,"href":"https:\/\/basta2.com\/index.php?rest_route=%2Fwp%2Fv2%2Fcategories&post=2174"},{"taxonomy":"post_tag","embeddable":true,"href":"https:\/\/basta2.com\/index.php?rest_route=%2Fwp%2Fv2%2Ftags&post=2174"}],"curies":[{"name":"wp","href":"https:\/\/api.w.org\/{rel}","templated":true}]}}