{"id":22094,"date":"2024-11-09T10:19:27","date_gmt":"2024-11-09T07:19:27","guid":{"rendered":"https:\/\/basta2.com\/?p=22094"},"modified":"2024-11-09T10:24:35","modified_gmt":"2024-11-09T07:24:35","slug":"ilk-milli-bayragimiz-bel%c9%99-olub","status":"publish","type":"post","link":"https:\/\/basta2.com\/?p=22094","title":{"rendered":"\u0130lk milli bayra\u011f\u0131m\u0131z bel\u0259 olub"},"content":{"rendered":"<p><strong>9 noyabr Az\u0259rbaycanda D\u00f6vl\u0259t Bayra\u011f\u0131 g\u00fcn\u00fc qeyd olunur.<\/strong><\/p>\n<p>1918-ci il noyabr\u0131n 9-da Az\u0259rbaycan Xalq C\u00fcmhuriyy\u0259ti Nazirl\u0259r \u015euras\u0131 milli bayraq haqq\u0131nda q\u0259rar vermi\u015fdi.<\/p>\n<p>Az\u0259rbaycan Respublikas\u0131 m\u00fcst\u0259qilliyini b\u0259rpa etdikd\u0259n sonra Az\u0259rbaycan\u0131n D\u00f6vl\u0259t bayra\u011f\u0131 milli suverenliyin simvolu kimi \u00f6lk\u0259mizin b\u00fct\u00fcn v\u0259t\u0259nda\u015flar\u0131 \u00fc\u00e7\u00fcn m\u00fcq\u0259dd\u0259s d\u00f6vl\u0259t\u00e7ilik r\u0259mzl\u0259rind\u0259n birin\u0259 \u00e7evrilib. Az\u0259rbaycan Xalq C\u00fcmhuriyy\u0259tinin yadigar\u0131 olan bu bayraq bizim azadl\u0131q m\u0259fkur\u0259sin\u0259, milli-m\u0259n\u0259vi d\u0259y\u0259rl\u0259r\u0259 v\u0259 \u00fcmumb\u0259\u015f\u0259ri ideallara sadiqliyimizi n\u00fcmayi\u015f etdirir.<\/p>\n<p>Az\u0259rbaycan Respublikas\u0131n\u0131n D\u00f6vl\u0259t bayra\u011f\u0131 1918-ci il noyabr\u0131n 9-da Az\u0259rbaycan Xalq C\u00fcmhuriyy\u0259ti H\u00f6kum\u0259tinin iclas\u0131nda q\u0259bul edilib v\u0259 1920-ci ilin aprel ay\u0131nad\u0259k d\u00f6vl\u0259t statusuna malik olub.<\/p>\n<p>1991-ci il fevral\u0131n 5-d\u0259 Az\u0259rbaycan Respublikas\u0131n\u0131n Ali Soveti \u201cAz\u0259rbaycan Respublikas\u0131n\u0131n D\u00f6vl\u0259t bayra\u011f\u0131 haqq\u0131nda\u201d Qanun q\u0259bul ed\u0259r\u0259k, onu D\u00f6vl\u0259t bayra\u011f\u0131 elan edib.<\/p>\n<p>1991-ci il oktyabr\u0131n 18-d\u0259 \u201cAz\u0259rbaycan Respublikas\u0131n\u0131n d\u00f6vl\u0259t m\u00fcst\u0259qilliyi haqq\u0131nda\u201d Konstitusiya Akt\u0131 il\u0259 Az\u0259rbaycan Respublikas\u0131 Az\u0259rbaycan Xalq C\u00fcmhuriyy\u0259tinin varisi kimi onun d\u00f6vl\u0259t r\u0259mzl\u0259ri, o c\u00fcml\u0259d\u0259n D\u00f6vl\u0259t bayra\u011f\u0131n\u0131 b\u0259rpa edilib.<\/p>\n<p>Amma bu g\u00fcn ham\u0131m\u0131z\u0131n tan\u0131d\u0131\u011f\u0131 \u00fc\u00e7r\u0259ngli bayraq Az\u0259rbaycan Xalq C\u00fcmhuriyy\u0259tinin ilk milli bayra\u011f\u0131 olmay\u0131b.<\/p>\n<p>C\u00fcmhuriyy\u0259tin ilk bayra\u011f\u0131 \u00fcz\u0259rind\u0259\u00a0a\u011f r\u0259ngli aypara v\u0259 s\u0259kkizgu\u015f\u0259li ulduz t\u0259sviri olan q\u0131rm\u0131z\u0131 r\u0259ngli bayraq\u00a0olub.<\/p>\n<p><strong>Modern.az<\/strong>-\u0131n m\u0259lumat\u0131na g\u00f6r\u0259, 1918-ci il may\u0131n 28-d\u0259 Az\u0259rbaycan\u0131n Milli \u015euras\u0131 Tiflisd\u0259 Az\u0259rbaycan\u0131n \u0130stiqlal B\u0259yannam\u0259sini q\u0259bul ed\u0259r\u0259k onun m\u00fcst\u0259qilliyini b\u00fct\u00fcn d\u00fcnyaya b\u0259yan etdi.<br \/>\nO zaman Bak\u0131 \u015f\u0259h\u0259ri bol\u015fevik-da\u015fnak qrupla\u015fmas\u0131ndan ibar\u0259t olan Bak\u0131 Xalq Komissarlar\u0131 Soveti adlanan anti-Az\u0259rbaycan xuntan\u0131n \u0259lind\u0259 oldu\u011fundan\u00a0Az\u0259rbaycan Xalq C\u00fcmhuriyy\u0259tinin ilk Milli H\u00f6kum\u0259ti v\u0259 Milli \u015euras\u0131 1918-ci il iyunun 16-da G\u0259nc\u0259y\u0259 k\u00f6\u00e7d\u00fc.<\/p>\n<p>Az\u0259rbaycan\u0131n m\u00fcst\u0259qilliyi v\u0259 azadl\u0131\u011f\u0131 u\u011frunda \u00e7ox \u00e7\u0259tin \u015f\u0259raitd\u0259 m\u00fcbariz\u0259y\u0259 ba\u015flayan m\u00fcv\u0259qq\u0259ti milli h\u00f6kum\u0259tin f\u0259aliyy\u0259tinin G\u0259nc\u0259 d\u00f6vr\u00fcn\u00fcn ilk g\u00fcnl\u0259ri milli d\u00f6vl\u0259t\u00e7iliyimiz \u00fc\u00e7\u00fcn \u00e7ox \u0259h\u0259miyy\u0259tli bir s\u0131ra q\u0259rarlar\u0131n, o c\u00fcml\u0259d\u0259n, Az\u0259rbaycan Xalq C\u00fcmhuriyy\u0259tinin D\u00f6vl\u0259t bayra\u011f\u0131n\u0131n t\u0259sdiq edilm\u0259si (21 iyun 1918-ci il) haqq\u0131nda q\u0259rarlar\u0131n q\u0259bul edilm\u0259si il\u0259\u00a0tarixi yadda\u015f\u0131m\u0131za daxil olub&#8230;<\/p>\n<p>Az\u0259rbaycan\u0131n M\u00fcv\u0259qq\u0259ti \u00a0h\u00f6kum\u0259tinin 21 iyun 1918-ci il tarixli q\u0259rar\u0131 il\u0259 \u00fcz\u0259rind\u0259 a\u011f r\u0259ngli aypara v\u0259 s\u0259kkizgu\u015f\u0259li ulduz t\u0259sviri olan q\u0131rm\u0131z\u0131 r\u0259ngli bayraq Az\u0259rbaycan Xalq C\u00fcmhuriyy\u0259tinin d\u00f6vl\u0259t bayra\u011f\u0131 kimi q\u0259bul edildi&#8230;<\/p>\n<p>(<strong>C\u00fcmhuriyy\u0259t tarixinin ara\u015fd\u0131rma\u00e7\u0131s\u0131, professor N\u0259siman Yaqublu bildirirdi ki, erm\u0259ni diplomatiyas\u0131 Mill\u0259tl\u0259r Liqas\u0131na Az\u0259rbaycan\u0131n ayr\u0131ca d\u00f6vl\u0259t kimi q\u0259bul edilm\u0259sin\u0259 qar\u015f\u0131 \u00e7\u0131x\u0131b. Onlar\u0131n \u0259sas arqumenti bu olub ki, Osmanl\u0131 d\u00f6vl\u0259ti m\u00f6vcud ik\u0259n, eyni bayraq il\u0259 ikinci d\u00f6vl\u0259tin yarad\u0131lmas\u0131 yolverilm\u0259zdir. Xalq C\u00fcmhuriyy\u0259tinin banisi\u00a0 M\u0259h\u0259mm\u0259d \u018fmin R\u0259sulzad\u0259nin\u00a0 t\u0259klifi il\u0259 \u00fc\u00e7r\u0259ngli bayraq q\u0259bul edilir. Bel\u0259likl\u0259, Az\u0259rbaycan\u0131n beyn\u0259lxalq al\u0259md\u0259 m\u00fcst\u0259qil d\u00f6vl\u0259t kimi tan\u0131nmas\u0131 \u00fc\u00e7\u00fcn yarad\u0131lan daha bir \u0259ng\u0259l aradan qald\u0131r\u0131l\u0131r &#8211; Basta)<\/strong><\/p>\n<p>&#8230;Az\u0259rbaycan Xalq C\u00fcmhuriyy\u0259ti Nazirl\u0259r \u015euras\u0131 1918-ci il noyabr\u0131n 9-da Az\u0259rbaycan\u0131n yeni \u00fc\u00e7r\u0259ngli &#8211; mavi, q\u0131rm\u0131z\u0131, ya\u015f\u0131l zolaqlardan ibar\u0259t v\u0259 \u00fcz\u0259rind\u0259 a\u011f r\u0259ngli aypara v\u0259 s\u0259kkizgu\u015f\u0259li ulduz t\u0259sviri olan milli bayra\u011f\u0131n\u0131n t\u0259sdiq edilm\u0259si haqq\u0131nda q\u0259rar q\u0259bul etdi.<\/p>\n<p><img decoding=\"async\" src=\"https:\/\/files.modern.az\/articles\/2024\/11\/09\/1731128929_1668010337_335dd103389e65a.jpg\" alt=\"\" \/><\/p>\n<p>Bu g\u00fcn Az\u0259rbaycan Respublikas\u0131 \u00fcz\u0259rind\u0259 dal\u011falanan \u00fc\u00e7r\u0259ngli milli bayra\u011f\u0131m\u0131z ilk d\u0259f\u0259 1918-ci il noyabr\u0131n 9-da Bak\u0131da, Az\u0259rbaycan Xalq C\u00fcmhuriyy\u0259ti Nazirl\u0259r \u015euras\u0131n\u0131n yerl\u0259\u015fdiyi binada (\u0130ndiki Az\u0259rbaycan D\u00f6vl\u0259t Neft \u015eirk\u0259tinin yerl\u0259\u015fdiyi binada) q\u0259bul edilmi\u015f v\u0259 qald\u0131r\u0131lm\u0131\u015fd\u0131r.l<\/p>\n<p>Az\u0259rbaycan bayra\u011f\u0131n\u0131n tarixind\u0259 \u0259n \u015f\u0259r\u0259fli, yaddaqalan g\u00fcnl\u0259rd\u0259n biri 7 dekabr 1918-ci ild\u0259 \u015e\u0259rqd\u0259 v\u0259 T\u00fcrk-\u0130slam d\u00fcnyas\u0131nda ilk demokratik, d\u00fcny\u0259vi d\u00f6vl\u0259t olan Az\u0259rbaycan Xalq C\u00fcmhuriyy\u0259ti Parlamentinin a\u00e7\u0131l\u0131\u015f\u0131 zaman\u0131 olmu\u015f, milli bayra\u011f\u0131m\u0131z Parlament binas\u0131 (indiki \u018flyazmalar \u0130nstitutunun binas\u0131nda) \u00fcz\u0259rind\u0259 qald\u0131r\u0131lm\u0131\u015fd\u0131r.<\/p>\n<p>Lakin \u00e7ox t\u0259\u0259ss\u00fcf ki, 28 aprel 1920-ci ild\u0259 Az\u0259rbaycan Xalq C\u00fcmhuriyy\u0259ti s\u00fcqut etdi v\u0259 h\u0259min C\u00fcmhuriyy\u0259tin m\u00fcq\u0259dd\u0259s ideal\u0131n\u0131n \u2013 m\u00fcst\u0259qilliyinin r\u0259mzi olan \u00fc\u00e7r\u0259ngli milli bayra\u011f\u0131m\u0131z 1920-ci il may\u0131n 3-d\u0259 Az\u0259rbaycan Parlamentinin binas\u0131 \u00fcz\u0259rind\u0259n endirildi&#8230;<\/p>\n<p>\u00dc\u00e7r\u0259ngli bayraq bir d\u0259 70 il sonra y\u00fcks\u0259kl\u0259r\u0259 qald\u0131r\u0131ld\u0131.<\/p>\n<p>1991-ci il fevral\u0131n 5-d\u0259 Az\u0259rbaycan Respublikas\u0131 Ali Soveti &#8220;Az\u0259rbaycan Respublikas\u0131n\u0131n D\u00f6vl\u0259t bayra\u011f\u0131 haqq\u0131nda Az\u0259rbaycan Respublikas\u0131n\u0131n Qanunu&#8221;nu q\u0259bul etdi. Bu Konstitusiya Qanunu il\u0259 \u00fc\u00e7r\u0259ngli milli bayra\u011f\u0131m\u0131z Az\u0259rbaycan Respublikas\u0131n\u0131n D\u00f6vl\u0259t bayra\u011f\u0131 kimi t\u0259sdiq edildi v\u0259 bu m\u00fcq\u0259dd\u0259s istiqlal r\u0259mzimiz b\u00fct\u00fcn Az\u0259rbaycan \u00fcz\u0259rind\u0259 dal\u011falanma\u011fa ba\u015flad\u0131.<\/p>\n<p>Bayra\u011f\u0131m\u0131z\u0131n ya\u015f\u0131l, q\u0131rm\u0131z\u0131, mavi r\u0259ngl\u0259rd\u0259n ibar\u0259t \u00fc\u00e7 b\u0259rab\u0259r zola\u011f\u0131 var, \u00fcz\u0259rind\u0259 is\u0259 a\u011f r\u0259ngd\u0259 aypara v\u0259 s\u0259kkizgu\u015f\u0259li ulduz t\u0259svir olunub.<\/p>\n<p>Bayra\u011f\u0131n \u00fcz\u0259rind\u0259ki h\u0259r r\u0259ng v\u0259 simvol bir m\u0259na da\u015f\u0131y\u0131r.<\/p>\n<p>Milli bayra\u011f\u0131m\u0131zdak\u0131 mavi r\u0259ng &#8211; t\u00fcrk\u00e7\u00fcl\u00fcy\u00fc, q\u0131rm\u0131z\u0131 r\u0259ng &#8211; m\u00fcasirliyi, ya\u015f\u0131l r\u0259ng &#8211;\u00a0 islam\u00e7\u0131l\u0131\u011f\u0131 ifad\u0259 edir.<\/p>\n<p>Bayra\u011f\u0131n \u00fcz\u0259rind\u0259ki aypara t\u00fcrk xalqlar\u0131n\u0131n simvolu,\u00a0s\u0259kkizg\u00fc\u015f\u0259li ulduz is\u0259 8 o\u011fuz-t\u00fcrk tayfas\u0131n\u0131n ad\u0131 il\u0259 ba\u011fl\u0131d\u0131r.<\/p>\n<p>Modern.az<\/p>\n","protected":false},"excerpt":{"rendered":"<p>9 noyabr Az\u0259rbaycanda D\u00f6vl\u0259t Bayra\u011f\u0131 g\u00fcn\u00fc qeyd olunur. 1918-ci il noyabr\u0131n 9-da Az\u0259rbaycan Xalq C\u00fcmhuriyy\u0259ti Nazirl\u0259r \u015euras\u0131 milli bayraq haqq\u0131nda<\/p>\n","protected":false},"author":1,"featured_media":22097,"comment_status":"closed","ping_status":"closed","sticky":false,"template":"","format":"standard","meta":{"_jetpack_memberships_contains_paid_content":false,"footnotes":""},"categories":[30,29],"tags":[],"class_list":["post-22094","post","type-post","status-publish","format-standard","has-post-thumbnail","hentry","category-gundm","category-manset"],"aioseo_notices":[],"jetpack_featured_media_url":"https:\/\/basta2.com\/wp-content\/uploads\/2024\/11\/1731129261_f672e180eb88f7_672e180eb8937.thumb_.jpg","jetpack_sharing_enabled":true,"_links":{"self":[{"href":"https:\/\/basta2.com\/index.php?rest_route=\/wp\/v2\/posts\/22094","targetHints":{"allow":["GET"]}}],"collection":[{"href":"https:\/\/basta2.com\/index.php?rest_route=\/wp\/v2\/posts"}],"about":[{"href":"https:\/\/basta2.com\/index.php?rest_route=\/wp\/v2\/types\/post"}],"author":[{"embeddable":true,"href":"https:\/\/basta2.com\/index.php?rest_route=\/wp\/v2\/users\/1"}],"replies":[{"embeddable":true,"href":"https:\/\/basta2.com\/index.php?rest_route=%2Fwp%2Fv2%2Fcomments&post=22094"}],"version-history":[{"count":2,"href":"https:\/\/basta2.com\/index.php?rest_route=\/wp\/v2\/posts\/22094\/revisions"}],"predecessor-version":[{"id":22099,"href":"https:\/\/basta2.com\/index.php?rest_route=\/wp\/v2\/posts\/22094\/revisions\/22099"}],"wp:featuredmedia":[{"embeddable":true,"href":"https:\/\/basta2.com\/index.php?rest_route=\/wp\/v2\/media\/22097"}],"wp:attachment":[{"href":"https:\/\/basta2.com\/index.php?rest_route=%2Fwp%2Fv2%2Fmedia&parent=22094"}],"wp:term":[{"taxonomy":"category","embeddable":true,"href":"https:\/\/basta2.com\/index.php?rest_route=%2Fwp%2Fv2%2Fcategories&post=22094"},{"taxonomy":"post_tag","embeddable":true,"href":"https:\/\/basta2.com\/index.php?rest_route=%2Fwp%2Fv2%2Ftags&post=22094"}],"curies":[{"name":"wp","href":"https:\/\/api.w.org\/{rel}","templated":true}]}}