{"id":22399,"date":"2024-12-20T07:01:26","date_gmt":"2024-12-20T04:01:26","guid":{"rendered":"https:\/\/basta2.com\/?p=22399"},"modified":"2024-12-20T07:01:26","modified_gmt":"2024-12-20T04:01:26","slug":"avropa-parlamenti-az%c9%99rbaycanda-repressiyalari-pisl%c9%99y%c9%99n-q%c9%99tnam%c9%99-q%c9%99bul-etdi","status":"publish","type":"post","link":"https:\/\/basta2.com\/?p=22399","title":{"rendered":"Avropa Parlamenti Az\u0259rbaycanda repressiyalar\u0131 pisl\u0259y\u0259n q\u0259tnam\u0259 q\u0259bul etdi"},"content":{"rendered":"<p>Avropa Parlamenti dekabr\u0131n 19-da Az\u0259rbaycan h\u00f6kum\u0259tinin v\u0259t\u0259nda\u015f c\u0259miyy\u0259tin\u0259, m\u00fcst\u0259qil mediaya v\u0259 siyasi m\u00fcxalif\u0259t\u0259 qar\u015f\u0131 repressiyalar\u0131n\u0131 \u201ck\u0259skin \u015f\u0259kild\u0259\u201d pisl\u0259y\u0259n, siyasi m\u0259hbuslar\u0131n azad edilm\u0259sini t\u0259l\u0259b ed\u0259n v\u0259 y\u00fcks\u0259k v\u0259zif\u0259li m\u0259murlara qar\u015f\u0131 h\u0259d\u0259fli sanksiyalar\u0131n t\u0259tbiqin\u0259 \u00e7a\u011f\u0131ran q\u0259tnam\u0259 q\u0259bul edib.<\/p>\n<p>\u201cAz\u0259rbaycanda v\u0259t\u0259nda\u015f c\u0259miyy\u0259tin\u0259 v\u0259 m\u00fcst\u0259qil mediaya qar\u015f\u0131 repressiyalar\u0131n davam etm\u0259si v\u0259 doktor Qubad \u0130bado\u011flu, Anar M\u0259mm\u0259dli, Kamran M\u0259mm\u0259dli, R\u00fcf\u0259t S\u0259f\u0259rov v\u0259 Meydan TV-nin i\u015fl\u0259ri\u201d ba\u015fl\u0131ql\u0131 q\u0259tnam\u0259 qondarma v\u0259 siyasi motivli ittihamlarla t\u0259qib edil\u0259n h\u00fcquq m\u00fcdafi\u0259\u00e7il\u0259ri, jurnalistl\u0259r v\u0259 f\u0259allara qar\u015f\u0131 b\u00fct\u00fcn ittihamlar\u0131n qeyd-\u015f\u0259rtsiz l\u0259\u011fv edilm\u0259sin\u0259 v\u0259 onlar\u0131n azad edilm\u0259sin\u0259 \u00e7a\u011f\u0131r\u0131r.<\/p>\n<p>Parlament Avropa \u0130ttifaq\u0131n\u0131 (A\u0130) qlobal insan haqlar\u0131 sanksiya rejimi \u00e7\u0259r\u00e7iv\u0259sind\u0259 ciddi insan h\u00fcquqlar\u0131 pozuntular\u0131na g\u00f6r\u0259 m\u0259suliyy\u0259t da\u015f\u0131yan Az\u0259rbaycan r\u0259smil\u0259rin\u0259 qar\u015f\u0131 sanksiyalar t\u0259tbiq etm\u0259y\u0259 \u00e7a\u011f\u0131r\u0131r. S\u0259n\u0259dd\u0259 bu x\u00fcsusda, prezidentin k\u00f6m\u0259k\u00e7isi Fuad \u018fl\u0259sg\u0259rov, daxili i\u015fl\u0259r naziri Vilay\u0259t Eyvazov v\u0259 D\u00f6vl\u0259t T\u0259hl\u00fck\u0259sizlik Xidm\u0259tinin r\u0259isi \u018fli Na\u011f\u0131yevin adlar\u0131 \u00e7\u0259kilir.<\/p>\n<p>S\u0259n\u0259dd\u0259 dekabr\u0131n \u0259vv\u0259lind\u0259 \u201cMeydanTV\u201d jurnalistl\u0259ri Aynur Q\u0259nb\u0259rova, Aytac \u018fhm\u0259dova, X\u0259yal\u0259 A\u011fayeva, Natiq Cavadl\u0131 v\u0259 Aysel Umudovan\u0131n, jurnalistl\u0259r Ramin C\u0259bray\u0131lzad\u0259 v\u0259 \u018fhm\u0259d Muxtar\u0131n, Bak\u0131 Jurnalistika M\u0259kt\u0259binin direktor m\u00fcavini \u00dclvi Tahirovun, siyasi lider Az\u0259r Qas\u0131ml\u0131 v\u0259 h\u00fcquq m\u00fcdafi\u0259\u00e7isi R\u00fcf\u0259t S\u0259f\u0259rovun h\u0259bsl\u0259ri v\u0259 onlar\u0131n ham\u0131s\u0131n\u0131n \u0259sass\u0131z, siyasi motivli ittihamlarla \u00fczl\u0259\u015fdiyi vur\u011fulan\u0131r.<\/p>\n<p>\u201cMeydan TV\u201d il\u0259 yana\u015f\u0131, avropal\u0131 qanunvericil\u0259r Az\u0259rbaycan hakimiyy\u0259tind\u0259n \u201cAbzas Media\u201d, \u201cToplum TV\u201d v\u0259 \u201cKanal 13\u201d-\u0259 qar\u015f\u0131 repressiyalara son qoyulmas\u0131n\u0131 t\u0259l\u0259b edirl\u0259r.<\/p>\n<p>Bundan \u0259lav\u0259, \u0259traf m\u00fchit f\u0259al\u0131 Kamran M\u0259mm\u0259dlinin h\u00fccuma m\u0259ruz qalmas\u0131 v\u0259 ona qar\u015f\u0131 s\u0259yah\u0259t qada\u011fas\u0131n\u0131n t\u0259tbiq edildiyi vur\u011fulan\u0131r.<\/p>\n<p>Professor Qubad \u0130bado\u011flunun Saxarov m\u00fckafat\u0131n\u0131n t\u0259qdimetm\u0259 m\u0259rasimind\u0259 i\u015ftirak\u0131na v\u0259 ya uzaqdan \u0259laq\u0259 saxlamas\u0131na icaz\u0259 verilm\u0259m\u0259sind\u0259n t\u0259\u0259ss\u00fcf\u00fcn\u00fc ifad\u0259 ed\u0259n Avropa Parlamenti, hakimiyy\u0259t orqanlar\u0131ndan ona qar\u015f\u0131 s\u0259yah\u0259t qada\u011fas\u0131n\u0131 d\u0259rhal aradan qald\u0131rma\u011f\u0131, ona qar\u015f\u0131 b\u00fct\u00fcn ittihamlar\u0131 qeyd-\u015f\u0259rtsiz l\u0259\u011fv etm\u0259yi v\u0259 xaricd\u0259 t\u0259cili m\u00fcalic\u0259 almas\u0131na icaz\u0259 verm\u0259yi t\u0259l\u0259b edir.<\/p>\n<p>S\u0259sverm\u0259d\u0259 i\u015ftirak ed\u0259n 553 deputatdan 434-\u00fc q\u0259tnam\u0259nin lehin\u0259, 30-u \u0259leyhin\u0259 s\u0259s verib. 89 n\u0259f\u0259r bit\u0259r\u0259f qal\u0131b.<\/p>\n<p>A\u0130-Az\u0259rbaycan t\u0259r\u0259fda\u015fl\u0131q sazi\u015fi, o c\u00fcml\u0259d\u0259n enerji sah\u0259sind\u0259 s\u00f6vd\u0259l\u0259\u015fm\u0259l\u0259rin \u0259sas h\u00fcquqlara h\u00f6rm\u0259t v\u0259 b\u00fct\u00fcn siyasi m\u0259hbuslar\u0131n azad edilm\u0259si il\u0259 \u015f\u0259rtl\u0259ndirilm\u0259sind\u0259 israr ed\u0259n Avropa Parlamenti, Avropa Komissiyas\u0131n\u0131 yenid\u0259n Az\u0259rbaycanla enerji sah\u0259sind\u0259 2022-ci ild\u0259 imzalanm\u0131\u015f \u201cStrateji T\u0259r\u0259fda\u015fl\u0131\u011fa dair Anla\u015fma Memorandumu\u201dnu dayand\u0131rma\u011fa \u00e7a\u011f\u0131r\u0131b.<\/p>\n<p>Parlamentin Almaniyadan olan deputat\u0131 Matias Eke Amerikan\u0131n S\u0259sin\u0259 deyib ki, Az\u0259rbaycan h\u00f6kum\u0259ti haz\u0131rda oldu\u011fu kimi kobud insan haqlar\u0131 pozuntular\u0131na davam etdiyi m\u00fcdd\u0259tc\u0259 A\u0130-nin strateji t\u0259r\u0259fda\u015f\u0131 ola bilm\u0259z v\u0259 Avropa Komissiyas\u0131ndan buna uy\u011fun h\u0259r\u0259k\u0259t etm\u0259sini ist\u0259yirl\u0259r.<\/p>\n<p>\u201cBiz sonuncu d\u0259f\u0259 dan\u0131\u015fanda Bak\u0131da COP29-un \u0259r\u0259f\u0259sind\u0259 idik v\u0259 Az\u0259rbaycanda insan haqlar\u0131n\u0131n v\u0259ziyy\u0259ti il\u0259 ba\u011fl\u0131 ictimai diqq\u0259t v\u0259 ictimai n\u0259zar\u0259t \u00e7ox idi. Bel\u0259likl\u0259, biz \u00fcmid edirdik v\u0259 g\u00f6zl\u0259yirdik ki, COP29 zaman\u0131 v\u0259 COP29-a haz\u0131rl\u0131q zaman\u0131 insan h\u00fcquqlar\u0131n\u0131n, siyasi m\u0259hbuslar\u0131n, el\u0259c\u0259 d\u0259 h\u0259bs olunan jurnalistl\u0259rin v\u0259ziyy\u0259tind\u0259 yax\u015f\u0131la\u015fmalar olacaq. Amma t\u0259\u0259ss\u00fcfl\u0259r olsun ki, bu ba\u015f verm\u0259di v\u0259 biz he\u00e7 bir ir\u0259lil\u0259yi\u015f m\u00fc\u015fahid\u0259 etm\u0259dik, \u0259ksin\u0259 v\u0259t\u0259nda\u015f azadl\u0131qlar\u0131 v\u0259 insan haqlar\u0131 bax\u0131m\u0131ndan t\u0259zyiql\u0259rin davam etdiyini g\u00f6rd\u00fck\u201d, Matias Eke vur\u011fulay\u0131b.<\/p>\n<p>\u0130yun ay\u0131nda ke\u00e7iril\u0259n se\u00e7kil\u0259rd\u0259n sonra yeni Avropa Parlamenti v\u0259 yeni xarici siyas\u0259t proqram\u0131na malik Avropa Komissiyas\u0131n\u0131n formala\u015fd\u0131\u011f\u0131n\u0131 dey\u0259n Matias Eke \u0259lav\u0259 edib ki, indi bu i\u015fin \u00fcz\u0259rin\u0259 yenid\u0259n qay\u0131tmaq v\u0259 diqq\u0259ti yenid\u0259n c\u0259ml\u0259m\u0259k \u00e7ox vacibdir.<\/p>\n<p>Dekabr\u0131n 18-d\u0259 Strasburqda ke\u00e7iril\u0259n \u201cAz\u0259rbaycan &#8211; neftl\u0259 z\u0259ngin, insan haqlar\u0131 bax\u0131m\u0131ndan yoxsul\u201d ba\u015fl\u0131ql\u0131 m\u0259tbuat konfrans\u0131ndan sonra Amerikan\u0131n S\u0259sin\u0259 dan\u0131\u015fan litval\u0131 deputat Pyatras Au\u015ftryavi\u00e7yus v\u0259ziyy\u0259tin narahatl\u0131q do\u011furdu\u011funu bildirib.<\/p>\n<p>\u201cAz\u0259rbaycanda neftl\u0259 kifay\u0259t q\u0259d\u0259r z\u0259ngindir, lakin insan haqlar\u0131n\u0131n v\u0259ziyy\u0259ti he\u00e7 d\u0259 \u00fcmidverici deyil. Ona g\u00f6r\u0259 d\u0259 v\u0259ziyy\u0259ti \u00e7ox narahatl\u0131q do\u011furan bir v\u0259ziyy\u0259t kimi t\u0259svir ed\u0259rdim. Bu, t\u0259kc\u0259 Az\u0259rbaycan m\u0259s\u0259l\u0259si d\u0259 deyil, C\u0259nubi Qafqazdak\u0131 v\u0259ziyy\u0259tdir. G\u00fcrc\u00fcstanda olduqca narahatedici hadis\u0259l\u0259r ba\u015f verir v\u0259 \u00fcmid edirik ki, Erm\u0259nistan n\u0259hay\u0259t Az\u0259rbaycanla s\u00fclh raz\u0131la\u015fmas\u0131 \u00fc\u00e7\u00fcn ortaq z\u0259min tapacaq. Bu, h\u0259r iki t\u0259r\u0259f \u00fc\u00e7\u00fcn, b\u00fct\u00fcn region \u00fc\u00e7\u00fcn laz\u0131md\u0131r. Lakin bu qeyri-sabit v\u0259 narahatedici prosesl\u0259rl\u0259 b\u00fct\u00fcn region Rusiyan\u0131n artan t\u0259siri alt\u0131na d\u00fc\u015f\u00fcr. V\u0259 yaln\u0131z bir \u00f6lk\u0259 bel\u0259 bir tendensiyan\u0131 g\u00f6rm\u0259kd\u0259 maraql\u0131d\u0131r. Bu, t\u0259\u0259ss\u00fcf ki, Az\u0259rbaycan\u0131n \u0259sl dostu olmayan Rusiya Federasiyas\u0131d\u0131r\u201d, Au\u015ftryavi\u00e7yus deyib.<\/p>\n<p>Az\u0259rbaycan\u0131n hakimiyy\u0259t n\u00fcmay\u0259nd\u0259l\u0259ri Avropa Parlamentinin q\u0259tnam\u0259sin\u0259 h\u0259l\u0259lik m\u00fcnasib\u0259t bildirm\u0259yib.<\/p>\n<p>Avropa Parlamenti daha \u0259vv\u0259l\u00a0<a class=\"wsw__a\" href=\"https:\/\/www.amerikaninsesi.org\/a\/7584617.html\">aprelin<\/a>\u00a025-d\u0259 v\u0259\u00a0<a class=\"wsw__a\" href=\"https:\/\/www.amerikaninsesi.org\/a\/7837590.html\" target=\"_blank\" rel=\"noopener\">oktyabr\u0131n<\/a>\u00a024-d\u0259 Az\u0259rbaycanda siyasi t\u0259qibl\u0259ri v\u0259 insan h\u00fcquqlar\u0131 pozuntular\u0131n\u0131 pisl\u0259y\u0259n q\u0259tnam\u0259l\u0259r q\u0259bul etmi\u015fdi.<\/p>\n<p>R\u0259smi Bak\u0131 is\u0259 fikir v\u0259 m\u0259tbuat azadl\u0131\u011f\u0131n\u0131n h\u0259d\u0259f al\u0131nmas\u0131, jurnalistl\u0259rin v\u0259 f\u0259allar\u0131n siyasi motivl\u0259rl\u0259 \u0259sass\u0131z yer\u0259 h\u0259bs edilm\u0259si il\u0259 ba\u011fl\u0131 ittihamlar\u0131 r\u0259dd edir, \u00f6lk\u0259d\u0259 fundamental h\u00fcquq v\u0259 azadl\u0131qlar\u0131n, el\u0259c\u0259 d\u0259 media azadl\u0131\u011f\u0131n\u0131n \u201ctam olaraq\u201d t\u0259min edildiyini vur\u011fulay\u0131r.<\/p>\n","protected":false},"excerpt":{"rendered":"<p>Avropa Parlamenti dekabr\u0131n 19-da Az\u0259rbaycan h\u00f6kum\u0259tinin v\u0259t\u0259nda\u015f c\u0259miyy\u0259tin\u0259, m\u00fcst\u0259qil mediaya v\u0259 siyasi m\u00fcxalif\u0259t\u0259 qar\u015f\u0131 repressiyalar\u0131n\u0131 \u201ck\u0259skin \u015f\u0259kild\u0259\u201d pisl\u0259y\u0259n, siyasi m\u0259hbuslar\u0131n<\/p>\n","protected":false},"author":1,"featured_media":22400,"comment_status":"closed","ping_status":"closed","sticky":false,"template":"","format":"standard","meta":{"_jetpack_memberships_contains_paid_content":false,"footnotes":""},"categories":[29,36],"tags":[],"class_list":["post-22399","post","type-post","status-publish","format-standard","has-post-thumbnail","hentry","category-manset","category-siyast"],"aioseo_notices":[],"jetpack_featured_media_url":"https:\/\/basta2.com\/wp-content\/uploads\/2024\/12\/01000000-0aff-0242-4863-08db3ffbbd4d_w408_r1_s.jpg","jetpack_sharing_enabled":true,"_links":{"self":[{"href":"https:\/\/basta2.com\/index.php?rest_route=\/wp\/v2\/posts\/22399","targetHints":{"allow":["GET"]}}],"collection":[{"href":"https:\/\/basta2.com\/index.php?rest_route=\/wp\/v2\/posts"}],"about":[{"href":"https:\/\/basta2.com\/index.php?rest_route=\/wp\/v2\/types\/post"}],"author":[{"embeddable":true,"href":"https:\/\/basta2.com\/index.php?rest_route=\/wp\/v2\/users\/1"}],"replies":[{"embeddable":true,"href":"https:\/\/basta2.com\/index.php?rest_route=%2Fwp%2Fv2%2Fcomments&post=22399"}],"version-history":[{"count":1,"href":"https:\/\/basta2.com\/index.php?rest_route=\/wp\/v2\/posts\/22399\/revisions"}],"predecessor-version":[{"id":22401,"href":"https:\/\/basta2.com\/index.php?rest_route=\/wp\/v2\/posts\/22399\/revisions\/22401"}],"wp:featuredmedia":[{"embeddable":true,"href":"https:\/\/basta2.com\/index.php?rest_route=\/wp\/v2\/media\/22400"}],"wp:attachment":[{"href":"https:\/\/basta2.com\/index.php?rest_route=%2Fwp%2Fv2%2Fmedia&parent=22399"}],"wp:term":[{"taxonomy":"category","embeddable":true,"href":"https:\/\/basta2.com\/index.php?rest_route=%2Fwp%2Fv2%2Fcategories&post=22399"},{"taxonomy":"post_tag","embeddable":true,"href":"https:\/\/basta2.com\/index.php?rest_route=%2Fwp%2Fv2%2Ftags&post=22399"}],"curies":[{"name":"wp","href":"https:\/\/api.w.org\/{rel}","templated":true}]}}