{"id":22481,"date":"2024-12-28T16:39:51","date_gmt":"2024-12-28T13:39:51","guid":{"rendered":"https:\/\/basta2.com\/?p=22481"},"modified":"2024-12-28T18:16:05","modified_gmt":"2024-12-28T15:16:05","slug":"22481","status":"publish","type":"post","link":"https:\/\/basta2.com\/?p=22481","title":{"rendered":"Putin \u00fczr ist\u0259di, amma etiraf etm\u0259di &#8230;"},"content":{"rendered":"<p><strong>Rusiya prezidenti Vladimir Putin Az\u0259rbaycan prezidenti \u0130lham \u018fliyev\u0259 z\u0259ng edib.<\/strong><\/p>\n<p>Bununla ba\u011fl\u0131 prezidentin m\u0259tbuat xidm\u0259ti m\u0259lumat yay\u0131b.<\/p>\n<p>Telefon dan\u0131\u015f\u0131\u011f\u0131 \u0259snas\u0131nda Vladimir Putin dekabr\u0131n 25-d\u0259 Bak\u0131-Qrozn\u0131 mar\u015frutu \u00fczr\u0259 u\u00e7u\u015f yerin\u0259 yetir\u0259n \u201cAz\u0259rbaycan Hava Yollar\u0131\u201dna m\u0259xsus s\u0259rni\u015fin t\u0259yyar\u0259sinin Rusiyan\u0131n hava m\u0259kan\u0131nda fiziki-texniki xarakterli k\u0259nar m\u00fcdaxil\u0259y\u0259 m\u0259ruz qalmas\u0131 v\u0259 n\u0259tic\u0259d\u0259 ba\u015f vermi\u015f faci\u0259vi hadis\u0259 il\u0259 ba\u011fl\u0131 \u00fczrxahl\u0131\u011f\u0131n\u0131 ifad\u0259 edib, bu q\u0259zada h\u0259lak olanlar\u0131n ail\u0259l\u0259rin\u0259 v\u0259 yax\u0131nlar\u0131na d\u0259rin v\u0259 \u0259n s\u0259mimi ba\u015fsa\u011fl\u0131\u011f\u0131n\u0131 bir daha \u00e7atd\u0131r\u0131b, x\u0259sar\u0259t alanlar\u0131n tezlikl\u0259 \u015f\u0259fa tapmas\u0131n\u0131 dil\u0259diyini deyib.<\/p>\n<p>\u0130lham \u018fliyev \u201cAz\u0259rbaycan Hava Yollar\u0131\u201dna m\u0259xsus s\u0259rni\u015fin t\u0259yyar\u0259sinin Rusiyas\u0131n\u0131n hava m\u0259kan\u0131nda olan zaman k\u0259nar fiziki-texniki m\u00fcdaxil\u0259y\u0259 m\u0259ruz qald\u0131\u011f\u0131n\u0131 v\u0259 idar\u0259etm\u0259sini tam itirdiyini, Qazax\u0131stan\u0131n Aktau \u015f\u0259h\u0259rin\u0259 do\u011fru y\u00f6nl\u0259ndirildiyini, yaln\u0131z pilotlar\u0131n \u015f\u00fcca\u0259ti v\u0259 pe\u015f\u0259karl\u0131\u011f\u0131 say\u0259sind\u0259 q\u0259za eni\u015fi ed\u0259 bildiyini qeyd edib. D\u00f6vl\u0259timizin ba\u015f\u00e7\u0131s\u0131 t\u0259yyar\u0259nin g\u00f6vd\u0259sind\u0259 \u00e7oxsayl\u0131 d\u0259likl\u0259rin olmas\u0131n\u0131n, h\u0259l\u0259 havada olark\u0259n s\u0259rni\u015finl\u0259rin v\u0259 hey\u0259t \u00fczvl\u0259rinin t\u0259yyar\u0259nin g\u00f6y\u0259rt\u0259sini d\u0259lib i\u00e7\u0259ri daxil olan yad hiss\u0259cikl\u0259rl\u0259 yaralanmalar\u0131n\u0131n, bu x\u00fcsusda, sa\u011f qalan t\u0259yyar\u0259 b\u0259l\u0259d\u00e7il\u0259rinin v\u0259 s\u0259rni\u015finl\u0259rin ifad\u0259l\u0259rinin k\u0259nar fiziki-texniki m\u00fcdaxil\u0259 fakt\u0131n\u0131 t\u0259sbit etdiyini vur\u011fulay\u0131b.<\/p>\n<p>S\u00f6hb\u0259t zaman\u0131 d\u00f6vl\u0259t ba\u015f\u00e7\u0131lar\u0131 bu faci\u0259nin b\u00fct\u00fcn t\u0259f\u0259rr\u00fcatlar\u0131n\u0131n ciddi v\u0259 h\u0259rt\u0259r\u0259fli ara\u015fd\u0131r\u0131lmas\u0131, g\u00fcnahkarlar\u0131n m\u0259suliyy\u0259t\u0259 c\u0259lb olunmas\u0131n\u0131 m\u00fczakir\u0259 edibl\u0259r.<\/p>\n<p>\u0130lham \u018fliyev bildirib ki, Az\u0259rbaycan t\u0259r\u0259finin t\u0259klifi il\u0259 bu q\u0259zan\u0131n s\u0259b\u0259bl\u0259rinin h\u0259rt\u0259r\u0259fli ara\u015fd\u0131r\u0131lmas\u0131 \u00fc\u00e7\u00fcn beyn\u0259lxalq ekspertl\u0259rd\u0259n ibar\u0259t hey\u0259t t\u0259\u015fkil edilib v\u0259 bu hey\u0259t art\u0131q f\u0259aliyy\u0259t\u0259 ba\u015flay\u0131b.<\/p>\n<p>D\u00f6vl\u0259t ba\u015f\u00e7\u0131lar\u0131, h\u0259m\u00e7inin faci\u0259 il\u0259 \u0259laq\u0259dar ba\u015flan\u0131lm\u0131\u015f istintaq prosesinin tam \u015f\u0259ffaf \u015f\u0259kild\u0259 apar\u0131laca\u011f\u0131n\u0131 v\u0259 m\u00fct\u0259madi qaydada ictimaiyy\u0259t\u0259 m\u0259lumat veril\u0259c\u0259yini vur\u011fulay\u0131blar.<\/p>\n<p>***<\/p>\n<p>Kremlin bu m\u00f6vzuda yayd\u0131\u011f\u0131 m\u0259lumat r\u0259smi Bak\u0131n\u0131n m\u0259lumat\u0131ndan f\u0259rql\u0259nir. TASS-\u0131n Kreml\u0259 istinad\u0259n yayd\u0131\u011f\u0131 m\u0259lumatda bildirilir ki, Putin &#8220;AZAL t\u0259yyar\u0259si il\u0259 ba\u011fl\u0131 insidentin Rusiya hava m\u0259kan\u0131nda ba\u015f verdiyin\u0259 g\u00f6r\u0259&#8221; \u00fczr ist\u0259yib. Y\u0259ni, Kremlin m\u0259lumat\u0131nda Az\u0259rbaycan t\u0259r\u0259finin yayd\u0131\u011f\u0131 &#8220;t\u0259yyar\u0259y\u0259 fiziki-texniki xarakterli k\u0259nar m\u00fcdaxil\u0259&#8221; ifad\u0259si yoxdur.<\/p>\n<p>Y\u0259ni Putin \u00fczr ist\u0259s\u0259 d\u0259, t\u0259yyar\u0259nin Rusiya h\u0259rb\u00e7il\u0259ri t\u0259r\u0259find\u0259n vuruldu\u011funu etiraf etm\u0259yib.<\/p>\n<p><img loading=\"lazy\" decoding=\"async\" class=\"alignnone size-full wp-image-22485\" src=\"https:\/\/basta2.com\/wp-content\/uploads\/2024\/12\/Screenshot_2024-12-28-18-08-12-895_com.android.chrome-edit.jpg\" alt=\"\" width=\"1220\" height=\"1801\" srcset=\"https:\/\/basta2.com\/wp-content\/uploads\/2024\/12\/Screenshot_2024-12-28-18-08-12-895_com.android.chrome-edit.jpg 1220w, https:\/\/basta2.com\/wp-content\/uploads\/2024\/12\/Screenshot_2024-12-28-18-08-12-895_com.android.chrome-edit-203x300.jpg 203w, https:\/\/basta2.com\/wp-content\/uploads\/2024\/12\/Screenshot_2024-12-28-18-08-12-895_com.android.chrome-edit-694x1024.jpg 694w, https:\/\/basta2.com\/wp-content\/uploads\/2024\/12\/Screenshot_2024-12-28-18-08-12-895_com.android.chrome-edit-768x1134.jpg 768w, https:\/\/basta2.com\/wp-content\/uploads\/2024\/12\/Screenshot_2024-12-28-18-08-12-895_com.android.chrome-edit-1040x1536.jpg 1040w\" sizes=\"auto, (max-width: 1220px) 100vw, 1220px\" \/><\/p>\n<p>&nbsp;<\/p>\n","protected":false},"excerpt":{"rendered":"<p>Rusiya prezidenti Vladimir Putin Az\u0259rbaycan prezidenti \u0130lham \u018fliyev\u0259 z\u0259ng edib. Bununla ba\u011fl\u0131 prezidentin m\u0259tbuat xidm\u0259ti m\u0259lumat yay\u0131b. Telefon dan\u0131\u015f\u0131\u011f\u0131 \u0259snas\u0131nda<\/p>\n","protected":false},"author":1,"featured_media":11151,"comment_status":"closed","ping_status":"closed","sticky":false,"template":"","format":"standard","meta":{"_jetpack_memberships_contains_paid_content":false,"footnotes":""},"categories":[30,29],"tags":[],"class_list":["post-22481","post","type-post","status-publish","format-standard","has-post-thumbnail","hentry","category-gundm","category-manset"],"aioseo_notices":[],"jetpack_featured_media_url":"https:\/\/basta2.com\/wp-content\/uploads\/2021\/12\/Putin-11.jpg","jetpack_sharing_enabled":true,"_links":{"self":[{"href":"https:\/\/basta2.com\/index.php?rest_route=\/wp\/v2\/posts\/22481","targetHints":{"allow":["GET"]}}],"collection":[{"href":"https:\/\/basta2.com\/index.php?rest_route=\/wp\/v2\/posts"}],"about":[{"href":"https:\/\/basta2.com\/index.php?rest_route=\/wp\/v2\/types\/post"}],"author":[{"embeddable":true,"href":"https:\/\/basta2.com\/index.php?rest_route=\/wp\/v2\/users\/1"}],"replies":[{"embeddable":true,"href":"https:\/\/basta2.com\/index.php?rest_route=%2Fwp%2Fv2%2Fcomments&post=22481"}],"version-history":[{"count":5,"href":"https:\/\/basta2.com\/index.php?rest_route=\/wp\/v2\/posts\/22481\/revisions"}],"predecessor-version":[{"id":22488,"href":"https:\/\/basta2.com\/index.php?rest_route=\/wp\/v2\/posts\/22481\/revisions\/22488"}],"wp:featuredmedia":[{"embeddable":true,"href":"https:\/\/basta2.com\/index.php?rest_route=\/wp\/v2\/media\/11151"}],"wp:attachment":[{"href":"https:\/\/basta2.com\/index.php?rest_route=%2Fwp%2Fv2%2Fmedia&parent=22481"}],"wp:term":[{"taxonomy":"category","embeddable":true,"href":"https:\/\/basta2.com\/index.php?rest_route=%2Fwp%2Fv2%2Fcategories&post=22481"},{"taxonomy":"post_tag","embeddable":true,"href":"https:\/\/basta2.com\/index.php?rest_route=%2Fwp%2Fv2%2Ftags&post=22481"}],"curies":[{"name":"wp","href":"https:\/\/api.w.org\/{rel}","templated":true}]}}