{"id":22514,"date":"2025-01-05T18:59:11","date_gmt":"2025-01-05T15:59:11","guid":{"rendered":"https:\/\/basta2.com\/?p=22514"},"modified":"2025-01-05T18:59:11","modified_gmt":"2025-01-05T15:59:11","slug":"ukrayna-ordusu-kurskda-%c9%99ks-hucuma-kecdi","status":"publish","type":"post","link":"https:\/\/basta2.com\/?p=22514","title":{"rendered":"Ukrayna ordusu Kurskda \u0259ks-h\u00fccuma ke\u00e7di"},"content":{"rendered":"<p><strong>Ukrayna h\u0259rb\u00e7il\u0259ri Kursk vilay\u0259tind\u0259 Bol\u015foye Soldatskoye k\u0259ndi istiqam\u0259tind\u0259 h\u00fccuma ke\u00e7ib.<\/strong><\/p>\n<p>Bu haqda ilk x\u0259b\u0259rl\u0259r yanvar\u0131n 5-i s\u0259h\u0259r\u00a0 Rusiyan\u0131n m\u00fcharib\u0259 t\u0259r\u0259fdar\u0131 olan teleqram kanallar\u0131nda d\u0259rc olunub. WarGonzo x\u0259b\u0259r verir ki, Ukrayna ordusu Sudjadan h\u00fccuma c\u0259hd edib v\u0259 Bol\u015foye Soldatskoye k\u0259ndi istiqam\u0259tind\u0259 ir\u0259lil\u0259yib. H\u0259rbi bloger Yuriy Podolyaka Ukrayna Silahl\u0131 Q\u00fcvv\u0259l\u0259rinin \u201cg\u00f6zl\u0259nil\u0259n\u201d \u0259ks-h\u00fccum \u0259m\u0259liyyat\u0131na ba\u015flad\u0131\u011f\u0131n\u0131 bildirib&#8221;.<\/p>\n<p>Rusiya M\u00fcdafi\u0259 Nazirliyin\u0259 yax\u0131n olan \u201cRybar\u201d teleqram kanal\u0131 is\u0259 Ukrayna Silahl\u0131 Q\u00fcvv\u0259l\u0259rinin Bol\u015foye Soldatskoye k\u0259ndi v\u0259 qon\u015fu k\u0259nd istiqam\u0259tind\u0259 h\u00fccuma c\u0259hd etdiyini bildirib.<\/p>\n<p>Tezlikl\u0259 Ukrayna r\u0259smil\u0259ri Ukrayna Silahl\u0131 Q\u00fcvv\u0259l\u0259rinin h\u00fccumu il\u0259 ba\u011fl\u0131 x\u0259b\u0259rl\u0259r\u0259 m\u00fcnasib\u0259t bildiribl\u0259r. Ukrayna Milli T\u0259hl\u00fck\u0259sizlik v\u0259 M\u00fcdafi\u0259 \u015euras\u0131 yan\u0131nda Dezinformasiya il\u0259 M\u00fcbariz\u0259 M\u0259rk\u0259zinin r\u0259hb\u0259ri Andrey Kovalenko bildirib ki, rus qo\u015funlar\u0131 Kursk vilay\u0259tind\u0259 \u201cbir ne\u00e7\u0259 istiqam\u0259td\u0259n h\u00fccuma m\u0259ruz qal\u0131b v\u0259 bu, onlar \u00fc\u00e7\u00fcn s\u00fcrpriz olub\u201d.<\/p>\n<p>Ukrayna Silahl\u0131 Q\u00fcvv\u0259l\u0259rinin h\u00fccumunu Ukrayna prezidentinin ofisinin r\u0259hb\u0259ri Andrey Ermak da t\u0259sdiql\u0259yib. &#8220;Kur\u015finadan yax\u015f\u0131 x\u0259b\u0259rl\u0259r var, Rusiya layiq oldu\u011fu \u015feyi al\u0131r&#8221; dey\u0259 o, Telegram kanal\u0131nda yaz\u0131b.<\/p>\n<p><strong>Basta<\/strong><\/p>\n","protected":false},"excerpt":{"rendered":"<p>Ukrayna h\u0259rb\u00e7il\u0259ri Kursk vilay\u0259tind\u0259 Bol\u015foye Soldatskoye k\u0259ndi istiqam\u0259tind\u0259 h\u00fccuma ke\u00e7ib. Bu haqda ilk x\u0259b\u0259rl\u0259r yanvar\u0131n 5-i s\u0259h\u0259r\u00a0 Rusiyan\u0131n m\u00fcharib\u0259 t\u0259r\u0259fdar\u0131<\/p>\n","protected":false},"author":1,"featured_media":22515,"comment_status":"closed","ping_status":"closed","sticky":false,"template":"","format":"standard","meta":{"_jetpack_memberships_contains_paid_content":false,"footnotes":""},"categories":[32,29],"tags":[],"class_list":["post-22514","post","type-post","status-publish","format-standard","has-post-thumbnail","hentry","category-dunya","category-manset"],"aioseo_notices":[],"jetpack_featured_media_url":"https:\/\/basta2.com\/wp-content\/uploads\/2025\/01\/IMG_20250105_195834_898.jpg","jetpack_sharing_enabled":true,"_links":{"self":[{"href":"https:\/\/basta2.com\/index.php?rest_route=\/wp\/v2\/posts\/22514","targetHints":{"allow":["GET"]}}],"collection":[{"href":"https:\/\/basta2.com\/index.php?rest_route=\/wp\/v2\/posts"}],"about":[{"href":"https:\/\/basta2.com\/index.php?rest_route=\/wp\/v2\/types\/post"}],"author":[{"embeddable":true,"href":"https:\/\/basta2.com\/index.php?rest_route=\/wp\/v2\/users\/1"}],"replies":[{"embeddable":true,"href":"https:\/\/basta2.com\/index.php?rest_route=%2Fwp%2Fv2%2Fcomments&post=22514"}],"version-history":[{"count":1,"href":"https:\/\/basta2.com\/index.php?rest_route=\/wp\/v2\/posts\/22514\/revisions"}],"predecessor-version":[{"id":22516,"href":"https:\/\/basta2.com\/index.php?rest_route=\/wp\/v2\/posts\/22514\/revisions\/22516"}],"wp:featuredmedia":[{"embeddable":true,"href":"https:\/\/basta2.com\/index.php?rest_route=\/wp\/v2\/media\/22515"}],"wp:attachment":[{"href":"https:\/\/basta2.com\/index.php?rest_route=%2Fwp%2Fv2%2Fmedia&parent=22514"}],"wp:term":[{"taxonomy":"category","embeddable":true,"href":"https:\/\/basta2.com\/index.php?rest_route=%2Fwp%2Fv2%2Fcategories&post=22514"},{"taxonomy":"post_tag","embeddable":true,"href":"https:\/\/basta2.com\/index.php?rest_route=%2Fwp%2Fv2%2Ftags&post=22514"}],"curies":[{"name":"wp","href":"https:\/\/api.w.org\/{rel}","templated":true}]}}