{"id":22619,"date":"2025-01-24T13:38:19","date_gmt":"2025-01-24T10:38:19","guid":{"rendered":"https:\/\/basta2.com\/?p=22619"},"modified":"2025-01-24T13:38:19","modified_gmt":"2025-01-24T10:38:19","slug":"qazaxistan-vurulan-t%c9%99yyar%c9%99miz-bar%c9%99d%c9%99-m%c9%99lumatlari-aciqlanacaq","status":"publish","type":"post","link":"https:\/\/basta2.com\/?p=22619","title":{"rendered":"Qazax\u0131stan vurulan t\u0259yyar\u0259miz bar\u0259d\u0259 m\u0259lumatlar\u0131 a\u00e7\u0131qlanacaq"},"content":{"rendered":"<h2 class=\"sect_hd\"><\/h2>\n<p>Qazax\u0131stan AZAL-\u0131n Aktau yax\u0131nl\u0131\u011f\u0131nda q\u0259zaya u\u011frayan t\u0259yyar\u0259sinin \u201cqara qutular\u201d\u0131n\u0131n materiallar\u0131n\u0131n sur\u0259tl\u0259rini Az\u0259rbaycan v\u0259 Rusiyaya t\u0259hvil verib.<\/p>\n<p>Modern.az x\u0259b\u0259r verir ki, bunu Qazax\u0131stan\u0131n Ba\u015f nazirinin m\u00fcavini Kanat Bozumbayev bildirib.<\/p>\n<p>Ba\u015f nazirin m\u00fcavini qeyd edib ki, burada Qazax\u0131stan \u00fc\u00e7\u00fcn gizl\u0259d\u0259c\u0259k bir m\u0259s\u0259l\u0259 yoxdur.<\/p>\n<p>Onun s\u00f6zl\u0259rin\u0259 g\u00f6r\u0259, daha \u0259vv\u0259l internetd\u0259 d\u0259rc olunan stenoqramlar AZAL-\u0131n \u201cqara qutular\u0131\u201dn\u0131n materiallar\u0131ndan f\u0259rql\u0259nir.<\/p>\n<p>Ba\u015f nazirin m\u00fcavini \u0259lav\u0259 edib ki, onlar\u0131n aras\u0131nda b\u00f6y\u00fck f\u0259rq var.<\/p>\n<p>\u201cQara qutular\u0131n m\u0259zmunu il\u0259 b\u00f6y\u00fck f\u0259rq var. Yaln\u0131z r\u0259smi qurumlar\u0131n m\u0259lumatlar\u0131n\u0131 g\u00f6zl\u0259yin\u201d, &#8211; Kanat Bozumbayev vur\u011fulay\u0131b.<\/p>\n<p>***<\/p>\n<p>11:34<\/p>\n<p>Aktau yax\u0131nl\u0131\u011f\u0131nda q\u0259zaya u\u011frayan AZAL-a m\u0259xsus t\u0259yyar\u0259nin \u201cqara qutular\u0131\u201d Braziliyada tamamil\u0259 oxunub v\u0259 Qazax\u0131stana qaytar\u0131l\u0131b.<\/p>\n<p>Bu bar\u0259d\u0259 Qazax\u0131stan Ba\u015f nazirinin m\u00fcavini Kanat Bozumbayev bildirib.<\/p>\n<p>O qeyd edib ki,\u00a0t\u0259hqiqat\u0131n ilkin n\u0259tic\u0259l\u0259ri g\u0259l\u0259n h\u0259ft\u0259 a\u00e7\u0131qlanacaq.<\/p>\n<p>Bozumbayev bildirib\u00a0ki, Qazax\u0131stan, Az\u0259rbaycan v\u0259 Rusiyadan olan ekspertl\u0259rl\u0259 yana\u015f\u0131, Beyn\u0259lxalq M\u00fclki Aviasiya T\u0259\u015fkilat\u0131 (ICAO) n\u00fcmay\u0259nd\u0259l\u0259ri d\u0259 istintaqa qo\u015fulub.<\/p>\n<p>&#8220;Aviasiya orqanlar\u0131 q\u0259zan\u0131 bir ayd\u0131r ki, ICAO standartlar\u0131na uy\u011fun olaraq ara\u015fd\u0131r\u0131r. T\u0259xmin\u0259n 17-18 n\u0259f\u0259r Rusiya Federasiyas\u0131, Az\u0259rbaycan v\u0259 Qazax\u0131standan olan ekspertl\u0259rdir. \u00dcmid edirik ki, ilkin hiss\u0259 g\u0259l\u0259n h\u0259ft\u0259 d\u0259rc olunacaq\u201d, &#8211; dey\u0259 Bozumbayev vur\u011fulay\u0131b.<\/p>\n<p>O, h\u0259m\u00e7inin \u0259lav\u0259 edib ki, t\u0259yyar\u0259 q\u0259zas\u0131ndan sonra cinay\u0259t i\u015fi a\u00e7\u0131l\u0131b,\u00a0ballistik v\u0259 partlay\u0131c\u0131 texniki ekspertiza t\u0259yin edilib. &#8220;T\u0259hl\u00fck\u0259sizlik q\u00fcvv\u0259l\u0259rimiz s\u0131x t\u0259masda i\u015fl\u0259yir\u201d, &#8211; dey\u0259 Bozumbayev bildirib.<\/p>\n<p>Xat\u0131rladaq ki, 2024-c\u00fc il dekabr\u0131n 25-d\u0259 Bak\u0131\u2013Qrozn\u0131 reysini yerin\u0259 yetir\u0259n \u201cAz\u0259rbaycan Hava Yollar\u0131\u201dna m\u0259xsus \u201cEmbraer 190\u201d tipli s\u0259rni\u015fin t\u0259yyar\u0259si Rusiya Federasiyas\u0131n\u0131n hava m\u0259kan\u0131nda k\u0259nar fiziki v\u0259 texniki m\u00fcdaxil\u0259y\u0259 m\u0259ruz qalaraq idar\u0259etm\u0259ni itirmi\u015f v\u0259ziyy\u0259td\u0259 Qazax\u0131stan Aktau \u015f\u0259h\u0259ri istiqam\u0259tin\u0259 y\u00f6nl\u0259ndirilib. \u0130nsan t\u0259l\u0259fat\u0131 v\u0259 x\u0259sar\u0259t alanlar olmas\u0131na baxmayaraq, pilotlar\u0131n, b\u0259l\u0259d\u00e7il\u0259rin y\u00fcks\u0259k pe\u015f\u0259karl\u0131\u011f\u0131, \u015f\u00fcca\u0259ti v\u0259 c\u0259surlu\u011fu say\u0259sind\u0259 t\u0259yyar\u0259 q\u0259za eni\u015fi h\u0259yata ke\u00e7irib. T\u0259yyar\u0259d\u0259 olan 67 n\u0259f\u0259rd\u0259n 38-i h\u0259lak olub, 29-u sa\u011f qal\u0131b.<\/p>\n<p>\u0130lkin ara\u015fd\u0131rmalar n\u0259tic\u0259sind\u0259 m\u0259lum olub ki, Az\u0259rbaycan t\u0259yyar\u0259si \u00c7e\u00e7enistan\u0131n hava m\u0259kan\u0131nda olan zaman Rusiyan\u0131n hava h\u00fccumundan m\u00fcdafi\u0259 vasit\u0259l\u0259ri t\u0259r\u0259find\u0259n vurulub, hava g\u0259misi idar\u0259etm\u0259ni itirib. T\u0259yyar\u0259nin f\u00fczelyaj\u0131nda zenit raket kompleksind\u0259n at\u0131lan raketin q\u0259lp\u0259l\u0259rinin izl\u0259ri qeyd\u0259 al\u0131n\u0131b.<\/p>\n","protected":false},"excerpt":{"rendered":"<p>Qazax\u0131stan AZAL-\u0131n Aktau yax\u0131nl\u0131\u011f\u0131nda q\u0259zaya u\u011frayan t\u0259yyar\u0259sinin \u201cqara qutular\u201d\u0131n\u0131n materiallar\u0131n\u0131n sur\u0259tl\u0259rini Az\u0259rbaycan v\u0259 Rusiyaya t\u0259hvil verib. Modern.az x\u0259b\u0259r verir ki,<\/p>\n","protected":false},"author":1,"featured_media":22621,"comment_status":"closed","ping_status":"closed","sticky":false,"template":"","format":"standard","meta":{"_jetpack_memberships_contains_paid_content":false,"footnotes":""},"categories":[1],"tags":[],"class_list":["post-22619","post","type-post","status-publish","format-standard","has-post-thumbnail","hentry","category-uncategorized"],"aioseo_notices":[],"jetpack_featured_media_url":"https:\/\/basta2.com\/wp-content\/uploads\/2025\/01\/1737704095_1737306104_1737014874_1736967571_1736246214_9eb4ca3c-942b-30f4-810c-f59a1a758cf6_850.jpg","jetpack_sharing_enabled":true,"_links":{"self":[{"href":"https:\/\/basta2.com\/index.php?rest_route=\/wp\/v2\/posts\/22619","targetHints":{"allow":["GET"]}}],"collection":[{"href":"https:\/\/basta2.com\/index.php?rest_route=\/wp\/v2\/posts"}],"about":[{"href":"https:\/\/basta2.com\/index.php?rest_route=\/wp\/v2\/types\/post"}],"author":[{"embeddable":true,"href":"https:\/\/basta2.com\/index.php?rest_route=\/wp\/v2\/users\/1"}],"replies":[{"embeddable":true,"href":"https:\/\/basta2.com\/index.php?rest_route=%2Fwp%2Fv2%2Fcomments&post=22619"}],"version-history":[{"count":1,"href":"https:\/\/basta2.com\/index.php?rest_route=\/wp\/v2\/posts\/22619\/revisions"}],"predecessor-version":[{"id":22622,"href":"https:\/\/basta2.com\/index.php?rest_route=\/wp\/v2\/posts\/22619\/revisions\/22622"}],"wp:featuredmedia":[{"embeddable":true,"href":"https:\/\/basta2.com\/index.php?rest_route=\/wp\/v2\/media\/22621"}],"wp:attachment":[{"href":"https:\/\/basta2.com\/index.php?rest_route=%2Fwp%2Fv2%2Fmedia&parent=22619"}],"wp:term":[{"taxonomy":"category","embeddable":true,"href":"https:\/\/basta2.com\/index.php?rest_route=%2Fwp%2Fv2%2Fcategories&post=22619"},{"taxonomy":"post_tag","embeddable":true,"href":"https:\/\/basta2.com\/index.php?rest_route=%2Fwp%2Fv2%2Ftags&post=22619"}],"curies":[{"name":"wp","href":"https:\/\/api.w.org\/{rel}","templated":true}]}}