{"id":22787,"date":"2025-02-11T14:02:59","date_gmt":"2025-02-11T11:02:59","guid":{"rendered":"https:\/\/basta2.com\/?p=22787"},"modified":"2025-02-11T19:34:40","modified_gmt":"2025-02-11T16:34:40","slug":"rusiyanin-t%c9%99hdidl%c9%99ri-qarsisinda","status":"publish","type":"post","link":"https:\/\/basta2.com\/?p=22787","title":{"rendered":"Rusiyan\u0131n t\u0259hdidl\u0259ri qar\u015f\u0131s\u0131nda&#8230;"},"content":{"rendered":"<p><span style=\"font-family: 'times new roman', times, serif; font-size: 14pt;\"><strong>Mustafa Hac\u0131b\u0259yli<\/strong><\/span><\/p>\n<p><span style=\"font-family: 'times new roman', times, serif; font-size: 14pt;\">Moskva Az\u0259rbaycan\u0131 t\u0259hdid edir.\u00a0<\/span><\/p>\n<p><span style=\"font-family: 'times new roman', times, serif; font-size: 14pt;\">Rusiya medias\u0131nda Az\u0259rbaycana qar\u015f\u0131 h\u0259d\u0259-qorxu dolu n\u00f6vb\u0259ti yaz\u0131 d\u0259rc edilib. \u201c\u041d\u0435\u0437\u044b\u0433\u0430\u0440\u201d teleqram kanal\u0131\u00a0 iddia edib ki, Rusiya T\u0259hl\u00fck\u0259sizlik \u015euras\u0131, AZAL-\u0131n vurulmas\u0131na g\u00f6r\u0259 m\u0259suliyy\u0259t da\u015f\u0131yanlar\u0131n c\u0259zaland\u0131r\u0131lmas\u0131 il\u0259 ba\u011fl\u0131 r\u0259smi Bak\u0131n\u0131n t\u0259l\u0259bl\u0259rin\u0259 cavab olaraq, Az\u0259rbaycana qar\u015f\u0131\u00a0 \u201ct\u0259dbirl\u0259r\u201d haz\u0131rlay\u0131r.<\/span><\/p>\n<p><span style=\"font-family: 'times new roman', times, serif; font-size: 14pt;\">\u0130ddia olunur ki, Dmitri Medvedevin t\u0259\u015f\u0259bb\u00fcs\u00fc il\u0259 haz\u0131rlanmaqda olan bu t\u0259dbirl\u0259rin s\u0131ras\u0131na Rusiya Federasiyas\u0131ndan Az\u0259rbaycana pul k\u00f6\u00e7\u00fcrm\u0259l\u0259rinin qar\u015f\u0131s\u0131n\u0131n al\u0131nmas\u0131, Bak\u0131-Novorossiysk neft k\u0259m\u0259rinin dayand\u0131r\u0131lmas\u0131, Az\u0259rbaycandan Rusiyaya k\u0259nd t\u0259s\u0259r\u00fcfat\u0131 m\u0259hsullar\u0131n\u0131n ixrac\u0131na m\u0259hdudiyy\u0259tl\u0259r v\u0259 s. sanksiyalar daxil ola bil\u0259r. Yaz\u0131da Rusiyan\u0131n Az\u0259rbaycan\u0131n \u015fimal rayonlar\u0131nda\u00a0 separatizmi k\u00f6r\u00fckl\u0259y\u0259 bil\u0259c\u0259yin\u0259 d\u0259 i\u015far\u0259 edilib.<\/span><\/p>\n<p><span style=\"font-family: 'times new roman', times, serif; font-size: 14pt;\">R\u0259smi Bak\u0131 g\u00f6zl\u0259nil\u0259n t\u0259hl\u00fck\u0259 qar\u015f\u0131s\u0131nda xarici siyas\u0259tin\u0259 d\u00fcz\u0259li\u015fl\u0259r etm\u0259li, \u00f6lk\u0259 daxilind\u0259 siyasi v\u0259 iqtisadi a\u00e7\u0131l\u0131ma getm\u0259lidir.<\/span><\/p>\n<p><span style=\"font-family: 'times new roman', times, serif; font-size: 14pt;\">Rusiyan\u0131n m\u00fcmk\u00fcn t\u0259zyiql\u0259ri qar\u015f\u0131s\u0131nda t\u0259k qalmamaq \u00fc\u00e7\u00fcn Az\u0259rbaycan\u0131n maraqlar\u0131 \u00e7\u0259r\u00e7iv\u0259sind\u0259 b\u00fct\u00fcn d\u00fcnya d\u00f6vl\u0259tl\u0259ri il\u0259 m\u00fcnasib\u0259tl\u0259r sahmana sal\u0131nmal\u0131d\u0131r.<\/span><\/p>\n<p><span style=\"font-family: 'times new roman', times, serif; font-size: 14pt;\">\u00d6lk\u0259d\u0259 monopoliyalara son qoyulmal\u0131, v\u0259t\u0259nda\u015flar\u0131m\u0131z\u0131 dolan\u0131\u015f\u0131q \u00fc\u00e7\u00fcn Rusiyaya getm\u0259y\u0259 m\u0259cbur ed\u0259n s\u0259b\u0259bl\u0259r aradan qald\u0131r\u0131lmal\u0131d\u0131r.<\/span><\/p>\n<p><span style=\"font-family: 'times new roman', times, serif; font-size: 14pt;\">Siyasi m\u0259hbuslar\u0131n azad olunmas\u0131 v\u0259 dig\u0259r add\u0131mlar vasit\u0259sil\u0259 Az\u0259rbaycan\u0131n daxilind\u0259 g\u0259rginlik aradan qald\u0131r\u0131lmal\u0131d\u0131r.<\/span><\/p>\n","protected":false},"excerpt":{"rendered":"<p>Mustafa Hac\u0131b\u0259yli Moskva Az\u0259rbaycan\u0131 t\u0259hdid edir.\u00a0 Rusiya medias\u0131nda Az\u0259rbaycana qar\u015f\u0131 h\u0259d\u0259-qorxu dolu n\u00f6vb\u0259ti yaz\u0131 d\u0259rc edilib. \u201c\u041d\u0435\u0437\u044b\u0433\u0430\u0440\u201d teleqram kanal\u0131\u00a0 iddia<\/p>\n","protected":false},"author":1,"featured_media":1738,"comment_status":"closed","ping_status":"closed","sticky":false,"template":"","format":"standard","meta":{"_jetpack_memberships_contains_paid_content":false,"footnotes":""},"categories":[29,34],"tags":[],"class_list":["post-22787","post","type-post","status-publish","format-standard","has-post-thumbnail","hentry","category-manset","category-yazarlar"],"aioseo_notices":[],"jetpack_featured_media_url":"https:\/\/basta2.com\/wp-content\/uploads\/2020\/08\/Mustafa_Hacib\u0259yli.jpg","jetpack_sharing_enabled":true,"_links":{"self":[{"href":"https:\/\/basta2.com\/index.php?rest_route=\/wp\/v2\/posts\/22787","targetHints":{"allow":["GET"]}}],"collection":[{"href":"https:\/\/basta2.com\/index.php?rest_route=\/wp\/v2\/posts"}],"about":[{"href":"https:\/\/basta2.com\/index.php?rest_route=\/wp\/v2\/types\/post"}],"author":[{"embeddable":true,"href":"https:\/\/basta2.com\/index.php?rest_route=\/wp\/v2\/users\/1"}],"replies":[{"embeddable":true,"href":"https:\/\/basta2.com\/index.php?rest_route=%2Fwp%2Fv2%2Fcomments&post=22787"}],"version-history":[{"count":4,"href":"https:\/\/basta2.com\/index.php?rest_route=\/wp\/v2\/posts\/22787\/revisions"}],"predecessor-version":[{"id":22794,"href":"https:\/\/basta2.com\/index.php?rest_route=\/wp\/v2\/posts\/22787\/revisions\/22794"}],"wp:featuredmedia":[{"embeddable":true,"href":"https:\/\/basta2.com\/index.php?rest_route=\/wp\/v2\/media\/1738"}],"wp:attachment":[{"href":"https:\/\/basta2.com\/index.php?rest_route=%2Fwp%2Fv2%2Fmedia&parent=22787"}],"wp:term":[{"taxonomy":"category","embeddable":true,"href":"https:\/\/basta2.com\/index.php?rest_route=%2Fwp%2Fv2%2Fcategories&post=22787"},{"taxonomy":"post_tag","embeddable":true,"href":"https:\/\/basta2.com\/index.php?rest_route=%2Fwp%2Fv2%2Ftags&post=22787"}],"curies":[{"name":"wp","href":"https:\/\/api.w.org\/{rel}","templated":true}]}}