{"id":23060,"date":"2025-03-10T14:58:59","date_gmt":"2025-03-10T11:58:59","guid":{"rendered":"https:\/\/basta2.com\/?p=23060"},"modified":"2025-03-10T15:00:31","modified_gmt":"2025-03-10T12:00:31","slug":"23060","status":"publish","type":"post","link":"https:\/\/basta2.com\/?p=23060","title":{"rendered":"M\u00fcsavat Divan\u0131n\u0131n g\u00fcnd\u0259liyi"},"content":{"rendered":"<p><span style=\"font-family: 'times new roman', times, serif; font-size: 14pt;\"><strong>Mart\u0131n 10-da M\u00fcsavat Partiyas\u0131 Divan\u0131n\u0131n iclas\u0131 ke\u00e7irilib. \u0130clasda \u0259vv\u0259lc\u0259 g\u00f6r\u00fcl\u0259n i\u015fl\u0259r m\u00fczakir\u0259 olunub. <\/strong><\/span><\/p>\n<p><span style=\"font-family: 'times new roman', times, serif; font-size: 14pt;\">Qeyd edilib ki, partiyan\u0131n 2024-c\u00fc il \u00fc\u00e7\u00fcn maliyy\u0259 hesabat\u0131 qanuna uy\u011fun olaraq MSK-ya t\u0259qdim olunub.<\/span><\/p>\n<p><span style=\"font-family: 'times new roman', times, serif; font-size: 14pt;\">Partiyan\u0131n A\u011fsu, Q\u0259b\u0259l\u0259 v\u0259 \u0130smay\u0131ll\u0131 rayon t\u0259\u015fkilatlar\u0131 onlara q\u0259rargah \u00fc\u00e7\u00fcn yer ayr\u0131lmas\u0131 \u00fc\u00e7\u00fcn yerli icra hakimiyy\u0259tl\u0259rin\u0259 m\u00fcraci\u0259t edibl\u0259r.<\/span><\/p>\n<p><span style=\"font-family: 'times new roman', times, serif; font-size: 14pt;\">Mart\u0131n 15-d\u0259 saat 11:00-da M\u00fcsavat M\u0259clisinin sessiyas\u0131n\u0131n ke\u00e7irilm\u0259sin\u0259 q\u0259rar verilib. M\u0259clisin g\u00fcnd\u0259liyin\u0259 dair t\u0259klifl\u0259r ir\u0259li s\u00fcr\u00fcl\u00fcb.<\/span><\/p>\n<p><span style=\"font-family: 'times new roman', times, serif; font-size: 14pt;\">\u0130clasda M\u00fcsavat Partiyas\u0131n\u0131n \u00fczv\u00fc Tofiq Yaqubluya qar\u015f\u0131 qald\u0131r\u0131lan \u0259sass\u0131z cinay\u0259t i\u015fi \u00fczr\u0259 m\u0259hk\u0259m\u0259, el\u0259c\u0259 d\u0259 Natiq Ulub\u0259yin x\u00fcsusi amans\u0131zl\u0131qla q\u0259tl\u0259 yetirilm\u0259sin\u0259 dair i\u015f \u00fczr\u0259 m\u0259hk\u0259m\u0259nin gedi\u015fat\u0131 bar\u0259d\u0259 m\u0259lumat verilib.<\/span><\/p>\n<p><span style=\"font-family: 'times new roman', times, serif; font-size: 14pt;\">Ke\u00e7mi\u015f siyasi m\u0259hbus Elgiz Q\u0259hraman cinay\u0259t m\u0259suliyy\u0259tin\u0259 c\u0259lb edilib. Onun son d\u00f6vrd\u0259 h\u0259bs edil\u0259n jurnalistl\u0259r v\u0259 ictimai f\u0259allar \u00fc\u00e7\u00fcn \u0259n\u0259n\u0259vi olan &#8220;qa\u00e7aqmal\u00e7\u0131l\u0131q&#8221; v\u0259 dig\u0259r cinay\u0259tl\u0259rd\u0259 ittiham olundu\u011fu bildirilir. M\u00fcsavat Partiyas\u0131 bunu repressiyalar\u0131n davam\u0131 kimi qiym\u0259tl\u0259ndirir v\u0259 siyasi m\u0259hbuslar\u0131n azad olunmas\u0131n\u0131 bir daha t\u0259l\u0259b edir.<\/span><\/p>\n<p><span style=\"font-family: 'times new roman', times, serif; font-size: 14pt;\">Sonda cari m\u0259s\u0259l\u0259l\u0259r m\u00fczakir\u0259 edilib.<\/span><\/p>\n","protected":false},"excerpt":{"rendered":"<p>Mart\u0131n 10-da M\u00fcsavat Partiyas\u0131 Divan\u0131n\u0131n iclas\u0131 ke\u00e7irilib. \u0130clasda \u0259vv\u0259lc\u0259 g\u00f6r\u00fcl\u0259n i\u015fl\u0259r m\u00fczakir\u0259 olunub. Qeyd edilib ki, partiyan\u0131n 2024-c\u00fc il \u00fc\u00e7\u00fcn<\/p>\n","protected":false},"author":1,"featured_media":13766,"comment_status":"closed","ping_status":"closed","sticky":false,"template":"","format":"standard","meta":{"_jetpack_memberships_contains_paid_content":false,"footnotes":""},"categories":[29,36],"tags":[],"class_list":["post-23060","post","type-post","status-publish","format-standard","has-post-thumbnail","hentry","category-manset","category-siyast"],"aioseo_notices":[],"jetpack_featured_media_url":"https:\/\/basta2.com\/wp-content\/uploads\/2022\/06\/Musavat-loqo-1-3.jpg","jetpack_sharing_enabled":true,"_links":{"self":[{"href":"https:\/\/basta2.com\/index.php?rest_route=\/wp\/v2\/posts\/23060","targetHints":{"allow":["GET"]}}],"collection":[{"href":"https:\/\/basta2.com\/index.php?rest_route=\/wp\/v2\/posts"}],"about":[{"href":"https:\/\/basta2.com\/index.php?rest_route=\/wp\/v2\/types\/post"}],"author":[{"embeddable":true,"href":"https:\/\/basta2.com\/index.php?rest_route=\/wp\/v2\/users\/1"}],"replies":[{"embeddable":true,"href":"https:\/\/basta2.com\/index.php?rest_route=%2Fwp%2Fv2%2Fcomments&post=23060"}],"version-history":[{"count":3,"href":"https:\/\/basta2.com\/index.php?rest_route=\/wp\/v2\/posts\/23060\/revisions"}],"predecessor-version":[{"id":23064,"href":"https:\/\/basta2.com\/index.php?rest_route=\/wp\/v2\/posts\/23060\/revisions\/23064"}],"wp:featuredmedia":[{"embeddable":true,"href":"https:\/\/basta2.com\/index.php?rest_route=\/wp\/v2\/media\/13766"}],"wp:attachment":[{"href":"https:\/\/basta2.com\/index.php?rest_route=%2Fwp%2Fv2%2Fmedia&parent=23060"}],"wp:term":[{"taxonomy":"category","embeddable":true,"href":"https:\/\/basta2.com\/index.php?rest_route=%2Fwp%2Fv2%2Fcategories&post=23060"},{"taxonomy":"post_tag","embeddable":true,"href":"https:\/\/basta2.com\/index.php?rest_route=%2Fwp%2Fv2%2Ftags&post=23060"}],"curies":[{"name":"wp","href":"https:\/\/api.w.org\/{rel}","templated":true}]}}