{"id":23158,"date":"2025-03-19T15:54:35","date_gmt":"2025-03-19T12:54:35","guid":{"rendered":"https:\/\/basta2.com\/?p=23158"},"modified":"2025-03-19T15:54:35","modified_gmt":"2025-03-19T12:54:35","slug":"ekr%c9%99m-imamoglunun-h%c9%99bsi-turkiy%c9%99d%c9%99-kutl%c9%99vi-etirazlara-s%c9%99b%c9%99b-oldu","status":"publish","type":"post","link":"https:\/\/basta2.com\/?p=23158","title":{"rendered":"\u018fkr\u0259m \u0130mamo\u011flunun h\u0259bsi T\u00fcrkiy\u0259d\u0259 k\u00fctl\u0259vi etirazlara s\u0259b\u0259b oldu"},"content":{"rendered":"<p><strong><span style=\"font-family: 'times new roman', times, serif; font-size: 14pt;\">\u00c7\u0259r\u015f\u0259nb\u0259 g\u00fcn\u00fc, mart\u0131n 19-da T\u00fcrkiy\u0259 hakimiyy\u0259ti m\u00fcxalif \u0130stanbul meri \u018fkr\u0259m \u0130mamo\u011flunu korrupsiya v\u0259 terror t\u0259\u015fkilat\u0131na yard\u0131m etm\u0259kd\u0259 \u015f\u00fcbh\u0259li bilin\u0259r\u0259k saxlay\u0131b. \u018fkr\u0259m \u0130mamo\u011flu n\u00f6vb\u0259ti prezident se\u00e7kil\u0259rind\u0259 T\u00fcrkiy\u0259 prezidenti R\u0259c\u0259b Tayyib \u018frdo\u011fan\u0131n \u0259sas r\u0259qibi say\u0131l\u0131rd\u0131. \u0130mamo\u011flu il\u0259 birlikd\u0259 y\u00fczd\u0259n art\u0131q m\u00fcxalif\u0259t\u00e7i saxlan\u0131l\u0131b.<\/span><\/strong><\/p>\n<p><span style=\"font-family: 'times new roman', times, serif; font-size: 14pt;\">T\u00fcrkiy\u0259 medias\u0131 x\u0259b\u0259r verir ki, b\u0259l\u0259diyy\u0259 s\u0259drinin h\u0259yat yolda\u015f\u0131 Dilek \u0130mamo\u011flu Now TV-y\u0259 bildirib ki, polis s\u0259h\u0259r a\u00e7\u0131lmam\u0131\u015f onlar\u0131n evin\u0259 g\u0259lib. B\u0259l\u0259diyy\u0259 s\u0259dri s\u0259h\u0259r saat 7:30 rad\u0259l\u0259rind\u0259 saxlan\u0131l\u0131b, evind\u0259 axtar\u0131\u015f apar\u0131l\u0131b.<\/span><\/p>\n<p><span style=\"font-family: 'times new roman', times, serif; font-size: 14pt;\">\u201cReuters\u201din \u0130stanbul prokurorlu\u011funa istinad\u0259n verdiyi x\u0259b\u0259r\u0259 g\u00f6r\u0259, \u0130mamo\u011flu bar\u0259sind\u0259 iki ara\u015fd\u0131rma apar\u0131l\u0131r. X\u00fcsusil\u0259, o, cinay\u0259tkar t\u0259\u015fkilata r\u0259hb\u0259rlik etm\u0259kd\u0259, r\u00fc\u015fv\u0259txorluqda v\u0259 tenderl\u0259rd\u0259 saxtakarl\u0131qda ittiham olunur.<\/span><\/p>\n<p><span style=\"font-family: 'times new roman', times, serif; font-size: 14pt;\">Birinci halda siyas\u0259t\u00e7i il\u0259 yana\u015f\u0131 jurnalistl\u0259r v\u0259 i\u015f adamlar\u0131 da daxil olmaqla \u00fcmumilikd\u0259 y\u00fcz n\u0259f\u0259r i\u015ftirak edir. Onlar b\u0259l\u0259diyy\u0259nin elan etdiyi b\u0259zi tenderl\u0259rl\u0259 ba\u011fl\u0131 cinay\u0259t \u0259m\u0259ll\u0259rind\u0259 \u015f\u00fcbh\u0259li bilinirl\u0259r.<\/span><\/p>\n<p><span style=\"font-family: 'times new roman', times, serif; font-size: 14pt;\">Bundan \u0259lav\u0259, agentlik yaz\u0131r ki, \u0130mamo\u011flu v\u0259 daha 6 n\u0259f\u0259r K\u00fcrd\u00fcstan F\u0259hl\u0259 Partiyas\u0131na (PKK) yard\u0131m etm\u0259kd\u0259 \u015f\u00fcbh\u0259li bilinir. PKK T\u00fcrkiy\u0259, AB\u015e v\u0259 Avropa \u0130ttifaq\u0131nda terror t\u0259\u015fkilat\u0131 kimi tan\u0131n\u0131r.<\/span><\/p>\n<p><span style=\"font-family: 'times new roman', times, serif; font-size: 14pt;\">\u018fkr\u0259m \u0130mamo\u011flu X sosial \u015f\u0259b\u0259k\u0259sind\u0259 fundamental h\u00fcquq v\u0259 azadl\u0131qlar u\u011frunda m\u00fcbariz\u0259ni davam etdirm\u0259k niyy\u0259tind\u0259 oldu\u011funu yaz\u0131b.<\/span><\/p>\n<p><span style=\"font-family: 'times new roman', times, serif; font-size: 14pt;\">\u201cXalq\u0131n irad\u0259sini h\u0259d\u0259-qorxu il\u0259 v\u0259 ya qanunsuz h\u0259r\u0259k\u0259tl\u0259rl\u0259 bo\u011fmaq olmaz. M\u0259n \u00f6z\u00fcm\u00fc t\u0259kc\u0259 16 milyon \u0130stanbul \u0259halisin\u0259 deyil, h\u0259m d\u0259 T\u00fcrkiy\u0259nin 86 milyon v\u0259t\u0259nda\u015f\u0131na, el\u0259c\u0259 d\u0259 d\u00fcnyada demokratiya v\u0259 \u0259dal\u0259ti d\u0259st\u0259kl\u0259y\u0259n h\u0259r k\u0259s\u0259 g\u00fcv\u0259nir\u0259m\u201d.<\/span><\/p>\n<p><span style=\"font-family: 'times new roman', times, serif; font-size: 14pt;\">\u018fkr\u0259m \u0130mamo\u011flu T\u00fcrkiy\u0259d\u0259 2028-ci ild\u0259 ke\u00e7iril\u0259c\u0259k prezident se\u00e7kil\u0259rind\u0259 m\u00fcxalif\u0259tin \u0259sas namiz\u0259di v\u0259 bu se\u00e7kil\u0259rd\u0259 T\u00fcrkiy\u0259 lideri R\u0259c\u0259b Tayyib \u018frdo\u011fan\u0131n \u0259sas r\u0259qibi hesab olunurdu. T\u00fcrkiy\u0259nin ana m\u00fcxalif\u0259t partiyas\u0131 C\u00fcmhuriyy\u0259t Xalq Partiyas\u0131n\u0131n (CHP) mart\u0131n 23-\u00fc bazar g\u00fcn\u00fc ke\u00e7iril\u0259c\u0259k praymerizd\u0259 onu prezidentliy\u0259 namiz\u0259d kimi se\u00e7\u0259c\u0259yi g\u00f6zl\u0259nilirdi.<\/span><\/p>\n<p><span style=\"font-family: 'times new roman', times, serif; font-size: 14pt;\">\u018fkr\u0259m \u0130mamo\u011flunun h\u0259bsi T\u00fcrkiy\u0259d\u0259 o c\u00fcml\u0259d\u0259n g\u0259ncl\u0259r aras\u0131nda k\u00fctl\u0259vi etirazlara s\u0259b\u0259b olub.\u00a0<\/span><\/p>\n<p><iframe loading=\"lazy\" title=\"#CANLI \u0130stanbul \u00dcniversitesi \u00f6\u011frencileri polis ablukas\u0131n\u0131 a\u015ft\u0131! \u0130mamo\u011flu protestosu s\u00fcr\u00fcyor\" width=\"800\" height=\"450\" src=\"https:\/\/www.youtube.com\/embed\/muy3ve5VecE?feature=oembed\" frameborder=\"0\" allow=\"accelerometer; autoplay; clipboard-write; encrypted-media; gyroscope; picture-in-picture; web-share\" referrerpolicy=\"strict-origin-when-cross-origin\" allowfullscreen><\/iframe><\/p>\n<p>&nbsp;<\/p>\n<p><strong><span style=\"font-family: 'times new roman', times, serif; font-size: 14pt;\">Basta<\/span><\/strong><\/p>\n","protected":false},"excerpt":{"rendered":"<p>\u00c7\u0259r\u015f\u0259nb\u0259 g\u00fcn\u00fc, mart\u0131n 19-da T\u00fcrkiy\u0259 hakimiyy\u0259ti m\u00fcxalif \u0130stanbul meri \u018fkr\u0259m \u0130mamo\u011flunu korrupsiya v\u0259 terror t\u0259\u015fkilat\u0131na yard\u0131m etm\u0259kd\u0259 \u015f\u00fcbh\u0259li bilin\u0259r\u0259k saxlay\u0131b.<\/p>\n","protected":false},"author":1,"featured_media":23159,"comment_status":"closed","ping_status":"closed","sticky":false,"template":"","format":"standard","meta":{"_jetpack_memberships_contains_paid_content":false,"footnotes":""},"categories":[32,29],"tags":[],"class_list":["post-23158","post","type-post","status-publish","format-standard","has-post-thumbnail","hentry","category-dunya","category-manset"],"aioseo_notices":[],"jetpack_featured_media_url":"https:\/\/basta2.com\/wp-content\/uploads\/2025\/03\/kapak_141705.jpg","jetpack_sharing_enabled":true,"_links":{"self":[{"href":"https:\/\/basta2.com\/index.php?rest_route=\/wp\/v2\/posts\/23158","targetHints":{"allow":["GET"]}}],"collection":[{"href":"https:\/\/basta2.com\/index.php?rest_route=\/wp\/v2\/posts"}],"about":[{"href":"https:\/\/basta2.com\/index.php?rest_route=\/wp\/v2\/types\/post"}],"author":[{"embeddable":true,"href":"https:\/\/basta2.com\/index.php?rest_route=\/wp\/v2\/users\/1"}],"replies":[{"embeddable":true,"href":"https:\/\/basta2.com\/index.php?rest_route=%2Fwp%2Fv2%2Fcomments&post=23158"}],"version-history":[{"count":1,"href":"https:\/\/basta2.com\/index.php?rest_route=\/wp\/v2\/posts\/23158\/revisions"}],"predecessor-version":[{"id":23160,"href":"https:\/\/basta2.com\/index.php?rest_route=\/wp\/v2\/posts\/23158\/revisions\/23160"}],"wp:featuredmedia":[{"embeddable":true,"href":"https:\/\/basta2.com\/index.php?rest_route=\/wp\/v2\/media\/23159"}],"wp:attachment":[{"href":"https:\/\/basta2.com\/index.php?rest_route=%2Fwp%2Fv2%2Fmedia&parent=23158"}],"wp:term":[{"taxonomy":"category","embeddable":true,"href":"https:\/\/basta2.com\/index.php?rest_route=%2Fwp%2Fv2%2Fcategories&post=23158"},{"taxonomy":"post_tag","embeddable":true,"href":"https:\/\/basta2.com\/index.php?rest_route=%2Fwp%2Fv2%2Ftags&post=23158"}],"curies":[{"name":"wp","href":"https:\/\/api.w.org\/{rel}","templated":true}]}}