{"id":23176,"date":"2025-03-23T19:43:50","date_gmt":"2025-03-23T16:43:50","guid":{"rendered":"https:\/\/basta2.com\/?p=23176"},"modified":"2025-03-23T19:44:28","modified_gmt":"2025-03-23T16:44:28","slug":"erdoganin-potensial-r%c9%99qibi-h%c9%99bs-olundu","status":"publish","type":"post","link":"https:\/\/basta2.com\/?p=23176","title":{"rendered":"\u018frdo\u011fan\u0131n potensial r\u0259qibi h\u0259bs olundu"},"content":{"rendered":"<p><strong><span style=\"font-family: 'times new roman', times, serif; font-size: 14pt;\">T\u00fcrkiy\u0259d\u0259 m\u0259hk\u0259m\u0259 \u0130stanbulun b\u0259l\u0259diyy\u0259 ba\u015fqan\u0131 v\u0259 n\u00f6vb\u0259ti se\u00e7kil\u0259rd\u0259 prezident R\u0259c\u0259b Tayyib \u018frdo\u011fana potensial r\u0259qib olan \u018fkr\u0259m \u0130mamo\u011flunun bar\u0259sind\u0259 h\u0259bs q\u0259rar\u0131 \u00e7\u0131xar\u0131b.<\/span><\/strong><\/p>\n<p><span style=\"font-family: 'times new roman', times, serif; font-size: 14pt;\">\u0130mamo\u011flu \u00e7\u0259r\u015f\u0259nb\u0259 g\u00fcn\u00fc, mart\u0131n 19-da korrupsiya ittiham\u0131 il\u0259 h\u0259bs edilib. Bu, m\u00fcxalif\u0259tin onu 2028-ci ild\u0259 ke\u00e7iril\u0259c\u0259k prezident se\u00e7kil\u0259rind\u0259 namiz\u0259d kimi ir\u0259li s\u00fcrm\u0259sin\u0259 bir ne\u00e7\u0259 g\u00fcn qalm\u0131\u015f ba\u015f verib.<\/span><\/p>\n<p><span style=\"font-family: 'times new roman', times, serif; font-size: 14pt;\">\u0130mamo\u011flu ona qar\u015f\u0131 ir\u0259li s\u00fcr\u00fcl\u0259n ittihamlar\u0131 r\u0259dd edir.\u00a0 Onun h\u0259bsin\u0259 qar\u015f\u0131 etirazlar d\u00f6rd g\u00fcnd\u00fcr davam edir.<\/span><\/p>\n<p><span style=\"font-family: 'times new roman', times, serif; font-size: 14pt;\">\u0130mamo\u011flu sosial \u015f\u0259b\u0259k\u0259d\u0259 &#8220;M\u0259n he\u00e7 vaxt t\u0259slim olmayaca\u011fam&#8221; yaz\u0131b.<\/span><\/p>\n<p><span style=\"font-family: 'times new roman', times, serif; font-size: 14pt;\">\u018frdo\u011fan etiraz\u00e7\u0131lar\u0131 q\u0131nay\u0131b v\u0259 m\u00fcxalif C\u00fcmhuriyy\u0259t Xalq Partiyas\u0131n\u0131 (CHP) \u201casayi\u015fi pozmaq v\u0259 c\u0259miyy\u0259td\u0259 nifaq salmaq\u201d c\u0259hdind\u0259 ittiham edib.<\/span><\/p>\n<p><span style=\"font-family: 'times new roman', times, serif; font-size: 14pt;\">T\u00fcrkiy\u0259d\u0259 \u0130stanbul merinin saxlanmas\u0131na etirazlar art\u0131r, onlarla insan h\u0259bs olunur.\u00a0<\/span><br \/>\n<span style=\"font-family: 'times new roman', times, serif; font-size: 14pt;\">\u018frdo\u011fan\u0131n n\u00fcmayi\u015fl\u0259r\u0259 qada\u011fa qoymas\u0131na baxmayaraq, y\u00fcz minl\u0259rl\u0259 insan \u0130mamo\u011flunun z\u00fclm\u00fcn\u0259 etiraz olaraq k\u00fc\u00e7\u0259l\u0259r\u0259 \u00e7\u0131x\u0131b. Onlar &#8220;Haqq, h\u00fcquq, \u0259dal\u0259t!&#8221; \u015f\u00fcar\u0131 s\u0259sl\u0259ndirirl\u0259r.\u00a0<\/span><\/p>\n","protected":false},"excerpt":{"rendered":"<p>T\u00fcrkiy\u0259d\u0259 m\u0259hk\u0259m\u0259 \u0130stanbulun b\u0259l\u0259diyy\u0259 ba\u015fqan\u0131 v\u0259 n\u00f6vb\u0259ti se\u00e7kil\u0259rd\u0259 prezident R\u0259c\u0259b Tayyib \u018frdo\u011fana potensial r\u0259qib olan \u018fkr\u0259m \u0130mamo\u011flunun bar\u0259sind\u0259 h\u0259bs q\u0259rar\u0131<\/p>\n","protected":false},"author":1,"featured_media":23177,"comment_status":"closed","ping_status":"closed","sticky":false,"template":"","format":"standard","meta":{"_jetpack_memberships_contains_paid_content":false,"footnotes":""},"categories":[32,29],"tags":[],"class_list":["post-23176","post","type-post","status-publish","format-standard","has-post-thumbnail","hentry","category-dunya","category-manset"],"aioseo_notices":[],"jetpack_featured_media_url":"https:\/\/basta2.com\/wp-content\/uploads\/2025\/03\/9e2d7f30-07cc-11f0-829c-3ff5c678c42d.jpg.webp","jetpack_sharing_enabled":true,"_links":{"self":[{"href":"https:\/\/basta2.com\/index.php?rest_route=\/wp\/v2\/posts\/23176","targetHints":{"allow":["GET"]}}],"collection":[{"href":"https:\/\/basta2.com\/index.php?rest_route=\/wp\/v2\/posts"}],"about":[{"href":"https:\/\/basta2.com\/index.php?rest_route=\/wp\/v2\/types\/post"}],"author":[{"embeddable":true,"href":"https:\/\/basta2.com\/index.php?rest_route=\/wp\/v2\/users\/1"}],"replies":[{"embeddable":true,"href":"https:\/\/basta2.com\/index.php?rest_route=%2Fwp%2Fv2%2Fcomments&post=23176"}],"version-history":[{"count":2,"href":"https:\/\/basta2.com\/index.php?rest_route=\/wp\/v2\/posts\/23176\/revisions"}],"predecessor-version":[{"id":23179,"href":"https:\/\/basta2.com\/index.php?rest_route=\/wp\/v2\/posts\/23176\/revisions\/23179"}],"wp:featuredmedia":[{"embeddable":true,"href":"https:\/\/basta2.com\/index.php?rest_route=\/wp\/v2\/media\/23177"}],"wp:attachment":[{"href":"https:\/\/basta2.com\/index.php?rest_route=%2Fwp%2Fv2%2Fmedia&parent=23176"}],"wp:term":[{"taxonomy":"category","embeddable":true,"href":"https:\/\/basta2.com\/index.php?rest_route=%2Fwp%2Fv2%2Fcategories&post=23176"},{"taxonomy":"post_tag","embeddable":true,"href":"https:\/\/basta2.com\/index.php?rest_route=%2Fwp%2Fv2%2Ftags&post=23176"}],"curies":[{"name":"wp","href":"https:\/\/api.w.org\/{rel}","templated":true}]}}