{"id":23255,"date":"2025-04-08T16:26:37","date_gmt":"2025-04-08T13:26:37","guid":{"rendered":"https:\/\/basta2.com\/?p=23255"},"modified":"2025-04-08T16:26:37","modified_gmt":"2025-04-08T13:26:37","slug":"ukraynada-iki-cin-v%c9%99t%c9%99ndasi-%c9%99sir-goturuldu","status":"publish","type":"post","link":"https:\/\/basta2.com\/?p=23255","title":{"rendered":"Ukraynada iki \u00c7in v\u0259t\u0259nda\u015f\u0131 \u0259sir g\u00f6t\u00fcr\u00fcld\u00fc"},"content":{"rendered":"<p><span style=\"font-family: 'times new roman', times, serif; font-size: 14pt;\">Ukrayna Silahl\u0131 Q\u00fcvv\u0259l\u0259ri Donetsk vilay\u0259tind\u0259 Rusiya t\u0259r\u0259find\u0259 d\u00f6y\u00fc\u015f\u0259n iki \u00c7in v\u0259t\u0259nda\u015f\u0131n\u0131 \u0259sir g\u00f6t\u00fcr\u00fcb. Bu haqda Ukrayna prezidenti Vladimir Zelenski bildirib.<\/span><\/p>\n<p><span style=\"font-family: 'times new roman', times, serif; font-size: 14pt;\">Onun s\u00f6zl\u0259rin\u0259 g\u00f6r\u0259, \u00c7in v\u0259t\u0259nda\u015flar\u0131n\u0131n Rusiya ordusunun dig\u0259r b\u00f6lm\u0259l\u0259rind\u0259 d\u00f6y\u00fc\u015fd\u00fcy\u00fc bar\u0259d\u0259 d\u0259 Kiyevin m\u0259lumat\u0131 var. Prezident Ukrayna Xarici \u0130\u015fl\u0259r Nazirliyinin r\u0259hb\u0259rin\u0259 \u201cd\u0259rhal Pekinl\u0259 \u0259laq\u0259 saxlama\u011f\u0131 v\u0259 \u00c7inin buna nec\u0259 cavab verm\u0259k niyy\u0259tind\u0259 oldu\u011funu \u00f6yr\u0259nm\u0259yi\u201d tap\u015f\u0131r\u0131b.<\/span><\/p>\n<div style=\"width: 480px;\" class=\"wp-video\"><video class=\"wp-video-shortcode\" id=\"video-23255-1\" width=\"480\" height=\"852\" preload=\"metadata\" controls=\"controls\"><source type=\"video\/mp4\" src=\"https:\/\/basta2.com\/wp-content\/uploads\/2025\/04\/VID_20250408_170631_075.mp4?_=1\" \/><a href=\"https:\/\/basta2.com\/wp-content\/uploads\/2025\/04\/VID_20250408_170631_075.mp4\">https:\/\/basta2.com\/wp-content\/uploads\/2025\/04\/VID_20250408_170631_075.mp4<\/a><\/video><\/div>\n<p>&nbsp;<\/p>\n","protected":false},"excerpt":{"rendered":"<p>Ukrayna Silahl\u0131 Q\u00fcvv\u0259l\u0259ri Donetsk vilay\u0259tind\u0259 Rusiya t\u0259r\u0259find\u0259 d\u00f6y\u00fc\u015f\u0259n iki \u00c7in v\u0259t\u0259nda\u015f\u0131n\u0131 \u0259sir g\u00f6t\u00fcr\u00fcb. Bu haqda Ukrayna prezidenti Vladimir Zelenski bildirib.<\/p>\n","protected":false},"author":1,"featured_media":23256,"comment_status":"closed","ping_status":"closed","sticky":false,"template":"","format":"standard","meta":{"_jetpack_memberships_contains_paid_content":false,"footnotes":""},"categories":[32,29],"tags":[],"class_list":["post-23255","post","type-post","status-publish","format-standard","has-post-thumbnail","hentry","category-dunya","category-manset"],"aioseo_notices":[],"jetpack_featured_media_url":"https:\/\/basta2.com\/wp-content\/uploads\/2025\/04\/Screenshot_2025-04-08-17-20-39-314_com.facebook.katana-edit.jpg","jetpack_sharing_enabled":true,"_links":{"self":[{"href":"https:\/\/basta2.com\/index.php?rest_route=\/wp\/v2\/posts\/23255","targetHints":{"allow":["GET"]}}],"collection":[{"href":"https:\/\/basta2.com\/index.php?rest_route=\/wp\/v2\/posts"}],"about":[{"href":"https:\/\/basta2.com\/index.php?rest_route=\/wp\/v2\/types\/post"}],"author":[{"embeddable":true,"href":"https:\/\/basta2.com\/index.php?rest_route=\/wp\/v2\/users\/1"}],"replies":[{"embeddable":true,"href":"https:\/\/basta2.com\/index.php?rest_route=%2Fwp%2Fv2%2Fcomments&post=23255"}],"version-history":[{"count":1,"href":"https:\/\/basta2.com\/index.php?rest_route=\/wp\/v2\/posts\/23255\/revisions"}],"predecessor-version":[{"id":23258,"href":"https:\/\/basta2.com\/index.php?rest_route=\/wp\/v2\/posts\/23255\/revisions\/23258"}],"wp:featuredmedia":[{"embeddable":true,"href":"https:\/\/basta2.com\/index.php?rest_route=\/wp\/v2\/media\/23256"}],"wp:attachment":[{"href":"https:\/\/basta2.com\/index.php?rest_route=%2Fwp%2Fv2%2Fmedia&parent=23255"}],"wp:term":[{"taxonomy":"category","embeddable":true,"href":"https:\/\/basta2.com\/index.php?rest_route=%2Fwp%2Fv2%2Fcategories&post=23255"},{"taxonomy":"post_tag","embeddable":true,"href":"https:\/\/basta2.com\/index.php?rest_route=%2Fwp%2Fv2%2Ftags&post=23255"}],"curies":[{"name":"wp","href":"https:\/\/api.w.org\/{rel}","templated":true}]}}