{"id":23412,"date":"2025-05-03T14:22:45","date_gmt":"2025-05-03T11:22:45","guid":{"rendered":"https:\/\/basta2.com\/?p=23412"},"modified":"2025-05-03T14:22:45","modified_gmt":"2025-05-03T11:22:45","slug":"h%c9%99bsd%c9%99ki-jurnalist-nurlan-libre-acliga-basladi","status":"publish","type":"post","link":"https:\/\/basta2.com\/?p=23412","title":{"rendered":"H\u0259bsd\u0259ki jurnalist Nurlan Libre acl\u0131\u011fa ba\u015flad\u0131"},"content":{"rendered":"<p>&nbsp;<\/p>\n<p><span style=\"font-family: 'times new roman', times, serif; font-size: 14pt;\">Siyasi motivl\u0259rl\u0259 h\u0259bs edil\u0259n jurnalist <strong>Nurlan Libre<\/strong> Media Azadl\u0131\u011f\u0131 g\u00fcn\u00fcnd\u0259 acl\u0131q aksiyas\u0131na ba\u015flay\u0131b. O,\u00a0 \u00a033 g\u00fcnd\u00fcr h\u0259bsxanada acl\u0131\u011f\u0131n\u0131 davam etdir\u0259n <strong>Tofiq Yaqubluya<\/strong> d\u0259st\u0259k amac\u0131 il\u0259 bu q\u0259rara g\u0259ldiyini a\u00e7\u0131qlay\u0131b:<\/span><\/p>\n<p><span style=\"font-family: 'times new roman', times, serif; font-size: 14pt;\">&#8220;M\u0259n m\u00fcst\u0259qil jurnalist, &#8220;Porta\u011fal Media&#8221; x\u0259b\u0259r kanal\u0131n\u0131n t\u0259sis\u00e7i direktoru Nurlan Libre (Q\u0259hr\u0259manl\u0131) 3 may &#8211; \u00dcmumd\u00fcnya M\u0259tbuat Azadl\u0131\u011f\u0131 G\u00fcn\u00fcnd\u0259 siyasi m\u0259zmunlu h\u0259bsl\u0259r\u0259 etiraz etm\u0259k v\u0259 Tofiq Yaqubluya h\u0259mr\u0259ylik m\u0259qs\u0259dil\u0259 acl\u0131q aksiyas\u0131na ba\u015flay\u0131ram v\u0259 a\u011fz\u0131m\u0131 iyn\u0259 il\u0259 tik\u0259c\u0259y\u0259m. A\u011f\u0131z tikm\u0259k simvolik aktd\u0131r. Bununla m\u0259n d\u00f6vl\u0259t\u0259 m\u0259ni \u00f6z\u00fcmd\u0259n ba\u015fqa he\u00e7 kimin susdura bilm\u0259y\u0259c\u0259yini b\u0259yan edir\u0259m!&#8221;<\/span><\/p>\n<p><span style=\"font-family: 'times new roman', times, serif; font-size: 14pt;\">Ke\u00e7mi\u015f siyasi m\u0259hbus <strong>\u018ffqan Muxtarl\u0131n\u0131n<\/strong> yayd\u0131\u011f\u0131 m\u0259lumata g\u00f6r\u0259, h\u0259bsd\u0259 olan jurnalist <strong>Teymur K\u0259rimov<\/strong> da acl\u0131q aksiyas\u0131na ba\u015flay\u0131r.\u00a0<\/span><\/p>\n<p><strong>Basta<\/strong><\/p>\n","protected":false},"excerpt":{"rendered":"<p>&nbsp; Siyasi motivl\u0259rl\u0259 h\u0259bs edil\u0259n jurnalist Nurlan Libre Media Azadl\u0131\u011f\u0131 g\u00fcn\u00fcnd\u0259 acl\u0131q aksiyas\u0131na ba\u015flay\u0131b. O,\u00a0 \u00a033 g\u00fcnd\u00fcr h\u0259bsxanada acl\u0131\u011f\u0131n\u0131 davam<\/p>\n","protected":false},"author":1,"featured_media":23413,"comment_status":"closed","ping_status":"closed","sticky":false,"template":"","format":"standard","meta":{"_jetpack_memberships_contains_paid_content":false,"footnotes":""},"categories":[30,29],"tags":[],"class_list":["post-23412","post","type-post","status-publish","format-standard","has-post-thumbnail","hentry","category-gundm","category-manset"],"aioseo_notices":[],"jetpack_featured_media_url":"https:\/\/basta2.com\/wp-content\/uploads\/2025\/05\/nurlan-libre.jpg","jetpack_sharing_enabled":true,"_links":{"self":[{"href":"https:\/\/basta2.com\/index.php?rest_route=\/wp\/v2\/posts\/23412","targetHints":{"allow":["GET"]}}],"collection":[{"href":"https:\/\/basta2.com\/index.php?rest_route=\/wp\/v2\/posts"}],"about":[{"href":"https:\/\/basta2.com\/index.php?rest_route=\/wp\/v2\/types\/post"}],"author":[{"embeddable":true,"href":"https:\/\/basta2.com\/index.php?rest_route=\/wp\/v2\/users\/1"}],"replies":[{"embeddable":true,"href":"https:\/\/basta2.com\/index.php?rest_route=%2Fwp%2Fv2%2Fcomments&post=23412"}],"version-history":[{"count":1,"href":"https:\/\/basta2.com\/index.php?rest_route=\/wp\/v2\/posts\/23412\/revisions"}],"predecessor-version":[{"id":23414,"href":"https:\/\/basta2.com\/index.php?rest_route=\/wp\/v2\/posts\/23412\/revisions\/23414"}],"wp:featuredmedia":[{"embeddable":true,"href":"https:\/\/basta2.com\/index.php?rest_route=\/wp\/v2\/media\/23413"}],"wp:attachment":[{"href":"https:\/\/basta2.com\/index.php?rest_route=%2Fwp%2Fv2%2Fmedia&parent=23412"}],"wp:term":[{"taxonomy":"category","embeddable":true,"href":"https:\/\/basta2.com\/index.php?rest_route=%2Fwp%2Fv2%2Fcategories&post=23412"},{"taxonomy":"post_tag","embeddable":true,"href":"https:\/\/basta2.com\/index.php?rest_route=%2Fwp%2Fv2%2Ftags&post=23412"}],"curies":[{"name":"wp","href":"https:\/\/api.w.org\/{rel}","templated":true}]}}