{"id":23485,"date":"2025-05-10T10:25:46","date_gmt":"2025-05-10T07:25:46","guid":{"rendered":"https:\/\/basta2.com\/?p=23485"},"modified":"2025-05-10T10:25:46","modified_gmt":"2025-05-10T07:25:46","slug":"b%c9%99yn%c9%99lxalq-t%c9%99skilatlardan-tofiq-yaqublu-cagirisi","status":"publish","type":"post","link":"https:\/\/basta2.com\/?p=23485","title":{"rendered":"B\u0259yn\u0259lxalq t\u0259\u015fkilatlardan Tofiq Yaqublu \u00e7a\u011f\u0131r\u0131\u015f\u0131"},"content":{"rendered":"<p><span style=\"font-family: 'times new roman', times, serif; font-size: 14pt;\"><strong>Beyn\u0259lxalq \u201cAmnesty \u0130nternational\u201d v\u0259 \u201cFreedom Now\u201d t\u0259\u015fkilatlar\u0131 Tofiq Yaqublunun s\u0259hh\u0259ti il\u0259 ba\u011fl\u0131 narahatl\u0131q ifad\u0259 olunan v\u0259 onun d\u0259rhal azadl\u0131\u011fa burax\u0131lmas\u0131na \u00e7a\u011f\u0131r\u0131\u015f ed\u0259n a\u00e7\u0131qlamalar yay\u0131b.<\/strong><\/span><\/p>\n<p><strong><span style=\"font-family: 'times new roman', times, serif; font-size: 14pt;\">Amnesty International:<\/span><\/strong><\/p>\n<p><span style=\"font-family: 'times new roman', times, serif; font-size: 14pt;\">\u201cHaqs\u0131z yer\u0259 h\u0259bsd\u0259 olan az\u0259rbaycanl\u0131 m\u00fcxalif\u0259t\u00e7i Tofiq Yaqublunun h\u0259yat\u0131n\u0131n ciddi risk alt\u0131nda oldu\u011fu bildirilir. V\u0259kilinin s\u00f6zl\u0259rin\u0259 g\u00f6r\u0259, davam ed\u0259n acl\u0131q aksiyas\u0131 v\u0259 tibbi yard\u0131m g\u00f6st\u0259rilm\u0259m\u0259si n\u0259tic\u0259sind\u0259 onun s\u0259hh\u0259ti k\u0259skin \u015f\u0259kild\u0259 pisl\u0259\u015fib. Ail\u0259si qorxur ki, ill\u0259rl\u0259 davam ed\u0259n t\u0259qibl\u0259r, \u0259sass\u0131z h\u0259bsl\u0259r v\u0259 pis r\u0259ftara m\u0259ruz qalmas\u0131 onun v\u0259ziyy\u0259ti tezlikl\u0259 gerid\u00f6nm\u0259z hal ala bil\u0259t. Tofiq Yaqublu d\u0259rhal v\u0259 qeyd-\u015f\u0259rtsiz azad edilm\u0259li v\u0259 t\u0259cili olaraq m\u00fcvafiq, m\u00fcst\u0259qil tibbi m\u00fcalic\u0259 alma\u011fa imkan verilm\u0259lidir\u201d.<\/span><\/p>\n<p><strong><span style=\"font-family: 'times new roman', times, serif; font-size: 14pt;\">Freedom Now:<\/span><\/strong><\/p>\n<p><span style=\"font-family: 'times new roman', times, serif; font-size: 14pt;\">\u201cAz\u0259rbaycanda haqs\u0131z yer\u0259 h\u0259bsd\u0259 olan v\u0259 39 g\u00fcnd\u00fcr acl\u0131q aksiyas\u0131 ke\u00e7ir\u0259n Tofiq Yaqubludan d\u0259rin narahat\u0131q. Onun v\u0259ziyy\u0259ti s\u00fcr\u0259tl\u0259 pisl\u0259\u015fir v\u0259 s\u0259hh\u0259ti ciddi t\u0259hl\u00fck\u0259 alt\u0131ndad\u0131r. Hakimiyy\u0259ti onu azad etm\u0259y\u0259 \u00e7a\u011f\u0131r\u0131r\u0131q\u201d. <\/span><\/p>\n<p><strong><span style=\"font-family: 'times new roman', times, serif; font-size: 14pt;\">Bu \u00e7a\u011f\u0131r\u0131\u015flar\u0131 \u015f\u0259rh ed\u0259n M\u00fcsavat Partiyas\u0131 M\u0259clisinin s\u0259dri Arif Hac\u0131l\u0131 q\u0259yd edib ki,\u00a0<\/span><span style=\"font-family: 'times new roman', times, serif; font-size: 14pt;\">Tofiq Yaqublunun 40 g\u00fcnd\u00fcr davam ed\u0259n acl\u0131q aksiyas\u0131 b\u00fct\u00fcn d\u00fcnyan\u0131n diqq\u0259t m\u0259rk\u0259zin\u0259 g\u0259lm\u0259kd\u0259dir.<\/span><\/strong><\/p>\n<p><span style=\"font-family: 'times new roman', times, serif; font-size: 14pt;\">&#8220;\u0130ndi Tofiq Yaqublu haqq\u0131nda h\u0259bs q\u0259timkan t\u0259dbirinin d\u0259rhal d\u0259yi\u015fdirilm\u0259si v\u0259 onun m\u00fclki x\u0259st\u0259xanaya k\u00f6\u00e7\u00fcr\u00fclm\u0259si \u00f6lk\u0259miz \u00fc\u00e7\u00fcn \u00fcmummilli m\u0259s\u0259l\u0259y\u0259 \u00e7evrilib. <\/span><span style=\"font-family: 'times new roman', times, serif; font-size: 14pt;\">\u018fks halda bu ac\u0131 hekay\u0259 Az\u0259rbaycan tarixin\u0259, ilk n\u00f6vb\u0259d\u0259 is\u0259 indiki hakimiyy\u0259tin tarixin\u0259 qara l\u0259k\u0259 olaraq \u0259b\u0259di dam\u011fa vuracaq!&#8221; &#8211; dey\u0259, Arif Hac\u0131l\u0131 vur\u011fulay\u0131b. <\/span><\/p>\n<p><strong><span style=\"font-family: 'times new roman', times, serif; font-size: 14pt;\">Basta<\/span><\/strong><\/p>\n","protected":false},"excerpt":{"rendered":"<p>Beyn\u0259lxalq \u201cAmnesty \u0130nternational\u201d v\u0259 \u201cFreedom Now\u201d t\u0259\u015fkilatlar\u0131 Tofiq Yaqublunun s\u0259hh\u0259ti il\u0259 ba\u011fl\u0131 narahatl\u0131q ifad\u0259 olunan v\u0259 onun d\u0259rhal azadl\u0131\u011fa burax\u0131lmas\u0131na<\/p>\n","protected":false},"author":1,"featured_media":23456,"comment_status":"closed","ping_status":"closed","sticky":false,"template":"","format":"standard","meta":{"_jetpack_memberships_contains_paid_content":false,"footnotes":""},"categories":[30,29],"tags":[],"class_list":["post-23485","post","type-post","status-publish","format-standard","has-post-thumbnail","hentry","category-gundm","category-manset"],"aioseo_notices":[],"jetpack_featured_media_url":"https:\/\/basta2.com\/wp-content\/uploads\/2025\/05\/FB_IMG_1746632651921.jpg","jetpack_sharing_enabled":true,"_links":{"self":[{"href":"https:\/\/basta2.com\/index.php?rest_route=\/wp\/v2\/posts\/23485","targetHints":{"allow":["GET"]}}],"collection":[{"href":"https:\/\/basta2.com\/index.php?rest_route=\/wp\/v2\/posts"}],"about":[{"href":"https:\/\/basta2.com\/index.php?rest_route=\/wp\/v2\/types\/post"}],"author":[{"embeddable":true,"href":"https:\/\/basta2.com\/index.php?rest_route=\/wp\/v2\/users\/1"}],"replies":[{"embeddable":true,"href":"https:\/\/basta2.com\/index.php?rest_route=%2Fwp%2Fv2%2Fcomments&post=23485"}],"version-history":[{"count":1,"href":"https:\/\/basta2.com\/index.php?rest_route=\/wp\/v2\/posts\/23485\/revisions"}],"predecessor-version":[{"id":23486,"href":"https:\/\/basta2.com\/index.php?rest_route=\/wp\/v2\/posts\/23485\/revisions\/23486"}],"wp:featuredmedia":[{"embeddable":true,"href":"https:\/\/basta2.com\/index.php?rest_route=\/wp\/v2\/media\/23456"}],"wp:attachment":[{"href":"https:\/\/basta2.com\/index.php?rest_route=%2Fwp%2Fv2%2Fmedia&parent=23485"}],"wp:term":[{"taxonomy":"category","embeddable":true,"href":"https:\/\/basta2.com\/index.php?rest_route=%2Fwp%2Fv2%2Fcategories&post=23485"},{"taxonomy":"post_tag","embeddable":true,"href":"https:\/\/basta2.com\/index.php?rest_route=%2Fwp%2Fv2%2Ftags&post=23485"}],"curies":[{"name":"wp","href":"https:\/\/api.w.org\/{rel}","templated":true}]}}