{"id":23703,"date":"2025-06-09T10:40:00","date_gmt":"2025-06-09T07:40:00","guid":{"rendered":"https:\/\/basta2.com\/?p=23703"},"modified":"2025-06-09T10:47:38","modified_gmt":"2025-06-09T07:47:38","slug":"kaliforniyanin-qubernatoru-igtisaslara-gor%c9%99-trampi-gunahlandirdi","status":"publish","type":"post","link":"https:\/\/basta2.com\/?p=23703","title":{"rendered":"Kaliforniyan\u0131n qubernatoru i\u011fti\u015fa\u015flara g\u00f6r\u0259 Tramp\u0131 g\u00fcnahland\u0131rd\u0131"},"content":{"rendered":"<p><span style=\"font-family: 'times new roman', times, serif; font-size: 14pt;\"><strong>\u201cTramp i\u015f\u0259 qar\u0131\u015fana q\u0259d\u0259r bizim problemimiz yox idi\u201d. Kaliforniyan\u0131n qubernatoru Milli Qvardiyan\u0131n Los-Ancelesd\u0259n geri \u00e7a\u011f\u0131r\u0131lmas\u0131n\u0131 t\u0259l\u0259b edir<\/strong><\/span><\/p>\n<p><span style=\"font-family: 'times new roman', times, serif; font-size: 14pt;\">Kaliforniya qubernatoru Gevin Nevsom, AB\u015e prezidenti Donald Tramp\u0131n i\u011fti\u015fa\u015flar s\u0259b\u0259bind\u0259n Los-Anceles\u0259 Milli Qvardiya b\u00f6lm\u0259l\u0259rinin g\u00f6nd\u0259rilm\u0259si q\u0259rar\u0131n\u0131n l\u0259\u011fvini r\u0259sm\u0259n t\u0259l\u0259b edib.<\/span><\/p>\n<p><span style=\"font-family: 'times new roman', times, serif; font-size: 14pt;\">\u0130yunun 9-na ke\u00e7\u0259n gec\u0259 Nevsom X sosial \u015f\u0259b\u0259k\u0259sind\u0259 Pentaqonun r\u0259hb\u0259ri Pit Heqset\u0259 \u00fcnvanlad\u0131\u011f\u0131 m\u00fcraci\u0259tin sur\u0259tini d\u0259rc edib.\u00a0 O, bildirib ki, m\u00f6vcud durumda yaln\u0131z \u0259yal\u0259t qubernatoru federal hakimiyy\u0259t orqanlar\u0131ndan Milli Qvardiyan\u0131n yerl\u0259\u015fdirilm\u0259sini xahi\u015f ed\u0259 bil\u0259r.<\/span><\/p>\n<p><span style=\"font-family: 'times new roman', times, serif; font-size: 14pt;\">Qubernatoru vur\u011fulay\u0131b ki, Milli Qvardiya b\u00f6lm\u0259l\u0259rinin Los-Anceles\u0259 yerl\u0259\u015fdirilm\u0259si \u201cv\u0259ziyy\u0259ti ciddi \u015f\u0259kild\u0259 g\u0259rginl\u0259\u015fdir\u0259&#8221; bil\u0259r.<\/span><\/p>\n<p><span style=\"font-family: 'times new roman', times, serif; font-size: 14pt;\">&#8220;Tramp i\u015f\u0259 qar\u0131\u015fana q\u0259d\u0259r bizim problemimiz yox idi. Bu, \u015ftat\u0131n suverenliyinin ciddi \u015f\u0259kild\u0259 pozulmas\u0131d\u0131r &#8211; g\u0259rginliyi art\u0131r\u0131r v\u0259 resurslar\u0131 h\u0259qiq\u0259t\u0259n laz\u0131m olan yerd\u0259n yay\u0131nd\u0131r\u0131r&#8221;, &#8211; dey\u0259, Nevsom yaz\u0131b.<\/span><\/p>\n<p><span style=\"font-family: 'times new roman', times, serif; font-size: 14pt;\">CNN yaz\u0131r ki, Newsom Tramp\u0131n q\u0259rar\u0131n\u0131 &#8220;qanunsuz, \u0259xlaqs\u0131z v\u0259 konstitusiyaya zidd&#8221; adland\u0131r\u0131b v\u0259 v\u0259ziyy\u0259tin normalla\u015fmas\u0131na k\u00f6m\u0259k etm\u0259diyini qeyd edib.<\/span><\/p>\n<div style=\"width: 800px;\" class=\"wp-video\"><!--[if lt IE 9]><script>document.createElement('video');<\/script><![endif]-->\n<video class=\"wp-video-shortcode\" id=\"video-23703-1\" width=\"800\" height=\"449\" preload=\"metadata\" controls=\"controls\"><source type=\"video\/mp4\" src=\"https:\/\/basta2.com\/wp-content\/uploads\/2025\/06\/AQPbDyyJ2JTBnX5IudLOz6j0zjj2S3ZfaYkQR06WMvuiMbYDa-8S1Ej83jLq35NIg03GwhNWmkxYGW3DF8E-u0g7.mp4?_=1\" \/><a href=\"https:\/\/basta2.com\/wp-content\/uploads\/2025\/06\/AQPbDyyJ2JTBnX5IudLOz6j0zjj2S3ZfaYkQR06WMvuiMbYDa-8S1Ej83jLq35NIg03GwhNWmkxYGW3DF8E-u0g7.mp4\">https:\/\/basta2.com\/wp-content\/uploads\/2025\/06\/AQPbDyyJ2JTBnX5IudLOz6j0zjj2S3ZfaYkQR06WMvuiMbYDa-8S1Ej83jLq35NIg03GwhNWmkxYGW3DF8E-u0g7.mp4<\/a><\/video><\/div>\n<p style=\"padding-left: 40px;\"><em><span style=\"font-family: 'times new roman', times, serif; font-size: 14pt;\">Los-Ancelesin c\u0259nubundak\u0131 Paramount \u015f\u0259h\u0259rind\u0259 i\u011fti\u015fa\u015flar iyunun 6-da ax\u015fam saatlar\u0131nda m\u00fchacir \u0259leyhin\u0259 reydl\u0259rd\u0259n sonra ba\u015flay\u0131b. Reydl\u0259r\u0259 etiraz ed\u0259nl\u0259rl\u0259 h\u00fcquq-m\u00fchafiz\u0259 orqanlar\u0131n\u0131n \u0259m\u0259kda\u015flar\u0131 aras\u0131nda toqqu\u015fma ba\u015f verib. \u0130yunun 7-d\u0259 i\u011fti\u015fa\u015flar davam edib. Etiraz\u00e7\u0131lar S\u0259rh\u0259d Xidm\u0259tinin ma\u015f\u0131nlar\u0131na da\u015f at\u0131blar. Buna cavab olaraq h\u00fcquq-m\u00fchafiz\u0259 orqanlar\u0131n\u0131n \u0259m\u0259kda\u015flar\u0131 rezin g\u00fcll\u0259l\u0259rd\u0259n istifad\u0259 edibl\u0259r. Tramp Los-Anceles\u0259 iki mind\u0259n art\u0131q Milli Qvardiya \u0259sg\u0259ri g\u00f6nd\u0259rdiyini a\u00e7\u0131qlay\u0131b. AB\u015e prezidenti qeyri-qanuni m\u00fchacirl\u0259r\u0259 qar\u015f\u0131 m\u00fcbariz\u0259 aparan h\u00fcquq-m\u00fchafiz\u0259 orqanlar\u0131n\u0131n \u0259m\u0259kda\u015flar\u0131na h\u00fccumlar\u0131 q\u0259buledilm\u0259z hesab etdiyini vur\u011fulay\u0131b. Kaliforniya qubernatoru is\u0259 \u00f6z n\u00f6vb\u0259sind\u0259 zorak\u0131l\u0131\u011fa yol verm\u0259m\u0259y\u0259 \u00e7a\u011f\u0131r\u0131b v\u0259 \u015ftat\u0131n h\u00fcquq-m\u00fchafiz\u0259 orqanlar\u0131n\u0131n v\u0259ziyy\u0259ti \u00f6zl\u0259rinin n\u0259zar\u0259t\u0259 g\u00f6t\u00fcr\u0259 bil\u0259c\u0259yini vur\u011fulay\u0131b.<\/span><\/em><\/p>\n","protected":false},"excerpt":{"rendered":"<p>\u201cTramp i\u015f\u0259 qar\u0131\u015fana q\u0259d\u0259r bizim problemimiz yox idi\u201d. Kaliforniyan\u0131n qubernatoru Milli Qvardiyan\u0131n Los-Ancelesd\u0259n geri \u00e7a\u011f\u0131r\u0131lmas\u0131n\u0131 t\u0259l\u0259b edir Kaliforniya qubernatoru Gevin<\/p>\n","protected":false},"author":1,"featured_media":23705,"comment_status":"closed","ping_status":"closed","sticky":false,"template":"","format":"standard","meta":{"_jetpack_memberships_contains_paid_content":false,"footnotes":""},"categories":[32,29],"tags":[],"class_list":["post-23703","post","type-post","status-publish","format-standard","has-post-thumbnail","hentry","category-dunya","category-manset"],"aioseo_notices":[],"jetpack_featured_media_url":"https:\/\/basta2.com\/wp-content\/uploads\/2025\/06\/120e1090-437d-11f0-835b-310c7b938e84.jpg.webp","jetpack_sharing_enabled":true,"_links":{"self":[{"href":"https:\/\/basta2.com\/index.php?rest_route=\/wp\/v2\/posts\/23703","targetHints":{"allow":["GET"]}}],"collection":[{"href":"https:\/\/basta2.com\/index.php?rest_route=\/wp\/v2\/posts"}],"about":[{"href":"https:\/\/basta2.com\/index.php?rest_route=\/wp\/v2\/types\/post"}],"author":[{"embeddable":true,"href":"https:\/\/basta2.com\/index.php?rest_route=\/wp\/v2\/users\/1"}],"replies":[{"embeddable":true,"href":"https:\/\/basta2.com\/index.php?rest_route=%2Fwp%2Fv2%2Fcomments&post=23703"}],"version-history":[{"count":3,"href":"https:\/\/basta2.com\/index.php?rest_route=\/wp\/v2\/posts\/23703\/revisions"}],"predecessor-version":[{"id":23709,"href":"https:\/\/basta2.com\/index.php?rest_route=\/wp\/v2\/posts\/23703\/revisions\/23709"}],"wp:featuredmedia":[{"embeddable":true,"href":"https:\/\/basta2.com\/index.php?rest_route=\/wp\/v2\/media\/23705"}],"wp:attachment":[{"href":"https:\/\/basta2.com\/index.php?rest_route=%2Fwp%2Fv2%2Fmedia&parent=23703"}],"wp:term":[{"taxonomy":"category","embeddable":true,"href":"https:\/\/basta2.com\/index.php?rest_route=%2Fwp%2Fv2%2Fcategories&post=23703"},{"taxonomy":"post_tag","embeddable":true,"href":"https:\/\/basta2.com\/index.php?rest_route=%2Fwp%2Fv2%2Ftags&post=23703"}],"curies":[{"name":"wp","href":"https:\/\/api.w.org\/{rel}","templated":true}]}}