{"id":23710,"date":"2025-06-09T11:22:13","date_gmt":"2025-06-09T08:22:13","guid":{"rendered":"https:\/\/basta2.com\/?p=23710"},"modified":"2025-06-09T11:24:26","modified_gmt":"2025-06-09T08:24:26","slug":"axcp-f%c9%99alinin-t%c9%99krar-saxlandigi-deyilir","status":"publish","type":"post","link":"https:\/\/basta2.com\/?p=23710","title":{"rendered":"AXCP f\u0259al\u0131n\u0131n t\u0259krar saxland\u0131\u011f\u0131 deyilir"},"content":{"rendered":"<p><span style=\"font-family: 'times new roman', times, serif; font-size: 14pt;\">Az\u0259rbaycan Xalq C\u0259bh\u0259si Partiyas\u0131 (AXCP) Qarada\u011f \u015f\u00f6b\u0259sinin \u00fczv\u00fc\u00a0<strong>Rahil Quliyev<\/strong>in iyunun 7-d\u0259 saxland\u0131\u011f\u0131 bildirilir.<\/span><\/p>\n<p><span style=\"font-family: 'times new roman', times, serif; font-size: 14pt;\">Bu bar\u0259d\u0259 AXCP-d\u0259n iyunun 8-d\u0259 m\u0259lumat yay\u0131l\u0131b.<\/span><\/p>\n<p><span style=\"font-family: 'times new roman', times, serif; font-size: 14pt;\">Partiyadan vur\u011fuland\u0131\u011f\u0131na g\u00f6r\u0259, onun haqq\u0131nda cinay\u0259t i\u015fi a\u00e7\u0131l\u0131b. Amma partiyadan detallar a\u00e7\u0131qlanmay\u0131b.<\/span><\/p>\n<p><span style=\"font-family: 'times new roman', times, serif; font-size: 14pt;\">AXCP-nin a\u00e7\u0131qlamas\u0131na, h\u0259l\u0259lik, r\u0259smi qurumlardan m\u00fcnasib\u0259t almaq m\u00fcmk\u00fcn olmay\u0131b.<\/span><\/p>\n<p><span style=\"font-family: 'times new roman', times, serif; font-size: 14pt;\">R.Quliyev \u00f6t\u0259n ay\u0131n \u0259vv\u0259lind\u0259 30 sutka inzibati qaydada h\u0259bs edilmi\u015fdi. O, bir ne\u00e7\u0259 g\u00fcn idi ki, azadl\u0131\u011fa \u00e7\u0131xm\u0131\u015fd\u0131.<\/span><\/p>\n<p><span style=\"font-family: 'times new roman', times, serif; font-size: 14pt;\">R.Quliyev AXCP s\u0259dri \u018fli K\u0259rimlinin m\u00fchafiz\u0259\u00e7isi\u00a0<strong>Elnur Quliyev<\/strong>in qarda\u015f\u0131d\u0131r. E.Quliyev \u00f6z\u00fc d\u0259 qarda\u015f\u0131ndan \u00f6nc\u0259 inzibati qaydada h\u0259bs edilmi\u015fdi.<\/span><\/p>\n<p><span style=\"font-family: 'times new roman', times, serif; font-size: 14pt;\">\u018f.K\u0259rimli bu yax\u0131nlarda bildirmi\u015fdi ki, son aylar ona ictimai \u0259saslarla m\u00fchafiz\u0259\u00e7ilik ed\u0259n v\u0259 onu avtomobili il\u0259 t\u0259dbirl\u0259r\u0259 aparan s\u0259kkiz partiya f\u0259al\u0131 m\u00fcxt\u0259lif ittihamla h\u0259bs olunub.<\/span><\/p>\n<p><span style=\"font-family: 'times new roman', times, serif; font-size: 14pt;\">Azadl\u0131qRadiosu<\/span><\/p>\n","protected":false},"excerpt":{"rendered":"<p>Az\u0259rbaycan Xalq C\u0259bh\u0259si Partiyas\u0131 (AXCP) Qarada\u011f \u015f\u00f6b\u0259sinin \u00fczv\u00fc\u00a0Rahil Quliyevin iyunun 7-d\u0259 saxland\u0131\u011f\u0131 bildirilir. Bu bar\u0259d\u0259 AXCP-d\u0259n iyunun 8-d\u0259 m\u0259lumat yay\u0131l\u0131b.<\/p>\n","protected":false},"author":1,"featured_media":23711,"comment_status":"closed","ping_status":"closed","sticky":false,"template":"","format":"standard","meta":{"_jetpack_memberships_contains_paid_content":false,"footnotes":""},"categories":[30,29],"tags":[],"class_list":["post-23710","post","type-post","status-publish","format-standard","has-post-thumbnail","hentry","category-gundm","category-manset"],"aioseo_notices":[],"jetpack_featured_media_url":"https:\/\/basta2.com\/wp-content\/uploads\/2025\/06\/50a39265-ca22-4ce1-28b6-08dd9da57ba1_cx0_cy35_cw0_w408_r1_s-1.jpg","jetpack_sharing_enabled":true,"_links":{"self":[{"href":"https:\/\/basta2.com\/index.php?rest_route=\/wp\/v2\/posts\/23710","targetHints":{"allow":["GET"]}}],"collection":[{"href":"https:\/\/basta2.com\/index.php?rest_route=\/wp\/v2\/posts"}],"about":[{"href":"https:\/\/basta2.com\/index.php?rest_route=\/wp\/v2\/types\/post"}],"author":[{"embeddable":true,"href":"https:\/\/basta2.com\/index.php?rest_route=\/wp\/v2\/users\/1"}],"replies":[{"embeddable":true,"href":"https:\/\/basta2.com\/index.php?rest_route=%2Fwp%2Fv2%2Fcomments&post=23710"}],"version-history":[{"count":2,"href":"https:\/\/basta2.com\/index.php?rest_route=\/wp\/v2\/posts\/23710\/revisions"}],"predecessor-version":[{"id":23713,"href":"https:\/\/basta2.com\/index.php?rest_route=\/wp\/v2\/posts\/23710\/revisions\/23713"}],"wp:featuredmedia":[{"embeddable":true,"href":"https:\/\/basta2.com\/index.php?rest_route=\/wp\/v2\/media\/23711"}],"wp:attachment":[{"href":"https:\/\/basta2.com\/index.php?rest_route=%2Fwp%2Fv2%2Fmedia&parent=23710"}],"wp:term":[{"taxonomy":"category","embeddable":true,"href":"https:\/\/basta2.com\/index.php?rest_route=%2Fwp%2Fv2%2Fcategories&post=23710"},{"taxonomy":"post_tag","embeddable":true,"href":"https:\/\/basta2.com\/index.php?rest_route=%2Fwp%2Fv2%2Ftags&post=23710"}],"curies":[{"name":"wp","href":"https:\/\/api.w.org\/{rel}","templated":true}]}}