{"id":23714,"date":"2025-06-09T19:38:45","date_gmt":"2025-06-09T16:38:45","guid":{"rendered":"https:\/\/basta2.com\/?p=23714"},"modified":"2025-06-09T19:41:22","modified_gmt":"2025-06-09T16:41:22","slug":"arif-hacili-ittihamlara-cavab-verdi-2","status":"publish","type":"post","link":"https:\/\/basta2.com\/?p=23714","title":{"rendered":"Arif Hac\u0131l\u0131 ittihamlara cavab verdi"},"content":{"rendered":"<p><span style=\"font-family: 'times new roman', times, serif; font-size: 14pt;\">\u018fziz dostlar.<\/span><\/p>\n<p><span style=\"font-family: 'times new roman', times, serif; font-size: 14pt;\">B\u0259zi saytlarda \u201cVyanada Az\u0259rbaycan v\u0259 Erm\u0259nistan m\u00fcxalif\u0259ti g\u00f6r\u00fc\u015fd\u00fc\u201d ba\u015fl\u0131ql\u0131 d\u0259qiql\u0259\u015fdirilm\u0259mi\u015f bir m\u0259lumata \u0259saslanan biril\u0259ri \u00fcz\u0259rim\u0259 n\u00f6vb\u0259ti b\u00f6htan kampaniyas\u0131na ba\u015flay\u0131b.<\/span><\/p>\n<p><span style=\"font-family: 'times new roman', times, serif; font-size: 14pt;\">Bir ne\u00e7\u0259 ildir ki, Avstriyan\u0131n beyn\u0259lxalq \u015e\u0259rqi Avropa Ara\u015fd\u0131rmalar\u0131 \u00fczr\u0259 Beyn\u0259lxalq<\/span><br \/>\n<span style=\"font-family: 'times new roman', times, serif; font-size: 14pt;\">\u0130nstitutu t\u0259r\u0259find\u0259n Vyana \u015f\u0259h\u0259rind\u0259 t\u0259\u015fkil olunan debatlara d\u0259v\u0259t al\u0131ram.<\/span><\/p>\n<p><span style=\"font-family: 'times new roman', times, serif; font-size: 14pt;\">\u0130\u015ftirak etdiyim debatlar \u0259sas\u0259n C\u0259nubi Qafqaz regionunda konfliktl\u0259r v\u0259 v\u0259ziyy\u0259td\u0259n \u00e7\u0131x\u0131\u015f yollar\u0131 bar\u0259d\u0259dir.<\/span><\/p>\n<p><span style=\"font-family: 'times new roman', times, serif; font-size: 14pt;\">M\u00fcxt\u0259lif d\u00f6vrl\u0259rd\u0259 bu debatlarda Avstriyada f\u0259aliyy\u0259t g\u00f6st\u0259r\u0259n ictimai t\u0259\u015fkilatlar\u0131n, beyn\u0259lxa\u0131q qurumlar\u0131n n\u00fcmay\u0259nd\u0259l\u0259ri il\u0259 yana\u015f\u0131 Avropa \u0130ttifaq\u0131n\u0131n, A\u015ePA n\u0131n, AT\u018fT in v\u0259 dig\u0259r beyn\u0259lxalq t\u0259\u015fkilatlar\u0131n n\u00fcmay\u0259nd\u0259l\u0259ri d\u0259 i\u015ftirak edir.<\/span><\/p>\n<p><span style=\"font-family: 'times new roman', times, serif; font-size: 14pt;\">Bu t\u0259dbirl\u0259r\u0259 m\u00fczakir\u0259 olunan m\u00f6vzulara uy\u011fun olaraq m\u00fcxt\u0259lif siyasi ekspert\u0259r, erm\u0259ni siyas\u0259t\u00e7il\u0259ri v\u0259 Az\u0259rbaycandan da ad\u0259t\u0259n Milli M\u0259clis \u00fczv\u00fc olan daha bir n\u0259f\u0259r d\u0259v\u0259t olunur.<\/span><\/p>\n<p><span style=\"font-family: 'times new roman', times, serif; font-size: 14pt;\">Y\u0259ni m\u0259n bir ne\u00e7\u0259 ildir ki, bu prosesd\u0259 i\u015ftirak edir\u0259m v\u0259 bu m\u00fcdd\u0259t \u0259rzind\u0259 h\u0259min debatlara ad\u0259t\u0259n Az\u0259rbaycan Milli M\u0259clis \u00fczv\u00fc olan m\u00fcxt\u0259lif \u015f\u0259xsl\u0259r d\u0259v\u0259t olunub.<\/span><\/p>\n<p><span style=\"font-family: 'times new roman', times, serif; font-size: 14pt;\">Bu, b\u0259zil\u0259rinin qeyd etdiyi kimi m\u00fcxalif\u0259tl\u0259rin g\u00f6r\u00fc\u015f\u00fc deyil. M\u0259s\u0259l\u0259n, bu prosesd\u0259 daimi i\u015ftirak ed\u0259n erm\u0259ni n\u00fcmay\u0259nd\u0259l\u0259rind\u0259n biri, Marukyan Pa\u015finyan\u0131n x\u00fcsusi dan\u0131\u015f\u0131qlar \u00fczr\u0259 n\u00fcmay\u0259nd\u0259si idi.<\/span><br \/>\n<span style=\"font-family: 'times new roman', times, serif; font-size: 14pt;\">\u0130ndi d\u0259 Pa\u015finyandan sonra Erm\u0259nistan\u0131n Ba\u015f Naziri v\u0259zif\u0259sin\u0259 namiz\u0259dl\u0259rd\u0259n biridir.<\/span><\/p>\n<p><span style=\"font-family: 'times new roman', times, serif; font-size: 14pt;\">Bir d\u0259f\u0259 bu \u00f6lk\u0259ni A\u015ePA da Erm\u0259nistan n\u00fcmay\u0259nd\u0259liyinin r\u0259hb\u0259ri olan deputat t\u0259msil etmi\u015fdi v\u0259. s<\/span><\/p>\n<p><span style=\"font-family: 'times new roman', times, serif; font-size: 14pt;\">M\u0259n Avropa \u0130ttifaq\u0131n\u0131n, ALDE nin,<\/span><br \/>\n<span style=\"font-family: 'times new roman', times, serif; font-size: 14pt;\">Avstriya Xarici \u0130\u015fl\u0259r Nazirliyinin, Fridrix Nauman fondunun AB\u015e \u0131n \u0130DEE t\u0259\u015fkilat\u0131n\u0131n v\u0259 dig\u0259r qurumlar\u0131n Br\u00fcsseld\u0259, Stokholmda, Kiyevd\u0259, Dublind\u0259, Lissabonda, Tbilisid\u0259, Var\u015favada, Vyanada v\u0259 dig\u0259r \u015f\u0259h\u0259rl\u0259rd\u0259 t\u0259\u015fkil etdiyi bel\u0259 debatlarda d\u0259f\u0259l\u0259rl\u0259 i\u015ftirak etmi\u015f\u0259m.<\/span><\/p>\n<p><span style=\"font-family: 'times new roman', times, serif; font-size: 14pt;\">V\u0259 \u0259min olun ki, Az\u0259rbaycan\u0131 \u00f6lk\u0259nin diplomatiya m\u0259rk\u0259zl\u0259ri r\u0259hb\u0259rl\u0259rind\u0259n daha u\u011furla t\u0259msil etmi\u015f\u0259m.<\/span><\/p>\n<p><span style=\"font-family: 'times new roman', times, serif; font-size: 14pt;\">\u018fg\u0259r m\u0259nim daimi i\u015ftirak etdiyim t\u0259dbirl\u0259r\u0259 t\u0259\u015fkilat\u00e7\u0131 t\u0259r\u0259f \u00f6z m\u00fclahiz\u0259l\u0259ri \u0259sas\u0131nda v\u0259 ya m\u0259n\u0259 m\u0259lum olmayan prosedurlarla b\u0259z\u0259n ba\u015fqa kiml\u0259ris\u0259 d\u0259v\u0259t edirs\u0259 bu art\u0131q m\u0259nim sorumum deyil.<\/span><\/p>\n<p><span style=\"font-family: 'times new roman', times, serif; font-size: 14pt;\">\u00d6z\u00fcn\u00fc siyas\u0259t bilicisi hesab ed\u0259nl\u0259rin bunu bilm\u0259si laz\u0131m idi.<\/span><\/p>\n<p><span style=\"font-family: 'times new roman', times, serif; font-size: 14pt;\">V\u0259 sonda.<\/span><\/p>\n<p><span style=\"font-family: 'times new roman', times, serif; font-size: 14pt;\">Vyanada 20 d\u0259k \u00f6lk\u0259d\u0259n olan g\u0259l\u0259c\u0259k diplomatar qar\u015f\u0131s\u0131nda m\u00fchazir\u0259l\u0259rim olacaq.<\/span><br \/>\n<span style=\"font-family: 'times new roman', times, serif; font-size: 14pt;\">A\u015fa\u011f\u0131dak\u0131 siyah\u0131da bu d\u0259rsl\u0259rin m\u00f6vzusuna, m\u00fchazir\u0259\u00e7i kimi m\u00fcxt\u0259lif \u00f6lk\u0259l\u0259rd\u0259n d\u0259v\u0259t alm\u0131\u015f tan\u0131nm\u0131\u015f \u015f\u0259xsl\u0259rin siyah\u0131s\u0131na bax\u0131n.<\/span><\/p>\n<p><span style=\"font-family: 'times new roman', times, serif; font-size: 14pt;\">M\u00f6vzular\u0131n n\u0259, m\u00fchazir\u0259\u00e7il\u0259rin kim oldu\u011funu d\u0259qiql\u0259\u015fdirin.<\/span><br \/>\n<span style=\"font-family: 'times new roman', times, serif; font-size: 14pt;\">Sonra el\u0259 \u00f6z\u00fcn\u00fcz \u00fc\u00e7\u00fcn bu suala cavab verin.<\/span><\/p>\n<p><span style=\"font-family: 'times new roman', times, serif; font-size: 14pt;\">Bu siyah\u0131da Az\u0259rbaycan t\u0259msil\u00e7isinin d\u0259 olmas\u0131 v\u0259 m\u0259nim bu prosesd\u0259 i\u015ftirak\u0131m vacib idimi? <\/span><\/p>\n<p style=\"padding-left: 40px;\"><em><span style=\"font-family: 'times new roman', times, serif; font-size: 14pt;\">Yaz\u0131 M\u00fcsavat M\u0259clisinin s\u0259dri Arif Hac\u0131l\u0131n\u0131n feysbuk s\u0259hif\u0259sind\u0259n g\u00f6t\u00fcr\u00fcl\u00fcb.<\/span><\/em><\/p>\n<p>&nbsp;<\/p>\n","protected":false},"excerpt":{"rendered":"<p>\u018fziz dostlar. B\u0259zi saytlarda \u201cVyanada Az\u0259rbaycan v\u0259 Erm\u0259nistan m\u00fcxalif\u0259ti g\u00f6r\u00fc\u015fd\u00fc\u201d ba\u015fl\u0131ql\u0131 d\u0259qiql\u0259\u015fdirilm\u0259mi\u015f bir m\u0259lumata \u0259saslanan biril\u0259ri \u00fcz\u0259rim\u0259 n\u00f6vb\u0259ti b\u00f6htan kampaniyas\u0131na<\/p>\n","protected":false},"author":1,"featured_media":15195,"comment_status":"closed","ping_status":"closed","sticky":false,"template":"","format":"standard","meta":{"_jetpack_memberships_contains_paid_content":false,"footnotes":""},"categories":[29,36,1],"tags":[],"class_list":["post-23714","post","type-post","status-publish","format-standard","has-post-thumbnail","hentry","category-manset","category-siyast","category-uncategorized"],"aioseo_notices":[],"jetpack_featured_media_url":"https:\/\/basta2.com\/wp-content\/uploads\/2022\/10\/arif-hacili-6-800x445-1.jpg","jetpack_sharing_enabled":true,"_links":{"self":[{"href":"https:\/\/basta2.com\/index.php?rest_route=\/wp\/v2\/posts\/23714","targetHints":{"allow":["GET"]}}],"collection":[{"href":"https:\/\/basta2.com\/index.php?rest_route=\/wp\/v2\/posts"}],"about":[{"href":"https:\/\/basta2.com\/index.php?rest_route=\/wp\/v2\/types\/post"}],"author":[{"embeddable":true,"href":"https:\/\/basta2.com\/index.php?rest_route=\/wp\/v2\/users\/1"}],"replies":[{"embeddable":true,"href":"https:\/\/basta2.com\/index.php?rest_route=%2Fwp%2Fv2%2Fcomments&post=23714"}],"version-history":[{"count":2,"href":"https:\/\/basta2.com\/index.php?rest_route=\/wp\/v2\/posts\/23714\/revisions"}],"predecessor-version":[{"id":23718,"href":"https:\/\/basta2.com\/index.php?rest_route=\/wp\/v2\/posts\/23714\/revisions\/23718"}],"wp:featuredmedia":[{"embeddable":true,"href":"https:\/\/basta2.com\/index.php?rest_route=\/wp\/v2\/media\/15195"}],"wp:attachment":[{"href":"https:\/\/basta2.com\/index.php?rest_route=%2Fwp%2Fv2%2Fmedia&parent=23714"}],"wp:term":[{"taxonomy":"category","embeddable":true,"href":"https:\/\/basta2.com\/index.php?rest_route=%2Fwp%2Fv2%2Fcategories&post=23714"},{"taxonomy":"post_tag","embeddable":true,"href":"https:\/\/basta2.com\/index.php?rest_route=%2Fwp%2Fv2%2Ftags&post=23714"}],"curies":[{"name":"wp","href":"https:\/\/api.w.org\/{rel}","templated":true}]}}