{"id":24038,"date":"2025-07-28T15:57:40","date_gmt":"2025-07-28T12:57:40","guid":{"rendered":"https:\/\/basta2.com\/?p=24038"},"modified":"2025-07-28T15:58:25","modified_gmt":"2025-07-28T12:58:25","slug":"hakerl%c9%99r-rusiyanin-hava-limanlari-iflic-etdi","status":"publish","type":"post","link":"https:\/\/basta2.com\/?p=24038","title":{"rendered":"Hakerl\u0259r Rusiyan\u0131n hava limanlar\u0131n\u0131 iflic etdi"},"content":{"rendered":"<p><span style=\"font-family: 'times new roman', times, serif;\"><strong><span style=\"font-size: 14pt;\">&#8220;H\u00f6r\u00fcm\u00e7\u0259k toru &#8211; 2&#8221;<\/span><\/strong><\/span><\/p>\n<p><span style=\"font-family: 'times new roman', times, serif;\">Rusiyan\u0131n &#8220;Aeroflot&#8221; avia\u015firk\u0259ti bu g\u00fcn y\u00fczd\u0259n art\u0131q u\u00e7u\u015f reysini l\u0259\u011fv edib.\u00a0 \u015eirk\u0259tin komp\u00fcterl\u0259ri he\u00e7 bir yerd\u0259 i\u015fl\u0259mir v\u0259 \u015firk\u0259tin \u0130T sistemin\u0259 kiberh\u00fccum art\u0131q H\u00f6r\u00fcm\u00e7\u0259k toru \u0259m\u0259liyyat\u0131 il\u0259 m\u00fcqayis\u0259 edilir. &#8220;Aeroflot&#8221;un bu g\u00fcn he\u00e7 bir u\u00e7u\u015fu olmayacaq. M\u0259tbuat t\u0259yyar\u0259l\u0259r\u0259 h\u0259tta yanacaq doldurma\u011f\u0131n m\u00fcmk\u00fcn olmad\u0131\u011f\u0131n\u0131 yaz\u0131r.<\/span><\/p>\n<p><span style=\"font-family: 'times new roman', times, serif;\">Kremlin s\u00f6z\u00e7\u00fcs\u00fc Dmitri Peskov \u201cAeroflot\u201da haker h\u00fccumu bar\u0259d\u0259 x\u0259b\u0259rl\u0259ri \u201cnarahatedici\u201d adland\u0131r\u0131b. Rusiya Federasiyas\u0131n\u0131n Ba\u015f Prokurorlu\u011fu t\u0259sdiql\u0259yib ki, \u201cAeroflot\u201dun informasiya sisteminin f\u0259aliyy\u0259tind\u0259ki nasazl\u0131\u011fa s\u0259b\u0259b haker h\u00fccumu olub.<\/span><\/p>\n<p><span style=\"font-family: 'times new roman', times, serif;\">\u0130ndi Rusiya hava limanlar\u0131na giri\u015f-\u00e7\u0131x\u0131\u015f m\u00fcmk\u00fcn deyil!<\/span><\/p>\n<p><span style=\"font-family: 'times new roman', times, serif;\">&#8220;Aeroflot&#8221; l\u0259\u011fv edilmi\u015f reysl\u0259rin s\u0259rni\u015finl\u0259rind\u0259n hava liman\u0131na g\u0259lm\u0259m\u0259yi xahi\u015f edir. Art\u0131q \u015eeremetyevo v\u0259 Pulkovoda b\u00f6y\u00fck n\u00f6vb\u0259l\u0259r yaran\u0131b.<\/span><\/p>\n<p><span style=\"font-family: 'times new roman', times, serif;\">\u015eirk\u0259t bildirir ki, \u201cxidm\u0259tl\u0259r b\u0259rpa olunduqdan sonra\u201d pulu qaytarmaq v\u0259 ya bileti yenid\u0259n r\u0259smil\u0259\u015fdirm\u0259k m\u00fcmk\u00fcn olacaq. <\/span><\/p>\n<p><span style=\"font-family: 'times new roman', times, serif;\"><strong>Dada\u015f \u018fhm\u0259dli<\/strong><\/span><\/p>\n","protected":false},"excerpt":{"rendered":"<p>&#8220;H\u00f6r\u00fcm\u00e7\u0259k toru &#8211; 2&#8221; Rusiyan\u0131n &#8220;Aeroflot&#8221; avia\u015firk\u0259ti bu g\u00fcn y\u00fczd\u0259n art\u0131q u\u00e7u\u015f reysini l\u0259\u011fv edib.\u00a0 \u015eirk\u0259tin komp\u00fcterl\u0259ri he\u00e7 bir yerd\u0259<\/p>\n","protected":false},"author":1,"featured_media":24039,"comment_status":"closed","ping_status":"closed","sticky":false,"template":"","format":"standard","meta":{"_jetpack_memberships_contains_paid_content":false,"footnotes":""},"categories":[32,29],"tags":[],"class_list":["post-24038","post","type-post","status-publish","format-standard","has-post-thumbnail","hentry","category-dunya","category-manset"],"aioseo_notices":[],"jetpack_featured_media_url":"https:\/\/basta2.com\/wp-content\/uploads\/2025\/07\/Screenshot_2025-07-28-16-50-22-495_com.facebook.katana-edit.jpg","jetpack_sharing_enabled":true,"_links":{"self":[{"href":"https:\/\/basta2.com\/index.php?rest_route=\/wp\/v2\/posts\/24038","targetHints":{"allow":["GET"]}}],"collection":[{"href":"https:\/\/basta2.com\/index.php?rest_route=\/wp\/v2\/posts"}],"about":[{"href":"https:\/\/basta2.com\/index.php?rest_route=\/wp\/v2\/types\/post"}],"author":[{"embeddable":true,"href":"https:\/\/basta2.com\/index.php?rest_route=\/wp\/v2\/users\/1"}],"replies":[{"embeddable":true,"href":"https:\/\/basta2.com\/index.php?rest_route=%2Fwp%2Fv2%2Fcomments&post=24038"}],"version-history":[{"count":2,"href":"https:\/\/basta2.com\/index.php?rest_route=\/wp\/v2\/posts\/24038\/revisions"}],"predecessor-version":[{"id":24041,"href":"https:\/\/basta2.com\/index.php?rest_route=\/wp\/v2\/posts\/24038\/revisions\/24041"}],"wp:featuredmedia":[{"embeddable":true,"href":"https:\/\/basta2.com\/index.php?rest_route=\/wp\/v2\/media\/24039"}],"wp:attachment":[{"href":"https:\/\/basta2.com\/index.php?rest_route=%2Fwp%2Fv2%2Fmedia&parent=24038"}],"wp:term":[{"taxonomy":"category","embeddable":true,"href":"https:\/\/basta2.com\/index.php?rest_route=%2Fwp%2Fv2%2Fcategories&post=24038"},{"taxonomy":"post_tag","embeddable":true,"href":"https:\/\/basta2.com\/index.php?rest_route=%2Fwp%2Fv2%2Ftags&post=24038"}],"curies":[{"name":"wp","href":"https:\/\/api.w.org\/{rel}","templated":true}]}}