{"id":24255,"date":"2025-09-05T15:22:08","date_gmt":"2025-09-05T12:22:08","guid":{"rendered":"https:\/\/basta2.com\/?p=24255"},"modified":"2025-09-05T15:22:08","modified_gmt":"2025-09-05T12:22:08","slug":"az%c9%99rbaycan-xin-d%c9%99n-rusiyaya-cavab","status":"publish","type":"post","link":"https:\/\/basta2.com\/?p=24255","title":{"rendered":"Az\u0259rbaycan X\u0130N-d\u0259n Rusiyaya cavab"},"content":{"rendered":"<p><span style=\"font-size: 14pt; font-family: 'times new roman', times, serif;\">2024-c\u00fc il dekabr\u0131n 25-d\u0259 Qazax\u0131stan\u0131n Aktau \u015f\u0259h\u0259ri yax\u0131nl\u0131\u011f\u0131nda &#8220;Az\u0259rbaycan Hava Yollar\u0131&#8221; (AZAL) avia\u015firk\u0259tin\u0259 m\u0259xsus s\u0259rni\u015fin t\u0259yyar\u0259sinin q\u0259zaya u\u011framas\u0131 il\u0259 ba\u011fl\u0131 s\u0131\u011forta v\u0259saiti \u00f6d\u0259nilib.<\/span><\/p>\n<p><span style=\"font-size: 14pt; font-family: 'times new roman', times, serif;\">Bu bar\u0259d\u0259 Rusiya Xarici \u0130\u015fl\u0259r Nazirliyinin (X\u0130N) yayd\u0131\u011f\u0131 a\u00e7\u0131qlamada bildirilib.<\/span><\/p>\n<p><span style=\"font-size: 14pt; font-family: 'times new roman', times, serif;\">Vur\u011fulan\u0131b ki, Az\u0259rbaycan avia\u015firk\u0259tin\u0259 t\u0259yyar\u0259 \u00fc\u00e7\u00fcn tam s\u0131\u011forta d\u0259y\u0259ri \u2013 1 milyard 3 milyon rubl (12.34 milyon AB\u015e dollar\u0131) m\u0259bl\u0259\u011find\u0259 s\u0131\u011forta kompensasiyas\u0131 \u00f6d\u0259nilib: &#8220;15 Rusiya v\u0259t\u0259nda\u015f\u0131ndan 7-si, 38 Az\u0259rbaycan v\u0259t\u0259nda\u015f\u0131ndan 35-i, Q\u0131r\u011f\u0131z\u0131stan v\u0259t\u0259nda\u015flar\u0131ndan 3-\u00fc, Qazax\u0131stan v\u0259t\u0259nda\u015flar\u0131ndan 6-s\u0131n\u0131n h\u0259r birin\u0259 \u00f6d\u0259ni\u015fl\u0259r tam \u00f6d\u0259nilib. Bu g\u00fcn\u0259 kimi t\u0259yyar\u0259nin x\u0259sar\u0259t alm\u0131\u015f s\u0259rni\u015finl\u0259rin\u0259 v\u0259 \u00f6l\u0259nl\u0259rin yax\u0131nlar\u0131na \u00fcmumilikd\u0259 358.4 milyon rubl (4.4 milyon dollar) s\u0131\u011forta \u00f6d\u0259ni\u015fi edilib&#8221;.<\/span><\/p>\n<p><span style=\"font-size: 14pt; font-family: 'times new roman', times, serif;\"><strong>Az\u0259rbaycan X\u0130N t\u0259\u0259cc\u00fcb edir<\/strong><\/span><\/p>\n<p><span style=\"font-size: 14pt; font-family: 'times new roman', times, serif;\">Az\u0259rbaycan Xarici \u0130\u015fl\u0259r Nazirliyi (X\u0130N) Rusiya X\u0130N-in a\u00e7\u0131qlamas\u0131n\u0131 t\u0259\u0259cc\u00fcbl\u0259 qar\u015f\u0131lad\u0131\u011f\u0131n\u0131 bildirir.<\/span><\/p>\n<p><span style=\"font-size: 14pt; font-family: 'times new roman', times, serif;\">X\u0130N vur\u011fulay\u0131r ki, &#8220;s\u0131\u011forta \u00f6d\u0259ni\u015fl\u0259rinin Az\u0259rbaycan\u0131n Rusiya h\u00f6kum\u0259tind\u0259n t\u0259l\u0259b etdiyi kompensasiya il\u0259 eynil\u0259\u015fdirilm\u0259si c\u0259hdl\u0259ri d\u00fczg\u00fcn deyil&#8221;.<\/span><\/p>\n<p><span style=\"font-size: 14pt; font-family: 'times new roman', times, serif;\">&#8220;&#8230;s\u0131\u011forta \u00f6d\u0259ni\u015fl\u0259rinin t\u0259\u015fkili prosesi art\u0131q 6 ayd\u0131r h\u0259yata ke\u00e7irilir. \u00dcmumilikd\u0259, bu \u00f6d\u0259ni\u015fl\u0259r m\u0259hz AZAL-\u0131n s\u0131\u011forta m\u00fcqavil\u0259si \u00e7\u0259r\u00e7iv\u0259sind\u0259, \u015firk\u0259tin t\u0259yyar\u0259sini v\u0259 s\u0259rni\u015finl\u0259ri s\u0131\u011forta etm\u0259si n\u0259tic\u0259sind\u0259 \u00f6hd\u0259likl\u0259r\u0259 uy\u011fun olaraq t\u0259min edilir&#8221;, &#8211; m\u0259lumatda deyilir.<\/span><\/p>\n<p><span style=\"font-size: 14pt; font-family: 'times new roman', times, serif;\">S\u0131\u011fortan\u0131 m\u0259hz Rusiya \u015firk\u0259tinin \u00f6d\u0259m\u0259sin\u0259 g\u0259ldikd\u0259, X\u0130N qeyd edir ki, ad\u0259t\u0259n t\u0259yyar\u0259l\u0259rin s\u0131\u011fortas\u0131 m\u00fcvafiq beyn\u0259lxalq s\u0131\u011forta \u015firk\u0259tl\u0259ri vasit\u0259sil\u0259 h\u0259yata ke\u00e7irilir: &#8220;Rusiyan\u0131n \u0259razisind\u0259 he\u00e7 bir beyn\u0259lxalq s\u0131\u011forta \u015firk\u0259tinin f\u0259aliyy\u0259t g\u00f6st\u0259rm\u0259diyini n\u0259z\u0259r\u0259 alaraq, AZAL t\u0259yyar\u0259sinin s\u0131\u011fortas\u0131 Rusiya \u015firk\u0259ti vasit\u0259sil\u0259 apar\u0131l\u0131b&#8221;.<\/span><\/p>\n<p><span style=\"font-size: 14pt; font-family: 'times new roman', times, serif;\">Xat\u0131rlatma<\/span><\/p>\n<p><span style=\"font-size: 14pt; font-family: 'times new roman', times, serif;\">AZAL t\u0259yyar\u0259si \u00f6t\u0259n il dekabr\u0131n 25-d\u0259 Bak\u0131-Qrozn\u0131 aviareysini yerin\u0259 yetir\u0259rk\u0259n q\u0259zaya d\u00fc\u015f\u00fcb, 38 n\u0259f\u0259r h\u0259lak olub. Az\u0259rbaycan r\u0259smil\u0259ri q\u0259zaya g\u00f6r\u0259 Rusiyan\u0131n m\u0259suliyy\u0259t da\u015f\u0131d\u0131\u011f\u0131n\u0131 bildiribl\u0259r, amma bunun m\u0259qs\u0259dli t\u00f6r\u0259dilm\u0259diyini a\u00e7\u0131qlay\u0131blar.<\/span><\/p>\n<p><span style=\"font-size: 14pt; font-family: 'times new roman', times, serif;\">Rusiya prezidenti Vladimir Putinin \u018fliyev il\u0259 telefon dan\u0131\u015f\u0131\u011f\u0131nda q\u0259zaya g\u00f6r\u0259 \u00fczrxahl\u0131q ets\u0259 d\u0259, ba\u015f ver\u0259nl\u0259r\u0259 g\u00f6r\u0259 \u00f6lk\u0259sinin m\u0259suliyy\u0259t da\u015f\u0131d\u0131\u011f\u0131n\u0131 etiraf etm\u0259diyi a\u00e7\u0131qlan\u0131b.<\/span><\/p>\n<p><span style=\"font-size: 14pt; font-family: 'times new roman', times, serif;\">Qazax\u0131stan N\u0259qliyyat Nazirliyi h\u0259l\u0259 fevral\u0131n \u0259vv\u0259lind\u0259 bu q\u0259za il\u0259 ba\u011fl\u0131 t\u0259hqiqata dair ilkin hesabat\u0131n\u0131 a\u00e7\u0131qlay\u0131b. Hesabatda qeyd edilib ki, AZAL t\u0259yyar\u0259si yer s\u0259thi il\u0259 toqqu\u015fana q\u0259d\u0259r xarici t\u0259sir\u0259 m\u0259ruz qal\u0131b. Eyni zamanda, t\u0259yyar\u0259nin u\u00e7u\u015fdan \u0259vv\u0259l texniki v\u0259ziyy\u0259ti yax\u015f\u0131 olub.<\/span><\/p>\n<p><span style=\"font-size: 14pt; font-family: 'times new roman', times, serif;\">Azadl\u0131qRadiosu<\/span><\/p>\n<p>&nbsp;<\/p>\n","protected":false},"excerpt":{"rendered":"<p>2024-c\u00fc il dekabr\u0131n 25-d\u0259 Qazax\u0131stan\u0131n Aktau \u015f\u0259h\u0259ri yax\u0131nl\u0131\u011f\u0131nda &#8220;Az\u0259rbaycan Hava Yollar\u0131&#8221; (AZAL) avia\u015firk\u0259tin\u0259 m\u0259xsus s\u0259rni\u015fin t\u0259yyar\u0259sinin q\u0259zaya u\u011framas\u0131 il\u0259 ba\u011fl\u0131<\/p>\n","protected":false},"author":1,"featured_media":22474,"comment_status":"closed","ping_status":"closed","sticky":false,"template":"","format":"standard","meta":{"_jetpack_memberships_contains_paid_content":false,"footnotes":""},"categories":[29,36],"tags":[],"class_list":["post-24255","post","type-post","status-publish","format-standard","has-post-thumbnail","hentry","category-manset","category-siyast"],"aioseo_notices":[],"jetpack_featured_media_url":"https:\/\/basta2.com\/wp-content\/uploads\/2024\/12\/1735304740_azal-qeza-aktau.jpg","jetpack_sharing_enabled":true,"_links":{"self":[{"href":"https:\/\/basta2.com\/index.php?rest_route=\/wp\/v2\/posts\/24255","targetHints":{"allow":["GET"]}}],"collection":[{"href":"https:\/\/basta2.com\/index.php?rest_route=\/wp\/v2\/posts"}],"about":[{"href":"https:\/\/basta2.com\/index.php?rest_route=\/wp\/v2\/types\/post"}],"author":[{"embeddable":true,"href":"https:\/\/basta2.com\/index.php?rest_route=\/wp\/v2\/users\/1"}],"replies":[{"embeddable":true,"href":"https:\/\/basta2.com\/index.php?rest_route=%2Fwp%2Fv2%2Fcomments&post=24255"}],"version-history":[{"count":1,"href":"https:\/\/basta2.com\/index.php?rest_route=\/wp\/v2\/posts\/24255\/revisions"}],"predecessor-version":[{"id":24256,"href":"https:\/\/basta2.com\/index.php?rest_route=\/wp\/v2\/posts\/24255\/revisions\/24256"}],"wp:featuredmedia":[{"embeddable":true,"href":"https:\/\/basta2.com\/index.php?rest_route=\/wp\/v2\/media\/22474"}],"wp:attachment":[{"href":"https:\/\/basta2.com\/index.php?rest_route=%2Fwp%2Fv2%2Fmedia&parent=24255"}],"wp:term":[{"taxonomy":"category","embeddable":true,"href":"https:\/\/basta2.com\/index.php?rest_route=%2Fwp%2Fv2%2Fcategories&post=24255"},{"taxonomy":"post_tag","embeddable":true,"href":"https:\/\/basta2.com\/index.php?rest_route=%2Fwp%2Fv2%2Ftags&post=24255"}],"curies":[{"name":"wp","href":"https:\/\/api.w.org\/{rel}","templated":true}]}}