{"id":24257,"date":"2025-09-05T15:51:29","date_gmt":"2025-09-05T12:51:29","guid":{"rendered":"https:\/\/basta2.com\/?p=24257"},"modified":"2025-09-05T15:51:29","modified_gmt":"2025-09-05T12:51:29","slug":"abzas-media-isi-prokurorun-bu-iddiasi-etiraz-dogurdu","status":"publish","type":"post","link":"https:\/\/basta2.com\/?p=24257","title":{"rendered":"&#8220;Abzas Media i\u015fi&#8221;: prokurorun bu iddias\u0131 etiraz do\u011furdu"},"content":{"rendered":"<p>&nbsp;<\/p>\n<p><span style=\"font-size: 14pt; font-family: 'times new roman', times, serif;\">Sentyabr\u0131n 5-d\u0259 Bak\u0131 Apellyasiya M\u0259hk\u0259m\u0259sind\u0259 \u201cAbzas Media i\u015fi\u201d \u00fczr\u0259 n\u00f6vb\u0259ti m\u0259hk\u0259m\u0259 prosesi ba\u015f tutub.<\/span><\/p>\n<p><span style=\"font-size: 14pt; font-family: 'times new roman', times, serif;\">Hakim Z\u0259f\u0259r \u018fhm\u0259dovun s\u0259drliyi il\u0259 ke\u00e7iril\u0259n prosesd\u0259 N\u0259rgiz Absalamovan\u0131n v\u0259kili G\u00fcnay \u0130smay\u0131lova \u00e7\u0131x\u0131\u015f edib. O, i\u015f materiallar\u0131nda m\u00fcv\u0259kkilinin t\u0259qsirini s\u00fcbuta yetir\u0259n he\u00e7 bir d\u0259lilin olmad\u0131\u011f\u0131n\u0131 bildirib v\u0259 Absalamova \u00fc\u00e7\u00fcn b\u0259ra\u0259t t\u0259l\u0259b edib.<\/span><\/p>\n<p><span style=\"font-size: 14pt; font-family: 'times new roman', times, serif;\">Daha sonra N\u0259rgiz Absalamova \u00e7\u0131x\u0131\u015f edib. Jurnalist bank hesablar\u0131na qoyulan qada\u011faya toxunaraq bildirib ki, onun i\u00e7ind\u0259 sad\u0259c\u0259 13 q\u0259pik olan bank kart\u0131 da bloklan\u0131b.<\/span><\/p>\n<p><span style=\"font-size: 14pt; font-family: 'times new roman', times, serif;\">\u201c\u0130\u015f materiallar\u0131nda i\u00e7ind\u0259 13 q\u0259pik olan bank kart\u0131m da bloklan\u0131b. M\u0259nim 13 q\u0259piyim\u0259 qal\u0131blar. Dem\u0259k ist\u0259yir\u0259m ki, b\u0259li, biz 13 q\u0259piklik qa\u00e7aqmal\u00e7\u0131lar\u0131q. Arzu edir\u0259m ki, n\u0259 vaxtsa \u0259dal\u0259tl\u0259 q\u0259rar ver\u0259n, h\u00fcququ h\u0259qiq\u0259t\u0259n ali hesab ed\u0259n v\u0259 \u00f6z\u00fcn\u0259 h\u00f6rm\u0259t ed\u0259n hakiml\u0259r m\u0259hk\u0259m\u0259l\u0259ri idar\u0259 ed\u0259r. H\u0259l\u0259lik is\u0259 bu m\u0259hk\u0259m\u0259 oyundan ba\u015fqa bir \u015fey deyil. Siz d\u0259 siz\u0259 tap\u015f\u0131r\u0131lan q\u0259rar\u0131 icra edirsiniz,\u201d &#8211; Absalamova bildirib.<\/span><\/p>\n<p><span style=\"font-size: 14pt; font-family: 'times new roman', times, serif;\">Daha sonra s\u00f6z alan d\u00f6vl\u0259t ittiham\u00e7\u0131s\u0131 \u0130lkin Yusifov bildirib ki, t\u0259qsirl\u0259ndiril\u0259nl\u0259rin v\u0259 onlar\u0131 m\u00fcdafi\u0259 ed\u0259nl\u0259rin iddialar\u0131n\u0131n \u0259ksin\u0259 olaraq h\u0259m ibtidai, h\u0259m d\u0259 m\u0259hk\u0259m\u0259 istintaq\u0131 \u0259dal\u0259tli ara\u015fd\u0131rma apar\u0131b. H\u0259m\u00e7inin \u0259lav\u0259 edib ki, i\u015f \u00fczr\u0259 t\u0259qsirl\u0259ndiril\u0259n M\u0259h\u0259mm\u0259d Kekalov m\u0259hk\u0259m\u0259 istintaq\u0131 zaman\u0131 ibtidai istintaqda verdiyi ifad\u0259l\u0259rd\u0259n imtina ets\u0259 d\u0259, bu, n\u0259z\u0259r\u0259 al\u0131nmamal\u0131d\u0131r. O iddia edib ki, Kekalovun ifad\u0259l\u0259rinin do\u011frulu\u011fu d\u0259lill\u0259rl\u0259 s\u00fcbuta yetirilib. Prokuror birinci instansiya m\u0259hk\u0259m\u0259sinin q\u0259rar\u0131n\u0131n q\u00fcvv\u0259d\u0259 saxlan\u0131lmas\u0131n\u0131 ist\u0259yib.<\/span><\/p>\n<p><span style=\"font-size: 14pt; font-family: 'times new roman', times, serif;\">Bundan sonra s\u00f6z alan \u00dclvi H\u0259s\u0259nlinin v\u0259kili Zibeyd\u0259 Sad\u0131qova d\u00f6vl\u0259t ittiham\u00e7\u0131s\u0131na cavab verib. O bildirib ki, m\u00fcdafi\u0259 etdiyi \u00dclvi H\u0259s\u0259nli v\u0259 dig\u0259r t\u0259qsirl\u0259ndiril\u0259n \u015f\u0259xsl\u0259rl\u0259 ba\u011fl\u0131 h\u0259bs olunduqlar\u0131 g\u00fcnd\u0259n etibar\u0259n verdikl\u0259ri he\u00e7 bir v\u0259sat\u0259t t\u0259min edilm\u0259yib. V\u0259kil sual edib ki, bel\u0259 olan halda hans\u0131 \u0259dal\u0259tli ara\u015fd\u0131rmadan s\u00f6hb\u0259t ged\u0259 bil\u0259r.<\/span><\/p>\n<p><span style=\"font-size: 14pt; font-family: 'times new roman', times, serif;\">Daha sonra dig\u0259r v\u0259kill\u0259r d\u0259 \u00e7\u0131x\u0131\u015f ed\u0259r\u0259k m\u00fcv\u0259kkill\u0259ri \u00fc\u00e7\u00fcn b\u0259ra\u0259t t\u0259l\u0259b edibl\u0259r.<\/span><\/p>\n<p><span style=\"font-size: 14pt; font-family: 'times new roman', times, serif;\">Prosesin sonunda t\u0259qsirl\u0259ndiril\u0259n \u015f\u0259xsl\u0259r\u0259 d\u0259 s\u00f6z verilib. \u201cAbzas Media\u201dn\u0131n ba\u015f redaktoru Sevinc Vaqifq\u0131z\u0131 bildirib ki, m\u0259hk\u0259m\u0259 istintaq\u0131 d\u00f6vr\u00fcnd\u0259 a\u00e7ar hesab edil\u0259 bil\u0259c\u0259k he\u00e7 bir \u015fahid m\u0259hk\u0259m\u0259y\u0259 g\u0259tirilm\u0259yib. Bu da m\u0259hk\u0259m\u0259nin \u0259dal\u0259tli olmad\u0131\u011f\u0131n\u0131 v\u0259 sad\u0259c\u0259 veril\u0259n q\u0259rar\u0131 icra etdiyini bir daha s\u00fcbut edir.<\/span><\/p>\n<p><span style=\"font-size: 14pt; font-family: 'times new roman', times, serif;\">\u201cBiz h\u0259bs edil\u0259nd\u0259n b\u0259ri qar\u015f\u0131la\u015fd\u0131\u011f\u0131m\u0131z h\u00fcquq-m\u00fchafiz\u0259 orqanlar\u0131n\u0131n b\u0259zi \u0259m\u0259kda\u015flar\u0131 deyirl\u0259r ki, \u201cBizi ba\u015fa d\u00fc\u015f\u00fcn\u201d. M\u0259n yax\u015f\u0131 anlay\u0131ram onlar n\u0259yi n\u0259z\u0259rd\u0259 tuturlar. Onlar v\u0259 bu m\u0259hk\u0259m\u0259ni idar\u0259 ed\u0259n siz evinizd\u0259 ail\u0259nizl\u0259 rahat ya\u015fayacaqs\u0131n\u0131z, yax\u015f\u0131 pullar qazanacaqs\u0131n\u0131z v\u0259 biz bunu ba\u015fa d\u00fc\u015fm\u0259liyik? B\u0259s burada pe\u015f\u0259 f\u0259aliyy\u0259tini yerin\u0259 yetirdiyin\u0259 g\u00f6r\u0259 h\u0259bs edil\u0259nl\u0259ri, i\u00e7\u0259rid\u0259 oldu\u011fu m\u00fcdd\u0259td\u0259 \u00f6vlad\u0131 d\u00fcnyaya g\u0259l\u0259ni, \u00f6vlad\u0131n\u0131n n\u00f6vb\u0259ti do\u011fum g\u00fcn\u00fcn\u00fc d\u0259 g\u00f6r\u0259 bilm\u0259y\u0259ni, h\u0259yat yolda\u015f\u0131 il\u0259 evlilikl\u0259rinin 30 illiyini qeyd ed\u0259 bilm\u0259y\u0259nl\u0259ri kim ba\u015fa d\u00fc\u015f\u0259c\u0259k? \u0130ll\u0259rini d\u0259mir barmaql\u0131qlar arxas\u0131nda ke\u00e7irm\u0259li olan bizi kim ba\u015fa d\u00fc\u015f\u0259c\u0259k? Buna g\u00f6r\u0259 kim cavab ver\u0259c\u0259k?\u201d &#8211; Sevinc Vaqifq\u0131z\u0131 \u00e7\u0131x\u0131\u015f\u0131n\u0131 tamamlay\u0131b.<\/span><\/p>\n<p><span style=\"font-size: 14pt; font-family: 'times new roman', times, serif;\">\u0130\u015f \u00fczr\u0259 h\u0259bs edil\u0259n iqtisad\u00e7\u0131 F\u0259rid Mehral\u0131zad\u0259 d\u0259 s\u00f6z alaraq d\u00f6vl\u0259t ittiham\u00e7\u0131s\u0131n\u0131n iddialar\u0131na cavab verib. O deyib ki, M\u0259h\u0259mm\u0259d Kekalovun ifad\u0259l\u0259rind\u0259 onunla ba\u011fl\u0131 he\u00e7 bir \u015fey yoxdur, amma buna baxmayaraq, h\u0259bs edilib.<\/span><\/p>\n<p><span style=\"font-size: 14pt; font-family: 'times new roman', times, serif;\">\u201cNec\u0259 olur ki, M\u0259h\u0259mm\u0259din dig\u0259r 6 n\u0259f\u0259rl\u0259 ba\u011fl\u0131 dedikl\u0259rini do\u011fru q\u0259bul edirsiniz, amma m\u0259niml\u0259 ba\u011fl\u0131 hiss\u0259sind\u0259 yalan\u00e7\u0131 \u00e7\u0131x\u0131r? Ya da m\u0259hk\u0259m\u0259 istintaq\u0131 zaman\u0131 d\u0259v\u0259t etdiyiniz \u015fahidl\u0259rin yar\u0131s\u0131 m\u0259ni tan\u0131mad\u0131\u011f\u0131n\u0131, dig\u0259r yar\u0131s\u0131 is\u0259 iqtisad\u00e7\u0131 kimi mediadan tan\u0131d\u0131\u011f\u0131n\u0131 bildirdi. Niy\u0259 onlar\u0131n m\u0259niml\u0259 ba\u011fl\u0131 ifad\u0259l\u0259ri q\u0259bul edilm\u0259di? \u0130\u015f materiallar\u0131nda m\u0259nim ofisimin \u201cAbzas Media\u201dn\u0131n ofisinin i\u00e7ind\u0259 oldu\u011fu iddia edilib. Biz v\u0259kiliml\u0259 t\u0259l\u0259b etdik ki, anten m\u0259lumatlar\u0131 \u00e7\u0131xar\u0131ls\u0131n, m\u0259nim orada oldu\u011fum s\u00fcbuta yetirilsin. \u00c7\u00fcnki m\u0259n \u201cAbzas Media\u201dn\u0131n ofisinin harada oldu\u011funu bilmir\u0259m v\u0259 bir d\u0259f\u0259 d\u0259 olsun orada olmam\u0131\u015fam. Amma bu v\u0259sat\u0259timiz t\u0259min edilm\u0259di? El\u0259 is\u0259 d\u00f6vl\u0259t ittiham\u00e7\u0131s\u0131 hans\u0131 \u0259dal\u0259tli m\u0259hk\u0259m\u0259 ara\u015fd\u0131rmas\u0131ndan dan\u0131\u015f\u0131r?\u201d &#8211; Mehral\u0131zad\u0259 bildirib.<\/span><\/p>\n<p><span style=\"font-size: 14pt; font-family: 'times new roman', times, serif;\">M\u0259hk\u0259m\u0259 yekun q\u0259rar\u0131n elan\u0131n\u0131 sentyabr\u0131n 9-nad\u0259k t\u0259xir\u0259 sal\u0131b.<\/span><\/p>\n<p><span style=\"font-size: 14pt; font-family: 'times new roman', times, serif;\">2023-c\u00fc il noyabr\u0131ndan etibar\u0259n \u201cAbzas Media\u201dn\u0131n direktoru \u00dclvi H\u0259s\u0259nli, ba\u015f redaktor Sevinc Vaqifq\u0131z\u0131, layih\u0259 koordinatoru M\u0259h\u0259mm\u0259d Kekalov, ara\u015fd\u0131rma\u00e7\u0131 jurnalist Hafiz Babal\u0131, jurnalistl\u0259r Elnar\u0259 Qas\u0131mova, N\u0259rgiz Absalamova v\u0259 \u201cAzadl\u0131q Radiosu\u201dnun \u0259m\u0259kda\u015f\u0131, iqtisad\u00e7\u0131 F\u0259rid Mehral\u0131zad\u0259 h\u0259bs edilibl\u0259r.<\/span><\/p>\n<p><span style=\"font-size: 14pt; font-family: 'times new roman', times, serif;\">Jurnalistl\u0259r qa\u00e7aqmal\u00e7\u0131l\u0131q v\u0259 a\u011f\u0131r maliyy\u0259 cinay\u0259tl\u0259rind\u0259 ittiham edilibl\u0259r. Ancaq h\u0259m onlar, h\u0259m d\u0259 yerli v\u0259 beyn\u0259lxalq h\u00fcquq m\u00fcdafi\u0259\u00e7il\u0259ri bu ittihamlar\u0131 r\u0259dd edib, cinay\u0259t t\u0259qibini jurnalist f\u0259aliyy\u0259tl\u0259ril\u0259 \u0259laq\u0259l\u0259ndiribl\u0259r.<\/span><\/p>\n<p><span style=\"font-size: 14pt; font-family: 'times new roman', times, serif;\">\u0130btidai v\u0259 m\u0259hk\u0259m\u0259 istintaq\u0131 birlikd\u0259 2 il\u0259 yax\u0131n \u00e7\u0259kib.<\/span><\/p>\n<p><span style=\"font-size: 14pt; font-family: 'times new roman', times, serif;\">\u0130yunun 20-d\u0259 Bak\u0131 A\u011f\u0131r Cinay\u0259tl\u0259r M\u0259hk\u0259m\u0259sind\u0259 hakim Rasim Sad\u0131xovun s\u0259drliyil\u0259 ke\u00e7iril\u0259n iclasda \u00dclvi H\u0259s\u0259nli, Sevinc Abbasova (Vaqifq\u0131z\u0131), Hafiz Babal\u0131 v\u0259 F\u0259rid Mehral\u0131zad\u0259 9 il, N\u0259rgiz Absalamova, Elnar\u0259 Qas\u0131mova 8 il, M\u0259h\u0259mm\u0259d Kekalov is\u0259 7 il 6 ay azadl\u0131qdan m\u0259hrum edilibl\u0259r. <\/span><\/p>\n<p><span style=\"font-size: 14pt; font-family: 'times new roman', times, serif;\">AbzasMedia<\/span><\/p>\n","protected":false},"excerpt":{"rendered":"<p>&nbsp; Sentyabr\u0131n 5-d\u0259 Bak\u0131 Apellyasiya M\u0259hk\u0259m\u0259sind\u0259 \u201cAbzas Media i\u015fi\u201d \u00fczr\u0259 n\u00f6vb\u0259ti m\u0259hk\u0259m\u0259 prosesi ba\u015f tutub. Hakim Z\u0259f\u0259r \u018fhm\u0259dovun s\u0259drliyi il\u0259<\/p>\n","protected":false},"author":1,"featured_media":23720,"comment_status":"closed","ping_status":"closed","sticky":false,"template":"","format":"standard","meta":{"_jetpack_memberships_contains_paid_content":false,"footnotes":""},"categories":[30,29],"tags":[],"class_list":["post-24257","post","type-post","status-publish","format-standard","has-post-thumbnail","hentry","category-gundm","category-manset"],"aioseo_notices":[],"jetpack_featured_media_url":"https:\/\/basta2.com\/wp-content\/uploads\/2025\/06\/FB_IMG_1749583305813.jpg","jetpack_sharing_enabled":true,"_links":{"self":[{"href":"https:\/\/basta2.com\/index.php?rest_route=\/wp\/v2\/posts\/24257","targetHints":{"allow":["GET"]}}],"collection":[{"href":"https:\/\/basta2.com\/index.php?rest_route=\/wp\/v2\/posts"}],"about":[{"href":"https:\/\/basta2.com\/index.php?rest_route=\/wp\/v2\/types\/post"}],"author":[{"embeddable":true,"href":"https:\/\/basta2.com\/index.php?rest_route=\/wp\/v2\/users\/1"}],"replies":[{"embeddable":true,"href":"https:\/\/basta2.com\/index.php?rest_route=%2Fwp%2Fv2%2Fcomments&post=24257"}],"version-history":[{"count":1,"href":"https:\/\/basta2.com\/index.php?rest_route=\/wp\/v2\/posts\/24257\/revisions"}],"predecessor-version":[{"id":24259,"href":"https:\/\/basta2.com\/index.php?rest_route=\/wp\/v2\/posts\/24257\/revisions\/24259"}],"wp:featuredmedia":[{"embeddable":true,"href":"https:\/\/basta2.com\/index.php?rest_route=\/wp\/v2\/media\/23720"}],"wp:attachment":[{"href":"https:\/\/basta2.com\/index.php?rest_route=%2Fwp%2Fv2%2Fmedia&parent=24257"}],"wp:term":[{"taxonomy":"category","embeddable":true,"href":"https:\/\/basta2.com\/index.php?rest_route=%2Fwp%2Fv2%2Fcategories&post=24257"},{"taxonomy":"post_tag","embeddable":true,"href":"https:\/\/basta2.com\/index.php?rest_route=%2Fwp%2Fv2%2Ftags&post=24257"}],"curies":[{"name":"wp","href":"https:\/\/api.w.org\/{rel}","templated":true}]}}