{"id":24504,"date":"2025-10-19T08:19:25","date_gmt":"2025-10-19T05:19:25","guid":{"rendered":"https:\/\/basta2.com\/?p=24504"},"modified":"2025-10-19T08:20:53","modified_gmt":"2025-10-19T05:20:53","slug":"q%c9%99rb%c9%99-donus","status":"publish","type":"post","link":"https:\/\/basta2.com\/?p=24504","title":{"rendered":"Q\u0259rb\u0259 d\u00f6n\u00fc\u015f?"},"content":{"rendered":"<p>&nbsp;<\/p>\n<p><strong><span style=\"font-size: 14pt; font-family: 'times new roman', times, serif;\">Oktyabr\u0131n 16-da Az\u0259rbaycan prezidenti \u0130lham \u018fliyev b\u0259zi \u00f6lk\u0259l\u0259rin yeni s\u0259firl\u0259rinin etimadnam\u0259l\u0259rini q\u0259bul edib. Onlar\u0131n aras\u0131nda Avropa \u0130ttifaq\u0131 missiyas\u0131n\u0131n r\u0259hb\u0259ri, el\u0259c\u0259 d\u0259 Fransa v\u0259 Niderland s\u0259firl\u0259rinin olmas\u0131 diqq\u0259ti \u00e7\u0259kir.<\/span><\/strong><\/p>\n<p><span style=\"font-size: 14pt; font-family: 'times new roman', times, serif;\">Son vaxtlara q\u0259d\u0259r Az\u0259rbaycan\u0131n m\u0259hz bu d\u00f6vl\u0259tl\u0259rl\u0259 v\u0259 A\u0130 il\u0259 \u00e7ox g\u0259rgin m\u00fcnasib\u0259tl\u0259ri vard\u0131. Az\u0259rbaycan \u00f6z \u0259razil\u0259rinin azad edilm\u0259si il\u0259 ba\u011fl\u0131 Fransa v\u0259 Niderland\u0131n t\u0259nqidl\u0259rini v\u0259 bu \u00f6lk\u0259l\u0259rin parlamentl\u0259rinin \u00f6lk\u0259nin \u0259razi b\u00fct\u00f6vl\u00fcy\u00fcn\u00fc pozan q\u0259rarlar\u0131n\u0131 haql\u0131 olaraq r\u0259dd edirdi.<\/span><\/p>\n<p><span style=\"font-size: 14pt; font-family: 'times new roman', times, serif;\">Ox\u015far q\u0259rarlar Avropa Parlamentind\u0259 d\u0259 q\u0259bul edilmi\u015fdi. Bak\u0131da da Erm\u0259nistan- Az\u0259rbaycan s\u0259rh\u0259dind\u0259 A\u0130 m\u00fc\u015fahid\u0259\u00e7il\u0259rinin say\u0131n\u0131n artmas\u0131ndan q\u0131c\u0131qlan\u0131rd\u0131lar. B\u0259z\u0259n Bak\u0131n\u0131n Q\u0259rbin t\u0259nqidl\u0259rin\u0259 reaksiyas\u0131 &#8220;qeyri-proporsional&#8221; \u015f\u0259kild\u0259 s\u0259rt olurdu. Lakin avqustun 8-d\u0259 Va\u015finqtonda Donald Tramp\u0131n i\u015ftirak\u0131yla Az\u0259rbaycan v\u0259 Erm\u0259nistan aras\u0131nda s\u00fclh m\u00fcqavil\u0259sinin paraflanmas\u0131 Avropa paytaxlar\u0131nda \u0259hval- ruhiyy\u0259ni y\u00fcks\u0259ltdi. Bununla \u0259laq\u0259dar Avropa Siyasi Birliyinin sammiti \u00e7\u0259r\u00e7iv\u0259sind\u0259 Kopenhagend\u0259 prezident \u018fliyevin fransal\u0131 h\u0259mkar\u0131 Emmanuel Makron v\u0259 Niderland\u0131n ba\u015f naziri Dik Sxof il\u0259 s\u0259mimi g\u00f6r\u00fc\u015f\u00fc diqq\u0259ti \u00e7\u0259kdi.<\/span><\/p>\n<p><span style=\"font-size: 14pt; font-family: 'times new roman', times, serif;\">Bak\u0131n\u0131n A\u0130 il\u0259 m\u00fcnasib\u0259tl\u0259ri daha \u0259vv\u0259l, bu ilin aprelind\u0259 A\u0130-nin ali n\u00fcmay\u0259nd\u0259si Kai Kallas\u0131n Az\u0259rbaycana s\u0259f\u0259rind\u0259n sonra yoluna d\u00fc\u015fm\u0259y\u0259 ba\u015flam\u0131\u015fd\u0131. \u018fliyevin A\u0130, Fransa v\u0259 Niderland\u0131n yeni s\u0259firl\u0259ril\u0259 g\u00f6r\u00fc\u015fl\u0259rinin \u0259lveri\u015fli fonu v\u0259 m\u0259zmunu Bak\u0131n\u0131n bu d\u00f6vl\u0259tl\u0259rl\u0259 v\u0259 Avropa Komissiyas\u0131 il\u0259 m\u00fcnasib\u0259tl\u0259rinin yenid\u0259n qurulaca\u011f\u0131n\u0131 g\u00fcman etm\u0259y\u0259 \u0259sas verir.<\/span><\/p>\n<p><span style=\"font-size: 14pt; font-family: 'times new roman', times, serif;\">Bununla \u0259laq\u0259dar \u018fliyevin Fransa s\u0259firi Sofi Laqut il\u0259 s\u00f6hb\u0259tini qeyd etm\u0259k laz\u0131md\u0131r. Kopenhagend\u0259 Fransa prezidenti il\u0259 s\u00f6hb\u0259tini xat\u0131rladan \u018fliyev deyib ki, \u201ciki \u00f6lk\u0259 aras\u0131nda anla\u015f\u0131lmazl\u0131\u011fa s\u0259b\u0259b olan m\u0259s\u0259l\u0259l\u0259r bu g\u00f6r\u00fc\u015fd\u0259n sonra ke\u00e7mi\u015fd\u0259 qal\u0131b&#8221;. &#8220;\u0130kit\u0259r\u0259fli g\u00fcnd\u0259md\u0259 yeni d\u00f6vr\u00fcn ba\u015fland\u0131\u011f\u0131n\u0131&#8221; qeyd ed\u0259n \u018fliyev \u015f\u0259xsiyy\u0259tl\u0259raras\u0131 v\u0259 i\u015fg\u00fczar \u0259laq\u0259l\u0259rin, m\u0259d\u0259ni v\u0259 humanitar sah\u0259l\u0259rd\u0259 \u0259m\u0259kda\u015fl\u0131\u011f\u0131n b\u0259rpas\u0131n\u0131n v\u0259 inki\u015faf\u0131n\u0131n vacibliyini qeyd edib.<\/span><\/p>\n<p><span style=\"font-size: 14pt; font-family: 'times new roman', times, serif;\">\u00d6z n\u00f6vb\u0259sind\u0259 s\u0259fir qeyd edib ki, Az\u0259rbaycan v\u0259 Fransa m\u00fcnasib\u0259tl\u0259rind\u0259 &#8220;yeni s\u0259hif\u0259 a\u00e7\u0131l\u0131b&#8221;. O deyib ki, ikit\u0259r\u0259fli \u0259laq\u0259l\u0259rin inki\u015faf\u0131 \u00fc\u00e7\u00fcn s\u0259y g\u00f6st\u0259r\u0259c\u0259k. Niderland s\u0259firi Marian de Yonq il\u0259 g\u00f6r\u00fc\u015fd\u0259 \u018fliyev &#8220;iki \u00f6lk\u0259 aras\u0131nda \u0259m\u0259kda\u015fl\u0131q \u00fc\u00e7\u00fcn yax\u015f\u0131 perspektivl\u0259rin oldu\u011funu&#8221; qeyd edib. Kopenhagend\u0259 Niderland\u0131n ba\u015f katibi Dik Sxof il\u0259 g\u00f6r\u00fc\u015f\u00fcn\u00fc xat\u0131rladan \u018fliyev vur\u011fulay\u0131b ki, &#8220;bir \u00e7ox sah\u0259d\u0259 \u0259m\u0259kda\u015fl\u0131\u011f\u0131n m\u00f6hk\u0259ml\u0259ndirilm\u0259si \u00fc\u00e7\u00fcn raz\u0131l\u0131q \u0259ld\u0259 olunub&#8221;. Bu fonda Fransan\u0131n &#8220;xarici \u0259razil\u0259rind\u0259ki&#8221; v\u0259 Niderland\u0131n &#8220;as\u0131l\u0131 \u0259razil\u0259rind\u0259ki&#8221; xalqlar\u0131n h\u00fcquqlar\u0131n\u0131n m\u00fcdafi\u0259sind\u0259 Bak\u0131n\u0131n o q\u0259d\u0259r d\u0259 f\u0259al olmayaca\u011f\u0131n\u0131 g\u00f6zl\u0259m\u0259k olar.<\/span><\/p>\n<p><span style=\"font-size: 14pt; font-family: 'times new roman', times, serif;\">A\u0130 n\u00fcmay\u0259nd\u0259liyinin yeni r\u0259hb\u0259ri s\u0259fir Marianna Kuyunci\u00e7 il\u0259 g\u00f6r\u00fc\u015fd\u0259 \u018fliyev A\u0130- nin \u00fc\u00e7 komissar\u0131n\u0131n Bak\u0131ya s\u0259f\u0259rl\u0259rini xat\u0131rladaraq &#8220;Az\u0259rbaycan v\u0259 Avropa \u0130ttifaq\u0131 aras\u0131nda m\u00fcnasib\u0259tl\u0259rin n\u0259z\u0259r\u0259 \u00e7arpan dinamikas\u0131n\u0131&#8221; m\u0259mnuniyy\u0259tl\u0259 qeyd edib.<\/span><\/p>\n<p><span style=\"font-size: 14pt; font-family: 'times new roman', times, serif;\">Bundan \u0259lav\u0259, Az\u0259rbaycan B\u00f6y\u00fck Britaniya il\u0259 strateji t\u0259r\u0259fda\u015fl\u0131\u011fa nail olub. Bu, Britaniyan\u0131n d\u00f6vl\u0259t naziri Stivet Dautinin Az\u0259rbaycana son s\u0259f\u0259rid\u0259n sonra ba\u015f verib.<\/span><\/p>\n<p><span style=\"font-size: 14pt; font-family: 'times new roman', times, serif;\">Bel\u0259likl\u0259, Donald Tramp\u0131n AB\u015e-da hakimiyy\u0259t\u0259 g\u0259li\u015find\u0259n v\u0259 Avropa Komissiyas\u0131n\u0131n yeni t\u0259rkibinin formala\u015fmas\u0131ndan sonra Bak\u0131 Q\u0259rb il\u0259 m\u00fcnasib\u0259tl\u0259ri yenid\u0259n qurma\u011f\u0131 bacard\u0131. Eyni zamanda, Bak\u0131 m\u00fcnasib\u0259tl\u0259rin yenid\u0259n formala\u015fmas\u0131n\u0131n Az\u0259rbaycan\u0131n \u015f\u0259rtl\u0259ri \u0259sas\u0131nda ba\u015f verdiyini gizl\u0259tmir.<\/span><\/p>\n<p><span style=\"font-size: 14pt; font-family: 'times new roman', times, serif;\">Bak\u0131 Az\u0259rbaycanda insan h\u00fcquqlar\u0131n\u0131n pozulmas\u0131 il\u0259 ba\u011fl\u0131 Q\u0259rbin t\u0259nqidind\u0259n q\u0131c\u0131qland\u0131\u011f\u0131n\u0131 gizl\u0259tm\u0259yib v\u0259 bunu daxili i\u015fl\u0259r\u0259 m\u00fcdaxil\u0259 adland\u0131r\u0131b. Haz\u0131rda Az\u0259rbaycana m\u00fcnasib\u0259td\u0259 &amp;quot;demokratiya&amp;quot; v\u0259 &#8220;insan h\u00fcquqlar\u0131&#8221; anlay\u0131\u015flar\u0131 Q\u0259rb diplomatlar\u0131n\u0131n ritorikas\u0131ndan \u00e7\u0131x\u0131b.<\/span><\/p>\n<p><span style=\"font-size: 14pt; font-family: 'times new roman', times, serif;\">Avropada daxili probleml\u0259rl\u0259 m\u0259\u015f\u011ful olma\u011f\u0131 t\u0259l\u0259b ed\u0259n ultrasa\u011f q\u00fcvv\u0259l\u0259rin m\u00f6hk\u0259ml\u0259nm\u0259si fonunda Q\u0259rb paytaxtlar\u0131nda praqmatizm\u0259 \u0259saslanaraq t\u0259r\u0259fda\u015flarla getdikc\u0259 daha \u00e7ox m\u00fcnasib\u0259t qurulur.<\/span><\/p>\n<p><span style=\"font-size: 14pt; font-family: 'times new roman', times, serif;\">Az\u0259rbaycan \u00fcmid edir ki, neft, qaz v\u0259 perspektivd\u0259 &#8220;ya\u015f\u0131l enerji&#8221; Avropa \u00fc\u00e7\u00fcn \u0259sas prioritetl\u0259r ola bil\u0259r. Bak\u0131 hesab edir ki, Q\u0259rb korporasiyalar\u0131n\u0131n \u00f6d\u0259ni\u015f qabiliyy\u0259tli al\u0131c\u0131s\u0131 olaraq s\u0259rf\u0259li ticar\u0259t t\u0259r\u0259fda\u015f\u0131 kimi c\u0259lbediciliyini saxlay\u0131r.<\/span><\/p>\n<p><span style=\"font-size: 14pt; font-family: 'times new roman', times, serif;\">Bundan \u0259lav\u0259, Rusiyadan yan ke\u00e7m\u0259kl\u0259 &#8220;Orta d\u0259hliz&#8221; qlobal n\u0259qliyyat layih\u0259si Bak\u0131ya Avropa v\u0259 Asiya aras\u0131nda \u0259sas logistika m\u0259rk\u0259zi olma\u011fa imkan verir. \u018flb\u0259tt\u0259 ki, Q\u0259rb, x\u00fcsus\u0259n d\u0259 Avropa institutlar\u0131 v\u0259 t\u0259\u015fkilatlar\u0131 \u00f6z simalar\u0131n\u0131 qoruma\u011fa \u00e7al\u0131\u015facaqlar, Avropa \u015euras\u0131 v\u0259 AT\u018fT qar\u015f\u0131s\u0131ndak\u0131 beyn\u0259lxalq \u00f6hd\u0259likl\u0259rin yerin\u0259 yetirilm\u0259sinin vacibliyini n\u0259zak\u0259tl\u0259 Bak\u0131ya xat\u0131rladacaqlar.<\/span><\/p>\n<p><span style=\"font-size: 14pt; font-family: 'times new roman', times, serif;\">&#8220;Sakit diplomatiya&#8221; \u00e7\u0259r\u00e7iv\u0259sind\u0259 Bak\u0131, ehtimal ki, b\u0259zi add\u0131mlar atacaq: m\u0259s\u0259l\u0259n, siyasi m\u0259hbuslar\u0131n bir hiss\u0259sinin azad edilm\u0259si, \u00f6lk\u0259 n\u00fcmay\u0259nd\u0259 hey\u0259tinin A\u015ePA- ya qaytar\u0131lmas\u0131, Avropa \u0130nsan H\u00fcquqlar\u0131 M\u0259hk\u0259m\u0259sinin q\u0259rarlar\u0131n\u0131n icras\u0131n\u0131n b\u0259rpas\u0131, \u0259sas\u0259n kompensasiyalar\u0131n \u00f6d\u0259nilm\u0259si.<\/span><\/p>\n<p><span style=\"font-size: 14pt; font-family: 'times new roman', times, serif;\">Lakin, g\u00f6r\u00fcn\u00fcr, m\u00fcmk\u00fcn sosial naraz\u0131l\u0131qlar\u0131n qar\u015f\u0131s\u0131n\u0131n al\u0131nmas\u0131 \u00fc\u00e7\u00fcn d\u00f6vl\u0259tin kifay\u0259t q\u0259d\u0259r resurslar\u0131 oldu\u011fu m\u00fcdd\u0259td\u0259 \u00f6lk\u0259nin siyasi sistemi m\u00fch\u00fcm d\u0259yi\u015fiklikl\u0259r\u0259 m\u0259ruz qalmayacaq.<\/span><\/p>\n<p><strong><span style=\"font-size: 14pt; font-family: 'times new roman', times, serif;\">F\u0259rid Q\u0259hr\u0259manov<\/span><\/strong><\/p>\n<p><strong><span style=\"font-size: 14pt; font-family: 'times new roman', times, serif;\">Turan<\/span><\/strong><\/p>\n","protected":false},"excerpt":{"rendered":"<p>&nbsp; Oktyabr\u0131n 16-da Az\u0259rbaycan prezidenti \u0130lham \u018fliyev b\u0259zi \u00f6lk\u0259l\u0259rin yeni s\u0259firl\u0259rinin etimadnam\u0259l\u0259rini q\u0259bul edib. Onlar\u0131n aras\u0131nda Avropa \u0130ttifaq\u0131 missiyas\u0131n\u0131n r\u0259hb\u0259ri,<\/p>\n","protected":false},"author":1,"featured_media":24507,"comment_status":"closed","ping_status":"closed","sticky":false,"template":"","format":"standard","meta":{"_jetpack_memberships_contains_paid_content":false,"footnotes":""},"categories":[29,36],"tags":[],"class_list":["post-24504","post","type-post","status-publish","format-standard","has-post-thumbnail","hentry","category-manset","category-siyast"],"aioseo_notices":[],"jetpack_featured_media_url":"https:\/\/basta2.com\/wp-content\/uploads\/2025\/10\/IMG_20251019_092005.jpg","jetpack_sharing_enabled":true,"_links":{"self":[{"href":"https:\/\/basta2.com\/index.php?rest_route=\/wp\/v2\/posts\/24504","targetHints":{"allow":["GET"]}}],"collection":[{"href":"https:\/\/basta2.com\/index.php?rest_route=\/wp\/v2\/posts"}],"about":[{"href":"https:\/\/basta2.com\/index.php?rest_route=\/wp\/v2\/types\/post"}],"author":[{"embeddable":true,"href":"https:\/\/basta2.com\/index.php?rest_route=\/wp\/v2\/users\/1"}],"replies":[{"embeddable":true,"href":"https:\/\/basta2.com\/index.php?rest_route=%2Fwp%2Fv2%2Fcomments&post=24504"}],"version-history":[{"count":2,"href":"https:\/\/basta2.com\/index.php?rest_route=\/wp\/v2\/posts\/24504\/revisions"}],"predecessor-version":[{"id":24508,"href":"https:\/\/basta2.com\/index.php?rest_route=\/wp\/v2\/posts\/24504\/revisions\/24508"}],"wp:featuredmedia":[{"embeddable":true,"href":"https:\/\/basta2.com\/index.php?rest_route=\/wp\/v2\/media\/24507"}],"wp:attachment":[{"href":"https:\/\/basta2.com\/index.php?rest_route=%2Fwp%2Fv2%2Fmedia&parent=24504"}],"wp:term":[{"taxonomy":"category","embeddable":true,"href":"https:\/\/basta2.com\/index.php?rest_route=%2Fwp%2Fv2%2Fcategories&post=24504"},{"taxonomy":"post_tag","embeddable":true,"href":"https:\/\/basta2.com\/index.php?rest_route=%2Fwp%2Fv2%2Ftags&post=24504"}],"curies":[{"name":"wp","href":"https:\/\/api.w.org\/{rel}","templated":true}]}}