{"id":24548,"date":"2025-10-24T13:17:20","date_gmt":"2025-10-24T10:17:20","guid":{"rendered":"https:\/\/basta2.com\/?p=24548"},"modified":"2025-10-24T13:21:53","modified_gmt":"2025-10-24T10:21:53","slug":"bil%c9%99suvar-musavatcilari-h%c9%99bsd%c9%99-qaldi","status":"publish","type":"post","link":"https:\/\/basta2.com\/?p=24548","title":{"rendered":"Bil\u0259suvar m\u00fcsavat\u00e7\u0131lar\u0131 h\u0259bsd\u0259 qald\u0131"},"content":{"rendered":"<p><span style=\"font-family: 'times new roman', times, serif; font-size: 14pt;\"><strong>Oktyabr\u0131n 23-d\u0259 \u015eirvan Apelyasiya M\u0259hk\u0259m\u0259sind\u0259 M\u00fcsavat Partiyas\u0131n\u0131n M\u0259clis \u00fczvl\u0259ri \u018fl\u0259ddin \u018fl\u0259sg\u0259rli, Qo\u015fqar Nural\u0131 v\u0259 partiya f\u0259al\u0131 Cabir V\u0259liyevin i\u015fi \u00fczr\u0259 apelyasiya \u015fikay\u0259tin\u0259 bax\u0131l\u0131b. <\/strong><\/span><\/p>\n<p><span style=\"font-family: 'times new roman', times, serif; font-size: 14pt;\">M\u0259hk\u0259m\u0259 \u015fikay\u0259ti qism\u0259n t\u0259min ed\u0259r\u0259k \u018fl\u0259ddin \u018fl\u0259sg\u0259rli v\u0259 Cabir V\u0259liyevin c\u0259za m\u00fcdd\u0259tini 3 ay azaltsa da, h\u0259r \u00fc\u00e7 m\u00fcsavat\u00e7\u0131n\u0131 h\u0259bsd\u0259 saxlay\u0131b.<\/span><\/p>\n<p><span style=\"font-family: 'times new roman', times, serif; font-size: 14pt;\">Bu haqda m\u0259lumat ver\u0259n v\u0259kil <strong>Nem\u0259t K\u0259rimli<\/strong> h\u00f6km\u00fcn \u0259sass\u0131z oldu\u011funu v\u0259 siyasi sifari\u015fl\u0259 \u00e7\u0131xar\u0131ld\u0131\u011f\u0131n\u0131 bildirib. V\u0259kil qeyd edib ki, ittiham s\u00fcbuta yetmi\u015f olsa bel\u0259 t\u0259qsirl\u0259ndiril\u0259n \u015f\u0259xsl\u0259r bar\u0259d\u0259 maksimum inzibati h\u0259bs q\u0259rar\u0131 veril\u0259 bil\u0259rdi. Lakin m\u0259hk\u0259m\u0259 t\u0259r\u0259fl\u0259r aras\u0131nda bar\u0131\u015f\u0131q olmas\u0131na baxmayaraq apelyasiya \u015fikay\u0259tini t\u0259min etm\u0259yib v\u0259 iki n\u0259f\u0259rin bar\u0259sind\u0259 h\u0259bs m\u00fcdd\u0259tini 3 ay azaltmaqla kifay\u0259tl\u0259nib.<\/span><\/p>\n<p><span style=\"font-family: 'times new roman', times, serif; font-size: 14pt;\">Qeyd ed\u0259k ki, Bil\u0259suvar Rayon M\u0259hk\u0259m\u0259si iyunun 11-d\u0259 siyasi ayr\u0131-se\u00e7kilik n\u00fcmayi\u015f etdir\u0259r\u0259k m\u0259hz m\u00fcsavat\u00e7\u0131 olduqlar\u0131na g\u00f6r\u0259 \u018fl\u0259ddin \u018fl\u0259sg\u0259rli v\u0259 Cabir V\u0259liyevin 2 il 3 ay, Qo\u015fqar Nural\u0131n\u0131n 2 il m\u00fcdd\u0259tin\u0259 azadl\u0131qdan m\u0259hrum edilm\u0259si bar\u0259d\u0259 h\u00f6km verib. Onlar AR Cinay\u0259t M\u0259c\u0259ll\u0259sinin 221.2.1 (bir qrup \u015f\u0259xs t\u0259r\u0259find\u0259n t\u00f6r\u0259dil\u0259n xuliqanl\u0131q) madd\u0259si il\u0259 t\u0259qsirli bilinibl\u0259r.<\/span><\/p>\n<p><span style=\"font-family: 'times new roman', times, serif; font-size: 14pt;\">Cinay\u0259t i\u015finin qald\u0131r\u0131lmas\u0131n\u0131n s\u0259b\u0259bi M\u00fcsavat Partiyas\u0131 Bil\u0259suvar rayon t\u0259\u015fkilat\u0131n\u0131n 31 dekabr 2024-c\u00fc il tarixd\u0259 rayon \u0259razisind\u0259ki ictimai ia\u015f\u0259 obyektl\u0259rind\u0259n birind\u0259 D\u00fcnya Az\u0259rbaycanlar\u0131n\u0131n H\u0259mr\u0259ylik G\u00fcn\u00fc v\u0259 Yeni \u0130l il\u0259 ba\u011fl\u0131 bayram t\u0259dbiri ke\u00e7irm\u0259sind\u0259n sonra ba\u015f ver\u0259n insidentdir. M\u00fcsavat Partiyas\u0131 Bil\u0259suvar t\u0259\u015fkilat\u0131n\u0131n f\u0259all\u0131\u011f\u0131n\u0131\u00a0 sinir\u0259 bilm\u0259y\u0259n yerli hakimiyy\u0259t orqanlar\u0131n\u0131n sifari\u015fi il\u0259 h\u0259min g\u00fcn partiya f\u0259allar\u0131na qar\u015f\u0131 t\u0259xribat t\u0259\u015fkil edilmi\u015f, onlara qar\u015f\u0131 cinay\u0259t i\u015fi qald\u0131r\u0131lm\u0131\u015fd\u0131. T\u0259xribat zaman\u0131 \u018fl\u0259ddin \u018fl\u0259sg\u0259rliy\u0259 x\u0259sar\u0259t yetirildiyi r\u0259smi tibbi ekspertiza t\u0259r\u0259find\u0259n t\u0259sdiq edils\u0259 d\u0259, m\u0259hk\u0259m\u0259, t\u0259xribat\u00e7\u0131n\u0131 c\u0259rim\u0259l\u0259m\u0259kl\u0259 kifay\u0259tl\u0259nmi\u015f, m\u00fcsavat\u00e7\u0131lar\u0131n bar\u0259sind\u0259 is\u0259 he\u00e7 bir \u0259sas olmadan azadl\u0131qdan m\u0259hrum olunmalar\u0131 bar\u0259d\u0259 sifari\u015fli h\u00f6km \u00e7\u0131xarm\u0131\u015fd\u0131r.<\/span><\/p>\n<p><span style=\"font-family: 'times new roman', times, serif; font-size: 14pt;\"><strong>M\u00fcsavat Partiyas\u0131 bu h\u00f6km\u00fc Az\u0259rbaycanda repressiyalar\u0131n davam\u0131 kimi qiym\u0259tl\u0259ndirir, \u018fl\u0259ddin \u018fl\u0259sg\u0259rli, Cabir V\u0259liyev v\u0259 Qo\u015fqar Nural\u0131n\u0131n d\u0259rhal azadl\u0131\u011fa burax\u0131lmas\u0131n\u0131 t\u0259l\u0259b edir.<\/strong><\/span><\/p>\n","protected":false},"excerpt":{"rendered":"<p>Oktyabr\u0131n 23-d\u0259 \u015eirvan Apelyasiya M\u0259hk\u0259m\u0259sind\u0259 M\u00fcsavat Partiyas\u0131n\u0131n M\u0259clis \u00fczvl\u0259ri \u018fl\u0259ddin \u018fl\u0259sg\u0259rli, Qo\u015fqar Nural\u0131 v\u0259 partiya f\u0259al\u0131 Cabir V\u0259liyevin i\u015fi \u00fczr\u0259<\/p>\n","protected":false},"author":1,"featured_media":24549,"comment_status":"closed","ping_status":"closed","sticky":false,"template":"","format":"standard","meta":{"_jetpack_memberships_contains_paid_content":false,"footnotes":""},"categories":[30,29],"tags":[],"class_list":["post-24548","post","type-post","status-publish","format-standard","has-post-thumbnail","hentry","category-gundm","category-manset"],"aioseo_notices":[],"jetpack_featured_media_url":"https:\/\/basta2.com\/wp-content\/uploads\/2025\/10\/IMG_20251024_141458.jpg","jetpack_sharing_enabled":true,"_links":{"self":[{"href":"https:\/\/basta2.com\/index.php?rest_route=\/wp\/v2\/posts\/24548","targetHints":{"allow":["GET"]}}],"collection":[{"href":"https:\/\/basta2.com\/index.php?rest_route=\/wp\/v2\/posts"}],"about":[{"href":"https:\/\/basta2.com\/index.php?rest_route=\/wp\/v2\/types\/post"}],"author":[{"embeddable":true,"href":"https:\/\/basta2.com\/index.php?rest_route=\/wp\/v2\/users\/1"}],"replies":[{"embeddable":true,"href":"https:\/\/basta2.com\/index.php?rest_route=%2Fwp%2Fv2%2Fcomments&post=24548"}],"version-history":[{"count":3,"href":"https:\/\/basta2.com\/index.php?rest_route=\/wp\/v2\/posts\/24548\/revisions"}],"predecessor-version":[{"id":24552,"href":"https:\/\/basta2.com\/index.php?rest_route=\/wp\/v2\/posts\/24548\/revisions\/24552"}],"wp:featuredmedia":[{"embeddable":true,"href":"https:\/\/basta2.com\/index.php?rest_route=\/wp\/v2\/media\/24549"}],"wp:attachment":[{"href":"https:\/\/basta2.com\/index.php?rest_route=%2Fwp%2Fv2%2Fmedia&parent=24548"}],"wp:term":[{"taxonomy":"category","embeddable":true,"href":"https:\/\/basta2.com\/index.php?rest_route=%2Fwp%2Fv2%2Fcategories&post=24548"},{"taxonomy":"post_tag","embeddable":true,"href":"https:\/\/basta2.com\/index.php?rest_route=%2Fwp%2Fv2%2Ftags&post=24548"}],"curies":[{"name":"wp","href":"https:\/\/api.w.org\/{rel}","templated":true}]}}