{"id":24553,"date":"2025-10-24T15:37:17","date_gmt":"2025-10-24T12:37:17","guid":{"rendered":"https:\/\/basta2.com\/?p=24553"},"modified":"2025-10-24T15:37:17","modified_gmt":"2025-10-24T12:37:17","slug":"arif-hacili-brussel%c9%99-beyn%c9%99lxalq-t%c9%99dbir%c9%99-gedib","status":"publish","type":"post","link":"https:\/\/basta2.com\/?p=24553","title":{"rendered":"Arif Hac\u0131l\u0131 Br\u00fcssel\u0259 beyn\u0259lxalq t\u0259dbir\u0259 gedib"},"content":{"rendered":"<p>Oktyabr\u0131n 24-d\u0259 M\u00fcsavat Partiyas\u0131 M\u0259clisinin s\u0259dri Arif Hac\u0131l\u0131 d\u0259v\u0259t ald\u0131\u011f\u0131 beyn\u0259lxalq t\u0259dbird\u0259 i\u015ftirak etm\u0259k \u00fc\u00e7\u00fcn Bel\u00e7ikan\u0131n paytaxt\u0131 v\u0259 Avropa \u0130ttifaq\u0131n\u0131n m\u0259rk\u0259zi say\u0131lan Br\u00fcssel \u015f\u0259h\u0259rin\u0259 yola d\u00fc\u015f\u00fcb.<\/p>\n<p>Bu haqda M\u00fcsavat Partiyas\u0131ndan m\u0259lumat verilib.<\/p>\n","protected":false},"excerpt":{"rendered":"<p>Oktyabr\u0131n 24-d\u0259 M\u00fcsavat Partiyas\u0131 M\u0259clisinin s\u0259dri Arif Hac\u0131l\u0131 d\u0259v\u0259t ald\u0131\u011f\u0131 beyn\u0259lxalq t\u0259dbird\u0259 i\u015ftirak etm\u0259k \u00fc\u00e7\u00fcn Bel\u00e7ikan\u0131n paytaxt\u0131 v\u0259 Avropa \u0130ttifaq\u0131n\u0131n<\/p>\n","protected":false},"author":1,"featured_media":24554,"comment_status":"closed","ping_status":"closed","sticky":false,"template":"","format":"standard","meta":{"_jetpack_memberships_contains_paid_content":false,"footnotes":""},"categories":[29,36],"tags":[],"class_list":["post-24553","post","type-post","status-publish","format-standard","has-post-thumbnail","hentry","category-manset","category-siyast"],"aioseo_notices":[],"jetpack_featured_media_url":"https:\/\/basta2.com\/wp-content\/uploads\/2025\/10\/arifhacili.jpg","jetpack_sharing_enabled":true,"_links":{"self":[{"href":"https:\/\/basta2.com\/index.php?rest_route=\/wp\/v2\/posts\/24553","targetHints":{"allow":["GET"]}}],"collection":[{"href":"https:\/\/basta2.com\/index.php?rest_route=\/wp\/v2\/posts"}],"about":[{"href":"https:\/\/basta2.com\/index.php?rest_route=\/wp\/v2\/types\/post"}],"author":[{"embeddable":true,"href":"https:\/\/basta2.com\/index.php?rest_route=\/wp\/v2\/users\/1"}],"replies":[{"embeddable":true,"href":"https:\/\/basta2.com\/index.php?rest_route=%2Fwp%2Fv2%2Fcomments&post=24553"}],"version-history":[{"count":1,"href":"https:\/\/basta2.com\/index.php?rest_route=\/wp\/v2\/posts\/24553\/revisions"}],"predecessor-version":[{"id":24555,"href":"https:\/\/basta2.com\/index.php?rest_route=\/wp\/v2\/posts\/24553\/revisions\/24555"}],"wp:featuredmedia":[{"embeddable":true,"href":"https:\/\/basta2.com\/index.php?rest_route=\/wp\/v2\/media\/24554"}],"wp:attachment":[{"href":"https:\/\/basta2.com\/index.php?rest_route=%2Fwp%2Fv2%2Fmedia&parent=24553"}],"wp:term":[{"taxonomy":"category","embeddable":true,"href":"https:\/\/basta2.com\/index.php?rest_route=%2Fwp%2Fv2%2Fcategories&post=24553"},{"taxonomy":"post_tag","embeddable":true,"href":"https:\/\/basta2.com\/index.php?rest_route=%2Fwp%2Fv2%2Ftags&post=24553"}],"curies":[{"name":"wp","href":"https:\/\/api.w.org\/{rel}","templated":true}]}}