{"id":24593,"date":"2025-10-27T16:40:24","date_gmt":"2025-10-27T13:40:24","guid":{"rendered":"https:\/\/basta2.com\/?p=24593"},"modified":"2025-10-27T16:41:12","modified_gmt":"2025-10-27T13:41:12","slug":"ehalinin-sosial-durumunu-agirlasdiran-addimlara-son-qoyun-musavatdan-cagiris","status":"publish","type":"post","link":"https:\/\/basta2.com\/?p=24593","title":{"rendered":"\u018fhalinin sosial durumunu a\u011f\u0131rla\u015fd\u0131ran add\u0131mlara son qoyun &#8211; M\u00fcsavatdan \u00e7a\u011f\u0131r\u0131\u015f"},"content":{"rendered":"<p><strong><span style=\"font-size: 14pt; font-family: 'times new roman', times, serif;\">Oktyabr\u0131n 27-d\u0259 M\u00fcsavat Partiyas\u0131 Divan\u0131n\u0131n n\u00f6vb\u0259ti iclas\u0131 ke\u00e7irilib. \u0130clasda \u0259vv\u0259lc\u0259 g\u00f6r\u00fcl\u0259n i\u015fl\u0259r v\u0259 rayon t\u0259\u015fkilatlar\u0131\u0131n\u0131n toplant\u0131lar\u0131 bar\u0259d\u0259 m\u0259lumat dinl\u0259nilib.<\/span><\/strong><\/p>\n<p><span style=\"font-size: 14pt; font-family: 'times new roman', times, serif;\">M\u00fcsavat M\u0259clisinin s\u0259dri <strong>Arif Hac\u0131l\u0131<\/strong> Br\u00fcssel\u0259 r\u0259smi s\u0259f\u0259ri, Avropa Liberal Demokrat \u0130ttifaq\u0131n\u0131n (ALDE) qurultay\u0131nda i\u015ftirak\u0131 v\u0259 ke\u00e7irdiyi g\u00f6r\u00fc\u015fl\u0259r bar\u0259d\u0259 m\u0259lumat verib. O, qurultayda v\u0259 ke\u00e7irdiyi g\u00f6r\u00fc\u015fl\u0259rd\u0259 Az\u0259rbaycan\u0131n v\u0259 demokratik d\u00fc\u015f\u0259rg\u0259nin maraqlar\u0131n\u0131 t\u0259msil etdiyini bildirib.<\/span><\/p>\n<p><span style=\"font-size: 14pt; font-family: 'times new roman', times, serif;\">Daha sonra \u00f6lk\u0259d\u0259ki ictimai-siyasi prosesl\u0259r m\u00fczakir\u0259 edilib.<\/span><\/p>\n<p><span style=\"font-size: 14pt; font-family: 'times new roman', times, serif;\">Divan \u00fczv\u00fc <strong>F\u0259rid\u0259 \u018fl\u0259sg\u0259rli<\/strong> siyasi m\u0259hbus <strong>Az\u0259r Qas\u0131ml\u0131n\u0131n<\/strong> m\u0259hk\u0259m\u0259 prosesi bar\u0259d\u0259 m\u0259lumat verib. Divan \u00fczv\u00fc <strong>Mirbaba Babayev<\/strong> &#8220;Toplum TV&#8221; i\u015fi \u00fczr\u0259 m\u0259hk\u0259m\u0259 prosesi bar\u0259d\u0259 m\u0259lumat verib.<\/span><\/p>\n<p><span style=\"font-size: 14pt; font-family: 'times new roman', times, serif;\">Oktyabr\u0131n 23-d\u0259 \u015eirvan Apelyasiya M\u0259hk\u0259m\u0259sind\u0259 M\u00fcsavat Partiyas\u0131n\u0131n M\u0259clis \u00fczvl\u0259ri <strong>\u018fl\u0259ddin \u018fl\u0259sg\u0259rli, Qo\u015fqar Nural\u0131<\/strong> v\u0259 partiya f\u0259al\u0131 <strong>Cabir V\u0259liyevin<\/strong> i\u015fi \u00fczr\u0259 apelyasiya \u015fikay\u0259tin\u0259 bax\u0131l\u0131b. Divan \u00fczv\u00fc <strong>Yusif Mehdi<\/strong> m\u0259hk\u0259m\u0259 prosesi bar\u0259d\u0259 m\u0259lumat verib. M\u0259hk\u0259m\u0259 z\u0259r\u0259r\u00e7\u0259k\u0259n kimi tan\u0131nan \u015f\u0259xsin bar\u0131\u015f\u0131q \u0259riz\u0259si yazmas\u0131na baxmayaraq h\u0259r \u00fc\u00e7 m\u00fcsavat\u00e7\u0131n\u0131 h\u0259bsd\u0259 saxlay\u0131b. M\u00fcsavat Partiyas\u0131 h\u00f6km\u00fcn \u0259sass\u0131z oldu\u011funu v\u0259 siyasi sifari\u015fl\u0259 \u00e7\u0131xar\u0131ld\u0131\u011f\u0131n\u0131 b\u0259yan edir, Bil\u0259suvar m\u00fcsavat\u00e7\u0131lar\u0131n\u0131n v\u0259 \u00f6lk\u0259d\u0259ki b\u00fct\u00fcn siyasi m\u0259hbuslar\u0131n azadl\u0131\u011fa burax\u0131lmas\u0131n\u0131 bir daha t\u0259l\u0259b edir.<\/span><\/p>\n<p><span style=\"font-size: 14pt; font-family: 'times new roman', times, serif;\">Respublikan\u0131n m\u00fcxt\u0259lif rayonlar\u0131nda daba\u011f x\u0259st\u0259liyinin geni\u015f yay\u0131lmas\u0131 haqda m\u0259lumatlardan narahatl\u0131q ifad\u0259 edilib. Qeyd olunub ki, h\u00f6kum\u0259t bu problemi aradan qald\u0131rmaq \u00fc\u00e7\u00fcn keyfiyy\u0259tli peyv\u0259ndl\u0259m\u0259 t\u0259\u015fkil etm\u0259li, fermer t\u0259s\u0259rr\u00fcfatlar\u0131na v\u0259 maldarl\u0131qla m\u0259\u015f\u011ful olan \u015f\u0259xsl\u0259r\u0259 yet\u0259rli maddi d\u0259st\u0259k verm\u0259li, bu sah\u0259d\u0259 d\u0259 inhisar\u00e7\u0131 davran\u0131\u015fla istehlak\u00e7\u0131lar\u0131 daha da a\u011f\u0131r v\u0259ziyy\u0259t\u0259 m\u0259ruz qoymamal\u0131d\u0131r.<\/span><\/p>\n<p><span style=\"font-size: 14pt; font-family: 'times new roman', times, serif;\">G\u0259l\u0259n ilin b\u00fcdc\u0259 layih\u0259sind\u0259 icbari tibbi s\u0131\u011forta \u00fc\u00e7\u00fcn n\u0259z\u0259rd\u0259 tutulan m\u0259bl\u0259\u011fin ciddi \u015f\u0259kild\u0259 azald\u0131lmas\u0131 pisl\u0259nilib. Qeyd edilib ki, bu layih\u0259 q\u0259bul olunarsa, Az\u0259rbaycanda \u0259halinin, x\u00fcsusil\u0259 azt\u0259minatl\u0131 t\u0259b\u0259q\u0259l\u0259rin tibbi s\u0131\u011fortadan istifad\u0259 imkanlar\u0131 ciddi \u015f\u0259kild\u0259 m\u0259hdudla\u015facaq. M\u00fcsavat Partiyas\u0131 hakimiyy\u0259ti \u0259halinin sosial durumunu a\u011f\u0131rla\u015fd\u0131ran add\u0131mlara son qoyma\u011fa \u00e7a\u011f\u0131r\u0131r.<\/span><\/p>\n<p><strong><span style=\"font-size: 14pt; font-family: 'times new roman', times, serif;\">Sonda cari m\u0259s\u0259l\u0259l\u0259r m\u00fczakir\u0259 olunub.<\/span><\/strong><\/p>\n","protected":false},"excerpt":{"rendered":"<p>Oktyabr\u0131n 27-d\u0259 M\u00fcsavat Partiyas\u0131 Divan\u0131n\u0131n n\u00f6vb\u0259ti iclas\u0131 ke\u00e7irilib. \u0130clasda \u0259vv\u0259lc\u0259 g\u00f6r\u00fcl\u0259n i\u015fl\u0259r v\u0259 rayon t\u0259\u015fkilatlar\u0131\u0131n\u0131n toplant\u0131lar\u0131 bar\u0259d\u0259 m\u0259lumat dinl\u0259nilib. M\u00fcsavat<\/p>\n","protected":false},"author":1,"featured_media":23290,"comment_status":"closed","ping_status":"closed","sticky":false,"template":"","format":"standard","meta":{"_jetpack_memberships_contains_paid_content":false,"footnotes":""},"categories":[29,36],"tags":[],"class_list":["post-24593","post","type-post","status-publish","format-standard","has-post-thumbnail","hentry","category-manset","category-siyast"],"aioseo_notices":[],"jetpack_featured_media_url":"https:\/\/basta2.com\/wp-content\/uploads\/2025\/04\/Musavat-loqo-1-3.jpg","jetpack_sharing_enabled":true,"_links":{"self":[{"href":"https:\/\/basta2.com\/index.php?rest_route=\/wp\/v2\/posts\/24593","targetHints":{"allow":["GET"]}}],"collection":[{"href":"https:\/\/basta2.com\/index.php?rest_route=\/wp\/v2\/posts"}],"about":[{"href":"https:\/\/basta2.com\/index.php?rest_route=\/wp\/v2\/types\/post"}],"author":[{"embeddable":true,"href":"https:\/\/basta2.com\/index.php?rest_route=\/wp\/v2\/users\/1"}],"replies":[{"embeddable":true,"href":"https:\/\/basta2.com\/index.php?rest_route=%2Fwp%2Fv2%2Fcomments&post=24593"}],"version-history":[{"count":2,"href":"https:\/\/basta2.com\/index.php?rest_route=\/wp\/v2\/posts\/24593\/revisions"}],"predecessor-version":[{"id":24595,"href":"https:\/\/basta2.com\/index.php?rest_route=\/wp\/v2\/posts\/24593\/revisions\/24595"}],"wp:featuredmedia":[{"embeddable":true,"href":"https:\/\/basta2.com\/index.php?rest_route=\/wp\/v2\/media\/23290"}],"wp:attachment":[{"href":"https:\/\/basta2.com\/index.php?rest_route=%2Fwp%2Fv2%2Fmedia&parent=24593"}],"wp:term":[{"taxonomy":"category","embeddable":true,"href":"https:\/\/basta2.com\/index.php?rest_route=%2Fwp%2Fv2%2Fcategories&post=24593"},{"taxonomy":"post_tag","embeddable":true,"href":"https:\/\/basta2.com\/index.php?rest_route=%2Fwp%2Fv2%2Ftags&post=24593"}],"curies":[{"name":"wp","href":"https:\/\/api.w.org\/{rel}","templated":true}]}}