{"id":24596,"date":"2025-10-27T18:07:36","date_gmt":"2025-10-27T15:07:36","guid":{"rendered":"https:\/\/basta2.com\/?p=24596"},"modified":"2025-10-27T18:10:51","modified_gmt":"2025-10-27T15:10:51","slug":"hokum%c9%99t-sosial-dovl%c9%99t-modelind%c9%99n-imtina-edir","status":"publish","type":"post","link":"https:\/\/basta2.com\/?p=24596","title":{"rendered":"H\u00f6kum\u0259t sosial d\u00f6vl\u0259t modelind\u0259n imtina edir"},"content":{"rendered":"<p><strong><span style=\"font-family: 'times new roman', times, serif; font-size: 14pt;\">Son g\u00fcnl\u0259rin \u0259n m\u00fch\u00fcm hadis\u0259si 2026-c\u0131 ilin b\u00fcdc\u0259 layih\u0259si il\u0259 ba\u011fl\u0131 a\u00e7\u0131qlamalar oldu. <\/span><\/strong><\/p>\n<p><span style=\"font-family: 'times new roman', times, serif; font-size: 14pt;\">Bu d\u0259yi\u015fiklikl\u0259ri m\u00fcbali\u011f\u0259siz olaraq inqilabi d\u0259yi\u015fiklikl\u0259r adland\u0131rmaq olar, \u00e7\u00fcnki h\u00f6kum\u0259t indiy\u0259 q\u0259d\u0259r m\u00f6vcud olan konsensusdan k\u0259skin \u015f\u0259kild\u0259 imtina etdiyini a\u00e7\u0131qlad\u0131. Bundan sonra Az\u0259rbaycan xalq\u0131 b\u00fcdc\u0259d\u0259n qidalanmaqdan b\u00fcdc\u0259ni qidaland\u0131rma\u011fa ke\u00e7id etm\u0259lidir.<\/span><\/p>\n<p><span style=\"font-family: 'times new roman', times, serif; font-size: 14pt;\">Siyasi rejim h\u0259l\u0259lik biz\u0259 tam ayd\u0131n olmayan s\u0259b\u0259bl\u0259rd\u0259n Neft Fondundan k\u00f6\u00e7\u00fcrm\u0259l\u0259ri azald\u0131r. Bunun s\u0259b\u0259bl\u0259rini yaln\u0131z t\u0259xmin ed\u0259 bil\u0259rik, b\u00f6y\u00fck ehtimalla, Neft Fondunda da ciddi probleml\u0259r var. Lakin bu ehtimallar\u0131 yaln\u0131z hakimiyy\u0259t \u00f6z\u00fc t\u0259sdiq ed\u0259 bil\u0259r<\/span><\/p>\n<p><span style=\"font-family: 'times new roman', times, serif; font-size: 14pt;\">H\u0259l\u0259lik \u0259sas m\u0259s\u0259l\u0259, sosial d\u00f6vl\u0259t modelind\u0259n yar\u0131m-r\u0259smi \u015f\u0259kild\u0259 imtina edilm\u0259sidir. Bu is\u0259 xalq-hakimiyy\u0259t m\u00fcnasib\u0259tl\u0259rinin k\u00f6k\u00fcnd\u0259n d\u0259yi\u015fm\u0259si dem\u0259kdir. Az\u0259rbaycan v\u0259t\u0259nda\u015f\u0131 vergi \u00f6d\u0259yicisin\u0259 \u00e7evril\u0259nd\u0259, onun hakimiyy\u0259tl\u0259 dialoqu ist\u0259r-ist\u0259m\u0259z f\u0259rqli \u015f\u0259kil alacaq. Pafoslu \u201cxalq yat\u0131b!\u201d yana\u015fmas\u0131 art\u0131q tarix\u0259 \u00e7evrilir, xalq \u00f6z\u00fc \u00fc\u00e7\u00fcn indiy\u0259 q\u0259d\u0259rki \u0259lveri\u015fli sosial-iqtisadi m\u00fchitd\u0259n m\u0259cburi \u015f\u0259kild\u0259 ayr\u0131ld\u0131qda buna ciddi reaksiya ver\u0259c\u0259k. D\u00f6vl\u0259t, xalq\u0131n m\u00fcq\u0259dd\u0259s \u201cevin\u0259 \u00e7\u00f6r\u0259k aparmaq\u201d prinsipiyl\u0259 hesabla\u015fmama\u011f\u0131n n\u0259tic\u0259l\u0259ri il\u0259 \u0259yani \u015f\u0259kild\u0259 tan\u0131\u015f olma\u011fa ba\u015flayacaq. \u018flb\u0259tt\u0259, siyasi rejim b\u00fct\u00fcn bunlar\u0131 m\u0259cburiyy\u0259td\u0259n edir, neft hasilat\u0131n\u0131n s\u00fcr\u0259tl\u0259 azalmas\u0131 il\u0259 yana\u015f\u0131, iqtisadi modelin d\u0259 t\u00fck\u0259nm\u0259si burda h\u0259lledici faktordur<\/span><\/p>\n<p><span style=\"font-family: 'times new roman', times, serif; font-size: 14pt;\">\u0130qtisadi-sosial d\u0259yi\u015fiklikl\u0259r is\u0259 t\u0259kc\u0259 elan edil\u0259nl\u0259rl\u0259 m\u0259hdudla\u015fmayacaq. B\u00f6y\u00fck ehtimalla qiym\u0259t art\u0131mlar\u0131n\u0131n daha ciddi dal\u011fas\u0131 ba\u015f ver\u0259c\u0259k, eyni zamanda b\u00fcdc\u0259d\u0259n maliyy\u0259l\u0259\u015f\u0259n t\u0259\u015fkilatlarda i\u015fl\u0259y\u0259nl\u0259rin say\u0131 (xalq aras\u0131nda \u201cd\u00f6vl\u0259t i\u015fi\u201d adland\u0131r\u0131lan v\u0259 stabillik simvolu say\u0131lan y\u00fcz minl\u0259rl\u0259 i\u015f yerl\u0259rind\u0259n s\u00f6hb\u0259t gedir) hiss edilm\u0259d\u0259n xeyli azald\u0131lacaq<\/span><\/p>\n<p><span style=\"font-family: 'times new roman', times, serif; font-size: 14pt;\">B\u00fct\u00fcn bunlar iqtisasdi bax\u0131mdan t\u0259bii olsa da, n\u0259z\u0259r\u0259 almal\u0131y\u0131q ki, h\u00f6kum\u0259tin bunun \u0259v\u0259zind\u0259 he\u00e7 bir yum\u015fald\u0131c\u0131 t\u0259dbir g\u00f6rm\u0259k imkan\u0131 yoxdur. Bel\u0259lilk\u0259, biz hiss olunmadan \u201cxalq ay\u0131l\u0131r\u201d m\u0259rh\u0259l\u0259sin\u0259 q\u0259d\u0259m qoyuruq.<\/span><\/p>\n<p><span style=\"font-family: 'times new roman', times, serif; font-size: 14pt;\"><strong>Yaz\u0131 Qa\u015fqay \u0130smay\u0131l\u0131n feysbuk s\u0259hif\u0259sind\u0259n g\u00f6t\u00fcr\u00fcl\u00fcb<\/strong><\/span><\/p>\n","protected":false},"excerpt":{"rendered":"<p>Son g\u00fcnl\u0259rin \u0259n m\u00fch\u00fcm hadis\u0259si 2026-c\u0131 ilin b\u00fcdc\u0259 layih\u0259si il\u0259 ba\u011fl\u0131 a\u00e7\u0131qlamalar oldu. Bu d\u0259yi\u015fiklikl\u0259ri m\u00fcbali\u011f\u0259siz olaraq inqilabi d\u0259yi\u015fiklikl\u0259r adland\u0131rmaq<\/p>\n","protected":false},"author":1,"featured_media":24597,"comment_status":"closed","ping_status":"closed","sticky":false,"template":"","format":"standard","meta":{"_jetpack_memberships_contains_paid_content":false,"footnotes":""},"categories":[31,29],"tags":[],"class_list":["post-24596","post","type-post","status-publish","format-standard","has-post-thumbnail","hentry","category-iqtisadiyyat","category-manset"],"aioseo_notices":[],"jetpack_featured_media_url":"https:\/\/basta2.com\/wp-content\/uploads\/2025\/10\/315411.jpg","jetpack_sharing_enabled":true,"_links":{"self":[{"href":"https:\/\/basta2.com\/index.php?rest_route=\/wp\/v2\/posts\/24596","targetHints":{"allow":["GET"]}}],"collection":[{"href":"https:\/\/basta2.com\/index.php?rest_route=\/wp\/v2\/posts"}],"about":[{"href":"https:\/\/basta2.com\/index.php?rest_route=\/wp\/v2\/types\/post"}],"author":[{"embeddable":true,"href":"https:\/\/basta2.com\/index.php?rest_route=\/wp\/v2\/users\/1"}],"replies":[{"embeddable":true,"href":"https:\/\/basta2.com\/index.php?rest_route=%2Fwp%2Fv2%2Fcomments&post=24596"}],"version-history":[{"count":3,"href":"https:\/\/basta2.com\/index.php?rest_route=\/wp\/v2\/posts\/24596\/revisions"}],"predecessor-version":[{"id":24600,"href":"https:\/\/basta2.com\/index.php?rest_route=\/wp\/v2\/posts\/24596\/revisions\/24600"}],"wp:featuredmedia":[{"embeddable":true,"href":"https:\/\/basta2.com\/index.php?rest_route=\/wp\/v2\/media\/24597"}],"wp:attachment":[{"href":"https:\/\/basta2.com\/index.php?rest_route=%2Fwp%2Fv2%2Fmedia&parent=24596"}],"wp:term":[{"taxonomy":"category","embeddable":true,"href":"https:\/\/basta2.com\/index.php?rest_route=%2Fwp%2Fv2%2Fcategories&post=24596"},{"taxonomy":"post_tag","embeddable":true,"href":"https:\/\/basta2.com\/index.php?rest_route=%2Fwp%2Fv2%2Ftags&post=24596"}],"curies":[{"name":"wp","href":"https:\/\/api.w.org\/{rel}","templated":true}]}}