{"id":24772,"date":"2025-12-04T12:05:37","date_gmt":"2025-12-04T09:05:37","guid":{"rendered":"https:\/\/basta2.com\/?p=24772"},"modified":"2025-12-04T12:09:47","modified_gmt":"2025-12-04T09:09:47","slug":"bas-prokurorluq-altay-goyusovla-bagli-aciqlama-yaydi","status":"publish","type":"post","link":"https:\/\/basta2.com\/?p=24772","title":{"rendered":"Ba\u015f Prokurorluq Altay G\u00f6y\u00fc\u015fovla ba\u011fl\u0131 a\u00e7\u0131qlama yayd\u0131"},"content":{"rendered":"<p>Altay G\u00f6y\u00fc\u015fovun bar\u0259sind\u0259 ba\u015flan\u0131lm\u0131\u015f cinay\u0259t i\u015fi \u00fczr\u0259\u00a0istintaq\u00a0ba\u015fa \u00e7at\u0131b.<\/p>\n<p>Bununla ba\u011fl\u0131 Ba\u015f Prokurorlu\u011fun r\u0259smi m\u00fcraci\u0259ti yay\u0131mlan\u0131b.<\/p>\n<p>M\u0259lumata g\u00f6r\u0259, o, noyabr\u0131n 21-d\u0259 Ba\u015f Prokurorlu\u011fun \u0130stintaq \u0130dar\u0259sin\u0259 \u00e7a\u011f\u0131r\u0131lsa da, g\u0259lm\u0259yib v\u0259 bar\u0259sind\u0259 qiyabi icraat ba\u015flan\u0131l\u0131b.<\/p>\n<p>Onun bar\u0259sind\u0259 istintaq bu g\u00fcn tamamlan\u0131b. H\u0259m Altay G\u00f6y\u00fc\u015fova, h\u0259m d\u0259 onun se\u00e7\u0259c\u0259yi m\u00fcdafi\u0259\u00e7isin\u0259 dekabr\u0131n 10-dan etibar\u0259n cinay\u0259t i\u015fi il\u0259 tan\u0131\u015f olmaq \u00fc\u00e7\u00fcn vaxt m\u0259hdudiyy\u0259ti qoyulmadan Ba\u015f Prokurorlu\u011fun \u0130stintaq \u0130dar\u0259sind\u0259 \u015f\u0259rait yarad\u0131laca\u011f\u0131 bildirilib.<\/p>\n<p>Altay G\u00f6y\u00fc\u015fova x\u0259b\u0259rdarl\u0131q edilib ki, \u0259g\u0259r o istintaqa g\u0259lm\u0259s\u0259, cinay\u0259t i\u015fi qiyabi icraatda m\u0259hk\u0259m\u0259y\u0259 g\u00f6nd\u0259ril\u0259 v\u0259 bar\u0259sind\u0259 qiyabi h\u00f6km \u00e7\u0131xar\u0131la bil\u0259r.<\/p>\n<p>Qeyd ed\u0259k ki, Altay G\u00f6y\u00fc\u015fov bar\u0259sind\u0259 Cinay\u0259t M\u0259c\u0259ll\u0259sinin 281.2-ci (D\u00f6vl\u0259t \u0259leyhin\u0259 y\u00f6n\u0259l\u0259n a\u00e7\u0131q \u00e7a\u011f\u0131r\u0131\u015flar, t\u0259krar v\u0259 ya bir qrup \u015f\u0259xs t\u0259r\u0259find\u0259n t\u00f6r\u0259dildikd\u0259) madd\u0259si il\u0259 t\u0259qsirl\u0259ndiril\u0259n \u015f\u0259xs qismind\u0259 c\u0259lbetm\u0259 haqq\u0131nda q\u0259rar q\u0259bul edilib.<\/p>\n<p>O, istintaqdan qa\u00e7araq Az\u0259rbaycan h\u00fcdudlar\u0131ndan k\u0259narda gizl\u0259ndiyi \u00fc\u00e7\u00fcn bar\u0259sind\u0259 ittiham elan edilm\u0259si il\u0259 ba\u011fl\u0131 axtar\u0131\u015f elan olunub.<br \/>\nBin\u0259q\u0259di Rayon M\u0259hk\u0259m\u0259sinin bu il 23 fevral tarixli q\u0259rar\u0131 il\u0259 bar\u0259sind\u0259 qiyabi h\u0259bs q\u0259timkan t\u0259dbiri se\u00e7ilib.<\/p>\n<p>Sentyabr\u0131n 17-d\u0259 ittiham\u0131n m\u0259zmununa \u0259lav\u0259l\u0259r v\u0259 d\u0259yi\u015fiklikl\u0259r edil\u0259r\u0259k Altay G\u00f6y\u00fc\u015fovun bar\u0259sind\u0259 Cinay\u0259t M\u0259c\u0259ll\u0259sinin 281.2-ci madd\u0259si il\u0259 t\u0259qsirl\u0259ndiril\u0259n \u015f\u0259xs qismind\u0259 c\u0259lb etm\u0259 haqq\u0131nda q\u0259rar q\u0259bul edilib.<\/p>\n<p>Qeyd olunub ki, o, 20 aprel 2020-ci ild\u0259 \u201cYouTube\u201d internet platformas\u0131nda \u201cD\u00fcz Dan\u0131\u015faq\u201d adl\u0131 kanalda v\u0259 2 sentyabr 2024-c\u00fc il v\u0259 1 yanvar 2025-ci ild\u0259 \u201cAltay G\u00f6y\u00fc\u015fov\u201d adl\u0131 Facebook kanal\u0131nda qeyril\u0259ri il\u0259 qabaqcadan \u0259lbir olan bir qrup \u015f\u0259xs hal\u0131nda birl\u0259\u015f\u0259r\u0259k Az\u0259rbaycanda qanuni \u0259saslarla formala\u015fm\u0131\u015f v\u0259 f\u0259aliyy\u0259t g\u00f6st\u0259r\u0259n m\u00f6vcud hakimiyy\u0259t\u0259 qar\u015f\u0131 zor t\u0259tbiqi \u00e7\u0131xma\u011f\u0131 t\u0259\u015fviq ed\u0259n a\u00e7\u0131q \u00e7a\u011f\u0131r\u0131\u015flar edib v\u0259 yay\u0131b.<\/p>\n<p>Altay G\u00f6y\u00fc\u015fov ona qar\u015f\u0131 ir\u0259li s\u00fcr\u00fcl\u0259n ittihamlar\u0131n \u0259sass\u0131z oldu\u011funu bildirib.<\/p>\n","protected":false},"excerpt":{"rendered":"<p>Altay G\u00f6y\u00fc\u015fovun bar\u0259sind\u0259 ba\u015flan\u0131lm\u0131\u015f cinay\u0259t i\u015fi \u00fczr\u0259\u00a0istintaq\u00a0ba\u015fa \u00e7at\u0131b. Bununla ba\u011fl\u0131 Ba\u015f Prokurorlu\u011fun r\u0259smi m\u00fcraci\u0259ti yay\u0131mlan\u0131b. M\u0259lumata g\u00f6r\u0259, o, noyabr\u0131n 21-d\u0259<\/p>\n","protected":false},"author":1,"featured_media":24773,"comment_status":"closed","ping_status":"closed","sticky":false,"template":"","format":"standard","meta":{"_jetpack_memberships_contains_paid_content":false,"footnotes":""},"categories":[30,29],"tags":[],"class_list":["post-24772","post","type-post","status-publish","format-standard","has-post-thumbnail","hentry","category-gundm","category-manset"],"aioseo_notices":[],"jetpack_featured_media_url":"https:\/\/basta2.com\/wp-content\/uploads\/2025\/12\/Screenshot_2025-12-04-13-04-52-904_com.android.chrome-edit.jpg","jetpack_sharing_enabled":true,"_links":{"self":[{"href":"https:\/\/basta2.com\/index.php?rest_route=\/wp\/v2\/posts\/24772","targetHints":{"allow":["GET"]}}],"collection":[{"href":"https:\/\/basta2.com\/index.php?rest_route=\/wp\/v2\/posts"}],"about":[{"href":"https:\/\/basta2.com\/index.php?rest_route=\/wp\/v2\/types\/post"}],"author":[{"embeddable":true,"href":"https:\/\/basta2.com\/index.php?rest_route=\/wp\/v2\/users\/1"}],"replies":[{"embeddable":true,"href":"https:\/\/basta2.com\/index.php?rest_route=%2Fwp%2Fv2%2Fcomments&post=24772"}],"version-history":[{"count":2,"href":"https:\/\/basta2.com\/index.php?rest_route=\/wp\/v2\/posts\/24772\/revisions"}],"predecessor-version":[{"id":24775,"href":"https:\/\/basta2.com\/index.php?rest_route=\/wp\/v2\/posts\/24772\/revisions\/24775"}],"wp:featuredmedia":[{"embeddable":true,"href":"https:\/\/basta2.com\/index.php?rest_route=\/wp\/v2\/media\/24773"}],"wp:attachment":[{"href":"https:\/\/basta2.com\/index.php?rest_route=%2Fwp%2Fv2%2Fmedia&parent=24772"}],"wp:term":[{"taxonomy":"category","embeddable":true,"href":"https:\/\/basta2.com\/index.php?rest_route=%2Fwp%2Fv2%2Fcategories&post=24772"},{"taxonomy":"post_tag","embeddable":true,"href":"https:\/\/basta2.com\/index.php?rest_route=%2Fwp%2Fv2%2Ftags&post=24772"}],"curies":[{"name":"wp","href":"https:\/\/api.w.org\/{rel}","templated":true}]}}