{"id":24776,"date":"2025-12-04T12:27:27","date_gmt":"2025-12-04T09:27:27","guid":{"rendered":"https:\/\/basta2.com\/?p=24776"},"modified":"2025-12-04T12:28:36","modified_gmt":"2025-12-04T09:28:36","slug":"pasinyan-arxivl%c9%99ri-acir-sarkisyanin-putin%c9%99-m%c9%99ktubu","status":"publish","type":"post","link":"https:\/\/basta2.com\/?p=24776","title":{"rendered":"Pa\u015finyan arxivl\u0259ri a\u00e7\u0131r: Sarkisyan\u0131n Putin\u0259 m\u0259ktubu"},"content":{"rendered":"<p><span style=\"font-size: 14pt; font-family: 'times new roman', times, serif;\">Erm\u0259nistan h\u00f6kum\u0259ti Qaraba\u011f m\u00fcnaqi\u015f\u0259sinin h\u0259lli il\u0259 ba\u011fl\u0131 \u0259vv\u0259lki h\u00f6kum\u0259tin arxivl\u0259rini a\u00e7ma\u011fa ba\u015flay\u0131b.<\/span><\/p>\n<p><span style=\"font-size: 14pt; font-family: 'times new roman', times, serif;\">H\u00f6kum\u0259tin sayt\u0131nda g\u00f6st\u0259rilir ki, arxiv s\u0259n\u0259dl\u0259rind\u0259n biri ke\u00e7mi\u015f Erm\u0259nistan prezidenti Serj Sarkisyan\u0131n Prezident Putin\u0259 m\u0259ktubudur.<\/span><\/p>\n<p><span style=\"font-size: 14pt; font-family: 'times new roman', times, serif;\">&#8221;H\u00f6rm\u0259tli Vladimir Vladimirovi\u00e7! Rusiya Federasiyas\u0131, BMT T\u0259hl\u00fck\u0259sizlik \u015euras\u0131n\u0131n daimi \u00fczv\u00fc kimi, d\u00fcnyada sabitliyin v\u0259 t\u0259hl\u00fck\u0259sizliyin t\u0259min edilm\u0259si \u00fc\u00e7\u00fcn ard\u0131c\u0131l \u015f\u0259kild\u0259 s\u0259yl\u0259r g\u00f6st\u0259rir&#8221;, &#8211; Sarkisyan\u0131n 2016-c\u0131 il 5 avqust tarixli m\u0259ktub bel\u0259 ba\u015flay\u0131r.<\/span><\/p>\n<p><span style=\"font-size: 14pt; font-family: 'times new roman', times, serif;\">Sarkisyan daha sonra m\u0259ktubunda Da\u011fl\u0131q Qaraba\u011f m\u00fcnaqi\u015f\u0259sinin h\u0259lli prosesind\u0259 yaranm\u0131\u015f b\u00f6hrandan narahatl\u0131\u011f\u0131n\u0131 bildirib.<\/span><\/p>\n<p><span style=\"font-size: 14pt; font-family: 'times new roman', times, serif;\">&#8221;T\u0259\u0259ss\u00fcf ki, Az\u0259rbaycan Prezidenti yen\u0259 d\u0259 h\u0259ms\u0259dr \u00f6lk\u0259l\u0259rin v\u0259 beyn\u0259lxalq ictimaiyy\u0259tin \u00e7a\u011f\u0131r\u0131\u015flar\u0131n\u0131 n\u0259z\u0259r\u0259 almayaraq Kazanda \u0259vv\u0259lc\u0259d\u0259n raz\u0131la\u015fd\u0131r\u0131lm\u0131\u015f m\u0259tn\u0259 10-dan \u00e7ox d\u00fcz\u0259li\u015f t\u0259qdim etdi. \u00dcst\u0259lik, Az\u0259rbaycan 2007-ci ild\u0259n b\u0259ri h\u0259ms\u0259dr \u00f6lk\u0259l\u0259rin vasit\u0259\u00e7iliyi il\u0259 t\u0259r\u0259fl\u0259rin \u00fcz\u0259rind\u0259 i\u015fl\u0259diyi Madrid prinsipl\u0259rind\u0259n imtina edib&#8221;, &#8211; o yaz\u0131b.<\/span><\/p>\n<p><span style=\"font-size: 14pt; font-family: 'times new roman', times, serif;\">&#8220;Ya t\u0259xribatd\u0131r, ya maksimalist m\u00f6vqeyi r\u0259smil\u0259\u015fdirm\u0259k c\u0259hdi&#8221;<\/span><br \/>\n<span style=\"font-size: 14pt; font-family: 'times new roman', times, serif;\">Sarkisyan m\u0259ktubunda Az\u0259rbaycan\u0131n &#8220;\u0259vv\u0259l torpaqlar, sonra status&#8221; yana\u015fmas\u0131n\u0131 t\u0259kl\u00fck\u0259li say\u0131r, deyir ki, bu, Erm\u0259nistan v\u0259 Da\u011fl\u0131q Qaraba\u011f\u0131 prosesin girovuna \u00e7evir\u0259 bil\u0259r.<\/span><\/p>\n<p><span style=\"font-size: 14pt; font-family: 'times new roman', times, serif;\">&#8221;\u0130lham \u018fliyevin Sankt-Peterburq sammitinin n\u0259tic\u0259l\u0259rini s\u0259rb\u0259st interpretesiyas\u0131 m\u0259ni son d\u0259r\u0259c\u0259 narahat etdi.<\/span><\/p>\n<p><span style=\"font-size: 14pt; font-family: 'times new roman', times, serif;\">O iddia etdi ki, guya biz \u0259vv\u0259lc\u0259 5 rayonun, daha sonra 2 rayonun t\u0259hvil verilm\u0259si bar\u0259d\u0259 raz\u0131l\u0131\u011fa g\u0259lmi\u015fik v\u0259 yaln\u0131z bundan sonra dig\u0259r m\u0259s\u0259l\u0259l\u0259r m\u00fczakir\u0259 olunacaq. Bu ya prosesi pozma\u011fa y\u00f6n\u0259lmi\u015f t\u0259xribatd\u0131r, ya da g\u0259l\u0259c\u0259k \u00fc\u00e7\u00fcn maksimalist m\u00f6vqeyini r\u0259smil\u0259\u015fdirm\u0259k c\u0259hdi.<\/span><\/p>\n<p><span style=\"font-size: 14pt; font-family: 'times new roman', times, serif;\">Bel\u0259 situasiyalar\u0131n qar\u015f\u0131s\u0131n\u0131 almaq \u00fc\u00e7\u00fcn formulyasiyalarda tam ayd\u0131nl\u0131q olmal\u0131d\u0131r&#8221;, &#8211; Sarkisyan m\u0259ktubunda bildirib.<\/span><\/p>\n<p><span style=\"font-size: 14pt; font-family: 'times new roman', times, serif;\">O, h\u0259m\u00e7inin yaz\u0131b ki, &#8220;\u018fslind\u0259, Az\u0259rbaycan Da\u011fl\u0131q Qaraba\u011fda g\u0259l\u0259c\u0259k referendum v\u0259 DQ-nin m\u00fcv\u0259qq\u0259ti statusu il\u0259 ba\u011fl\u0131 he\u00e7 bir a\u00e7\u0131q \u00f6hd\u0259lik g\u00f6t\u00fcrm\u00fcr&#8221;.<\/span><\/p>\n<p><span style=\"font-size: 14pt; font-family: 'times new roman', times, serif;\">&#8220;Bak\u0131dan he\u00e7 bir qar\u015f\u0131l\u0131ql\u0131 g\u00fcz\u0259\u015ft t\u0259l\u0259b olunmur&#8221;<\/span><br \/>\n<span style=\"font-size: 14pt; font-family: 'times new roman', times, serif;\">WhatsApp reklam\u0131-\u0131 ba\u011flay\u0131n v\u0259 oxuma\u011fa davam edin<\/span><br \/>\n<span style=\"font-size: 14pt; font-family: 'times new roman', times, serif;\">BBC News Azarbaycancanin Whatsapp kanalina qosulun<\/span><br \/>\n<span style=\"font-size: 14pt; font-family: 'times new roman', times, serif;\">WhatsApp kanal\u0131m\u0131z\u0131 izl\u0259yin<\/span><br \/>\n<span style=\"font-size: 14pt; font-family: 'times new roman', times, serif;\">BBC News Az\u0259rbaycancan\u0131n x\u0259b\u0259rl\u0259rini indi telefonunuzda ala bil\u0259rsiniz.<\/span><\/p>\n<p><span style=\"font-size: 14pt; font-family: 'times new roman', times, serif;\">Buradan izl\u0259yin<\/span><br \/>\n<span style=\"font-size: 14pt; font-family: 'times new roman', times, serif;\">WhatsApp reklam\u0131-\u0131n sonu<\/span><br \/>\n<span style=\"font-size: 14pt; font-family: 'times new roman', times, serif;\">M\u0259ktubun davam\u0131nda deyilir:<\/span><\/p>\n<p><span style=\"font-size: 14pt; font-family: 'times new roman', times, serif;\">&#8220;\u018fmin\u0259m ki, be\u015f rayon \u0259ld\u0259 etm\u0259kl\u0259 Az\u0259rbaycan daha da da\u011f\u0131d\u0131c\u0131 olard\u0131.<\/span><\/p>\n<p><span style=\"font-size: 14pt; font-family: 'times new roman', times, serif;\">Ayd\u0131nd\u0131r ki, Bak\u0131 bu rayonlar\u0131 \u0259ld\u0259 etm\u0259y\u0259 v\u0259 sonradan dig\u0259r \u0259razil\u0259ri geri almaq m\u0259qs\u0259di il\u0259 Erm\u0259nistana h\u0259rbi v\u0259 diplomatik t\u0259zyiqi art\u0131rma\u011fa \u00fcmid edir, eyni zamanda Da\u011fl\u0131q Qaraba\u011f\u0131n h\u00fcquqi statusu il\u0259 ba\u011fl\u0131 yekun q\u0259rar\u0131 verm\u0259kd\u0259n \u00e7\u0259kinm\u0259k \u00fc\u00e7\u00fcn daxili qanunvericiliyin\u0259 istinad edir&#8221;.<\/span><\/p>\n<p><span style=\"font-size: 14pt; font-family: 'times new roman', times, serif;\">Sarkisyan Rusiyan\u0131n vasit\u0259\u00e7ilik rolunu y\u00fcks\u0259k qiym\u0259tl\u0259ndir\u0259rs\u0259 d\u0259, Lavrovun son t\u0259klifl\u0259rind\u0259n naraz\u0131 qald\u0131\u011f\u0131n\u0131 b\u0259yan edib:<\/span><\/p>\n<p><span style=\"font-size: 14pt; font-family: 'times new roman', times, serif;\">&#8221;T\u0259qdim edil\u0259n ideyalarda, erm\u0259ni t\u0259r\u0259fl\u0259rinin ciddi, real v\u0259 \u00f6l\u00e7\u00fcl\u0259 bil\u0259n add\u0131mlar\u0131na cavab olaraq, Bak\u0131dan he\u00e7 bir qar\u015f\u0131l\u0131ql\u0131 g\u00fcz\u0259\u015ft t\u0259l\u0259b olunmur&#8221;.<\/span><\/p>\n<p><span style=\"font-size: 14pt; font-family: 'times new roman', times, serif;\">Buna cavab olaraq, o, m\u0259ktubda \u00f6z t\u0259r\u0259finin ist\u0259kl\u0259rini \u00e7atd\u0131r\u0131b \u2013 tan\u0131nmam\u0131\u015f DQR-\u0131n dan\u0131\u015f\u0131qlarda i\u015ftirak etm\u0259sini, Qaraba\u011fa m\u00fcv\u0259qq\u0259ti status, qaytar\u0131lm\u0131\u015f rayonun de-militarizasiyas\u0131n\u0131, K\u0259lb\u0259c\u0259r v\u0259 La\u00e7\u0131n\u0131n son statusa q\u0259d\u0259r DQR-d\u0259 qalmas\u0131 v\u0259 Az\u0259rbaycan\u0131n \u00f6z \u00f6hd\u0259likl\u0259rini yerin\u0259 yetirm\u0259diyi halda AT\u018fT Minsk \u00f6lk\u0259l\u0259rinin Qaraba\u011f\u0131n m\u00fcst\u0259qilliyini tan\u0131maqlar\u0131n\u0131 ist\u0259yib.<\/span><\/p>\n<p><span style=\"font-size: 14pt; font-family: 'times new roman', times, serif;\">Serj Sarkisyan 2007-ci ild\u0259 Erm\u0259nistan ba\u015f naziri olub, bir il sonra Erm\u0259nistan\u0131n 2-c\u00fc prezidenti kimi 10 il v\u0259zif\u0259d\u0259 olub. 2018-ci 6 g\u00fcnl\u00fck ba\u015f nazir v\u0259zif\u0259sind\u0259 qal\u0131b v\u0259 inqilab n\u0259tic\u0259sind\u0259 istefa verm\u0259y\u0259 m\u0259cbur olub.<\/span><\/p>\n<p><span style=\"font-size: 14pt; font-family: 'times new roman', times, serif;\">2020-ci ild\u0259 ba\u015f vermi\u015f 44 g\u00fcnl\u00fck \u0130kinci Qaraba\u011f m\u00fcharib\u0259si n\u0259tic\u0259sind\u0259 Az\u0259rbaycan torpaqlar\u0131n\u0131n b\u00f6y\u00fck hiss\u0259sini i\u015f\u011faldan azad etmi\u015fdi.<\/span><\/p>\n<p><span style=\"font-size: 14pt; font-family: 'times new roman', times, serif;\">Sentyabr\u0131n 19-da Az\u0259rbaycan\u0131n ke\u00e7irdiyi bir g\u00fcnl\u00fck h\u0259rbi \u0259m\u0259liyyat\u0131 n\u0259tic\u0259sind\u0259 separat\u00e7\u0131 Da\u011fl\u0131q Qaraba\u011f Respublikas\u0131 t\u0259slim olaraq \u00f6z\u00fcn\u00fcn l\u0259\u011fv edildiyini b\u0259yan etmi\u015f, bundan sonra az\u0259rbaycanl\u0131 h\u0259rb\u00e7il\u0259r Xank\u0259ndiy\u0259 daxil olmu\u015fdular.<\/span><\/p>\n<p><span style=\"font-size: 14pt; font-family: 'times new roman', times, serif;\">Bu m\u00fcnaqi\u015f\u0259 n\u0259tic\u0259sind\u0259 Qaraba\u011f\u0131n erm\u0259ni \u0259halisi oran\u0131 t\u0259rk etmi\u015fdi.<\/span><\/p>\n<p><span style=\"font-size: 14pt; font-family: 'times new roman', times, serif;\">2025-ci ild\u0259 Az\u0259rbaycan v\u0259 Erm\u0259nistan r\u0259hb\u0259rliyi s\u00fclh sazi\u015fini paraflay\u0131blar.<\/span><\/p>\n<p><span style=\"font-size: 14pt; font-family: 'times new roman', times, serif;\">BBC<\/span><\/p>\n","protected":false},"excerpt":{"rendered":"<p>Erm\u0259nistan h\u00f6kum\u0259ti Qaraba\u011f m\u00fcnaqi\u015f\u0259sinin h\u0259lli il\u0259 ba\u011fl\u0131 \u0259vv\u0259lki h\u00f6kum\u0259tin arxivl\u0259rini a\u00e7ma\u011fa ba\u015flay\u0131b. H\u00f6kum\u0259tin sayt\u0131nda g\u00f6st\u0259rilir ki, arxiv s\u0259n\u0259dl\u0259rind\u0259n biri ke\u00e7mi\u015f<\/p>\n","protected":false},"author":1,"featured_media":24777,"comment_status":"closed","ping_status":"closed","sticky":false,"template":"","format":"standard","meta":{"_jetpack_memberships_contains_paid_content":false,"footnotes":""},"categories":[32,29],"tags":[],"class_list":["post-24776","post","type-post","status-publish","format-standard","has-post-thumbnail","hentry","category-dunya","category-manset"],"aioseo_notices":[],"jetpack_featured_media_url":"https:\/\/basta2.com\/wp-content\/uploads\/2025\/12\/5e5c50f0-d01e-11f0-a0e2-816fae62ea61.jpg.webp","jetpack_sharing_enabled":true,"_links":{"self":[{"href":"https:\/\/basta2.com\/index.php?rest_route=\/wp\/v2\/posts\/24776","targetHints":{"allow":["GET"]}}],"collection":[{"href":"https:\/\/basta2.com\/index.php?rest_route=\/wp\/v2\/posts"}],"about":[{"href":"https:\/\/basta2.com\/index.php?rest_route=\/wp\/v2\/types\/post"}],"author":[{"embeddable":true,"href":"https:\/\/basta2.com\/index.php?rest_route=\/wp\/v2\/users\/1"}],"replies":[{"embeddable":true,"href":"https:\/\/basta2.com\/index.php?rest_route=%2Fwp%2Fv2%2Fcomments&post=24776"}],"version-history":[{"count":2,"href":"https:\/\/basta2.com\/index.php?rest_route=\/wp\/v2\/posts\/24776\/revisions"}],"predecessor-version":[{"id":24779,"href":"https:\/\/basta2.com\/index.php?rest_route=\/wp\/v2\/posts\/24776\/revisions\/24779"}],"wp:featuredmedia":[{"embeddable":true,"href":"https:\/\/basta2.com\/index.php?rest_route=\/wp\/v2\/media\/24777"}],"wp:attachment":[{"href":"https:\/\/basta2.com\/index.php?rest_route=%2Fwp%2Fv2%2Fmedia&parent=24776"}],"wp:term":[{"taxonomy":"category","embeddable":true,"href":"https:\/\/basta2.com\/index.php?rest_route=%2Fwp%2Fv2%2Fcategories&post=24776"},{"taxonomy":"post_tag","embeddable":true,"href":"https:\/\/basta2.com\/index.php?rest_route=%2Fwp%2Fv2%2Ftags&post=24776"}],"curies":[{"name":"wp","href":"https:\/\/api.w.org\/{rel}","templated":true}]}}