{"id":24781,"date":"2025-12-04T22:22:43","date_gmt":"2025-12-04T19:22:43","guid":{"rendered":"https:\/\/basta2.com\/?p=24781"},"modified":"2025-12-04T22:22:43","modified_gmt":"2025-12-04T19:22:43","slug":"el%c9%99dirs%c9%99-yap-dun%c9%99nd%c9%99n-baglanmalidir","status":"publish","type":"post","link":"https:\/\/basta2.com\/?p=24781","title":{"rendered":"El\u0259dirs\u0259, YAP d\u00fcn\u0259nd\u0259n ba\u011flanmal\u0131d\u0131r"},"content":{"rendered":"<p><span style=\"font-size: 14pt; font-family: 'times new roman', times, serif;\">\u018fg\u0259r \u018fli K\u0259rimliy\u0259 qar\u015f\u0131 ir\u0259li s\u00fcr\u00fcl\u0259n s\u00fcbutsuz ittihama g\u00f6r\u0259 AXCP ba\u011flanmal\u0131d\u0131rsa, b\u0259zi propaqanda\u00e7\u0131lar v\u0259 deputatlar bunu t\u0259klif edirl\u0259r, o halda Ramiz Mehdiyev\u0259 qar\u015f\u0131 ittihamlara g\u00f6r\u0259 YAP d\u00fcn\u0259nd\u0259n ba\u011flanmal\u0131d\u0131r.<\/span><\/p>\n<p><span style=\"font-size: 14pt; font-family: 'times new roman', times, serif;\">\u018fli K\u0259rimli ona qar\u015f\u0131 ittiham\u0131n saxta oldu\u011funu b\u0259yan edir, apelyasiya \u015fikay\u0259ti verir. Ramiz Mehdiyev is\u0259 \u00fc\u00e7 \u0259n a\u011f\u0131r madd\u0259 il\u0259 ittiham olunmas\u0131na r\u0259\u011fm\u0259n xain oldu\u011funu he\u00e7 inkar da etmir.<\/span><\/p>\n<p><span style=\"font-size: 14pt; font-family: 'times new roman', times, serif;\">Ramiz Mehdiyev 25 il \u0259rzind\u0259 YAP iqtidar\u0131nda ikinci \u015f\u0259xs olub. O, Az\u0259rbaycanda hakimiyy\u0259tin atadan o\u011fula \u00f6t\u00fcr\u00fclm\u0259si, se\u00e7kil\u0259rin saxtala\u015fd\u0131r\u0131lmas\u0131, K\u0130V v\u0259 QHT sektorunun n\u0259zar\u0259t\u0259 g\u00f6t\u00fcr\u00fclm\u0259si, cib m\u00fcxalif\u0259tinin yarad\u0131lmas\u0131 projel\u0259rinin memar\u0131 v\u0259 ba\u015f icra\u00e7\u0131s\u0131 olub.<\/span><\/p>\n<p><span style=\"font-size: 14pt; font-family: 'times new roman', times, serif;\">Adam 25 il \u0259rzind\u0259 Prezident Administrasiyas\u0131na r\u0259hb\u0259rlik edib. Normal \u00f6lk\u0259d\u0259 hakimiyy\u0259tin bu q\u0259d\u0259r \u00f6n\u0259mli bir simas\u0131n\u0131n xain \u00e7\u0131xmas\u0131, h\u0259min iqtidar\u0131n b\u00fct\u00f6vl\u00fckd\u0259 istefaya getm\u0259sin\u0259 s\u0259b\u0259b olard\u0131. Bunlar is\u0259 n\u0259 q\u0259d\u0259r h\u0259yas\u0131zd\u0131rlar ki, ay\u0131blar\u0131na kor olmaq \u0259v\u0259zin\u0259 m\u00fcxalif\u0259t partiyalar\u0131n\u0131n, AXCP v\u0259 M\u00fcsavat Partiyas\u0131n\u0131n ba\u011flanmas\u0131na \u00e7a\u011f\u0131r\u0131\u015f edirl\u0259r.<\/span><\/p>\n<p><span style=\"font-size: 14pt; font-family: 'times new roman', times, serif;\"><strong>Mustafa Hac\u0131b\u0259yli<\/strong><\/span><\/p>\n","protected":false},"excerpt":{"rendered":"<p>\u018fg\u0259r \u018fli K\u0259rimliy\u0259 qar\u015f\u0131 ir\u0259li s\u00fcr\u00fcl\u0259n s\u00fcbutsuz ittihama g\u00f6r\u0259 AXCP ba\u011flanmal\u0131d\u0131rsa, b\u0259zi propaqanda\u00e7\u0131lar v\u0259 deputatlar bunu t\u0259klif edirl\u0259r, o halda<\/p>\n","protected":false},"author":1,"featured_media":24782,"comment_status":"closed","ping_status":"closed","sticky":false,"template":"","format":"standard","meta":{"_jetpack_memberships_contains_paid_content":false,"footnotes":""},"categories":[29,36],"tags":[],"class_list":["post-24781","post","type-post","status-publish","format-standard","has-post-thumbnail","hentry","category-manset","category-siyast"],"aioseo_notices":[],"jetpack_featured_media_url":"https:\/\/basta2.com\/wp-content\/uploads\/2025\/12\/ramiz-mehdiyev.jpg","jetpack_sharing_enabled":true,"_links":{"self":[{"href":"https:\/\/basta2.com\/index.php?rest_route=\/wp\/v2\/posts\/24781","targetHints":{"allow":["GET"]}}],"collection":[{"href":"https:\/\/basta2.com\/index.php?rest_route=\/wp\/v2\/posts"}],"about":[{"href":"https:\/\/basta2.com\/index.php?rest_route=\/wp\/v2\/types\/post"}],"author":[{"embeddable":true,"href":"https:\/\/basta2.com\/index.php?rest_route=\/wp\/v2\/users\/1"}],"replies":[{"embeddable":true,"href":"https:\/\/basta2.com\/index.php?rest_route=%2Fwp%2Fv2%2Fcomments&post=24781"}],"version-history":[{"count":1,"href":"https:\/\/basta2.com\/index.php?rest_route=\/wp\/v2\/posts\/24781\/revisions"}],"predecessor-version":[{"id":24783,"href":"https:\/\/basta2.com\/index.php?rest_route=\/wp\/v2\/posts\/24781\/revisions\/24783"}],"wp:featuredmedia":[{"embeddable":true,"href":"https:\/\/basta2.com\/index.php?rest_route=\/wp\/v2\/media\/24782"}],"wp:attachment":[{"href":"https:\/\/basta2.com\/index.php?rest_route=%2Fwp%2Fv2%2Fmedia&parent=24781"}],"wp:term":[{"taxonomy":"category","embeddable":true,"href":"https:\/\/basta2.com\/index.php?rest_route=%2Fwp%2Fv2%2Fcategories&post=24781"},{"taxonomy":"post_tag","embeddable":true,"href":"https:\/\/basta2.com\/index.php?rest_route=%2Fwp%2Fv2%2Ftags&post=24781"}],"curies":[{"name":"wp","href":"https:\/\/api.w.org\/{rel}","templated":true}]}}