{"id":24792,"date":"2025-12-08T16:24:30","date_gmt":"2025-12-08T13:24:30","guid":{"rendered":"https:\/\/basta2.com\/?p=24792"},"modified":"2025-12-19T08:21:24","modified_gmt":"2025-12-19T05:21:24","slug":"musavat-divaninin-gund%c9%99liyi-81","status":"publish","type":"post","link":"https:\/\/basta2.com\/?p=24792","title":{"rendered":"M\u00fcsavat Divan\u0131n\u0131n g\u00fcnd\u0259liyi"},"content":{"rendered":"<p>Dekabr\u0131n 8-d\u0259 M\u00fcsavat Partiyas\u0131 Divan\u0131n\u0131n n\u00f6vb\u0259ti iclas\u0131 ke\u00e7irilib. G\u00f6r\u00fcl\u0259n i\u015fl\u0259r v\u0259 rayon t\u0259\u015fkilatlar\u0131nda ke\u00e7iril\u0259n iclaslar bar\u0259d\u0259 m\u0259lumat dinl\u0259nilib.<\/p>\n<p>\u00d6lk\u0259d\u0259 ba\u015f ver\u0259n ictimai-siyasi prosesl\u0259r bar\u0259d\u0259 fikir m\u00fcbadil\u0259si apar\u0131l\u0131b.<\/p>\n<p>Divan \u00fczv\u00fc Mirbaba Babayev &#8220;Toplum TV&#8221; i\u015fi \u00fczr\u0259 m\u0259hk\u0259m\u0259 prosesi haqda m\u0259lumat verib.<\/p>\n<p>He\u00e7 bir s\u00fcbut ortaya qoyulmadan h\u0259bs edilmi\u015f AXCP s\u0259dri \u018fli K\u0259rimlinin v\u0259 onun m\u00fcavini M\u0259mm\u0259d \u0130brahimin apelyasiya \u015fikay\u0259tinin t\u0259min olunmamas\u0131, m\u0259hk\u0259m\u0259 binas\u0131n\u0131n qar\u015f\u0131s\u0131na g\u0259l\u0259n partiya f\u0259allar\u0131n\u0131n polisin t\u0259zyiqi il\u0259 \u00fczl\u0259\u015fm\u0259si pisl\u0259nilib. Qeyd edilib ki, M\u00fcsavat Partiyas\u0131 h\u0259r zaman d\u0259y\u0259rl\u0259rin, insan haqlar\u0131 v\u0259 azadl\u0131qlar\u0131n m\u00fcdafi\u0259\u00e7isi kimi \u00e7\u0131x\u0131\u015f edib, bu g\u00fcn d\u0259 etm\u0259kd\u0259dir.<\/p>\n<p>Daha sonra regionda v\u0259 d\u00fcnyada davam ed\u0259n prosesl\u0259r d\u0259y\u0259rl\u0259ndirilib.<\/p>\n<p>Sonda cari m\u0259s\u0259l\u0259l\u0259r m\u00fczakir\u0259 olunub.<\/p>\n","protected":false},"excerpt":{"rendered":"<p>Dekabr\u0131n 8-d\u0259 M\u00fcsavat Partiyas\u0131 Divan\u0131n\u0131n n\u00f6vb\u0259ti iclas\u0131 ke\u00e7irilib. G\u00f6r\u00fcl\u0259n i\u015fl\u0259r v\u0259 rayon t\u0259\u015fkilatlar\u0131nda ke\u00e7iril\u0259n iclaslar bar\u0259d\u0259 m\u0259lumat dinl\u0259nilib. \u00d6lk\u0259d\u0259 ba\u015f<\/p>\n","protected":false},"author":1,"featured_media":23290,"comment_status":"closed","ping_status":"closed","sticky":false,"template":"","format":"standard","meta":{"_jetpack_memberships_contains_paid_content":false,"footnotes":""},"categories":[29],"tags":[],"class_list":["post-24792","post","type-post","status-publish","format-standard","has-post-thumbnail","hentry","category-manset"],"aioseo_notices":[],"jetpack_featured_media_url":"https:\/\/basta2.com\/wp-content\/uploads\/2025\/04\/Musavat-loqo-1-3.jpg","jetpack_sharing_enabled":true,"_links":{"self":[{"href":"https:\/\/basta2.com\/index.php?rest_route=\/wp\/v2\/posts\/24792","targetHints":{"allow":["GET"]}}],"collection":[{"href":"https:\/\/basta2.com\/index.php?rest_route=\/wp\/v2\/posts"}],"about":[{"href":"https:\/\/basta2.com\/index.php?rest_route=\/wp\/v2\/types\/post"}],"author":[{"embeddable":true,"href":"https:\/\/basta2.com\/index.php?rest_route=\/wp\/v2\/users\/1"}],"replies":[{"embeddable":true,"href":"https:\/\/basta2.com\/index.php?rest_route=%2Fwp%2Fv2%2Fcomments&post=24792"}],"version-history":[{"count":2,"href":"https:\/\/basta2.com\/index.php?rest_route=\/wp\/v2\/posts\/24792\/revisions"}],"predecessor-version":[{"id":24794,"href":"https:\/\/basta2.com\/index.php?rest_route=\/wp\/v2\/posts\/24792\/revisions\/24794"}],"wp:featuredmedia":[{"embeddable":true,"href":"https:\/\/basta2.com\/index.php?rest_route=\/wp\/v2\/media\/23290"}],"wp:attachment":[{"href":"https:\/\/basta2.com\/index.php?rest_route=%2Fwp%2Fv2%2Fmedia&parent=24792"}],"wp:term":[{"taxonomy":"category","embeddable":true,"href":"https:\/\/basta2.com\/index.php?rest_route=%2Fwp%2Fv2%2Fcategories&post=24792"},{"taxonomy":"post_tag","embeddable":true,"href":"https:\/\/basta2.com\/index.php?rest_route=%2Fwp%2Fv2%2Ftags&post=24792"}],"curies":[{"name":"wp","href":"https:\/\/api.w.org\/{rel}","templated":true}]}}