{"id":24795,"date":"2025-12-09T09:15:49","date_gmt":"2025-12-09T06:15:49","guid":{"rendered":"https:\/\/basta2.com\/?p=24795"},"modified":"2025-12-09T10:00:15","modified_gmt":"2025-12-09T07:00:15","slug":"trampin-musavirl%c9%99ri-zelenskini-telefonla-t%c9%99slimci-sulh%c9%99-razi-salmaq-ist%c9%99yibl%c9%99r","status":"publish","type":"post","link":"https:\/\/basta2.com\/?p=24795","title":{"rendered":"Tramp\u0131n m\u00fc\u015favirl\u0259ri Zelenskini telefonla t\u0259slim\u00e7i s\u00fclh\u0259 raz\u0131 salmaq ist\u0259yibl\u0259r"},"content":{"rendered":"<p>&nbsp;<\/p>\n<p><span style=\"font-size: 14pt; font-family: 'times new roman', times, serif;\"><strong>AB\u015e prezidenti Donald Tramp\u0131n m\u00fc\u015favirl\u0259ri Ukrayna lideri Bolodimir Zelenskini telefonla s\u00fclh\u0259 raz\u0131 salmaq ist\u0259yibl\u0259r. Bu haqda &#8220;Axios&#8221; m\u0259lumat yay\u0131b.\u00a0<\/strong><\/span><\/p>\n<p><span style=\"font-size: 14pt; font-family: 'times new roman', times, serif;\">N\u0259\u015frin m\u0259lumat\u0131na g\u00f6r\u0259, A\u011f Evin x\u00fcsusi n\u00fcmay\u0259nd\u0259si Stiv Vitkoff v\u0259 Tramp\u0131n k\u00fcr\u0259k\u0259ni Cared Ku\u015fner \u015f\u0259nb\u0259 g\u00fcn\u00fc iki saatl\u0131q telefon dan\u0131\u015f\u0131\u011f\u0131 zaman\u0131 s\u00fclh plan\u0131n\u0131 m\u00fczakir\u0259 ed\u0259rk\u0259n prezident Zelenskid\u0259n d\u0259qiq \u201ch\u0259\u201d cavab\u0131 alma\u011fa \u00e7al\u0131\u015f\u0131blar.<\/span><\/p>\n<p><span style=\"font-size: 14pt; font-family: 'times new roman', times, serif;\">\u201cEl\u0259 t\u0259sir ba\u011f\u0131\u015flay\u0131rd\u0131 ki, AB\u015e m\u00fcxt\u0259lif yollarla Rusiyan\u0131n b\u00fct\u00fcn Donbas\u0131 g\u00f6t\u00fcrm\u0259k ist\u0259yini biz\u0259 \u2018satma\u011fa\u2019 \u00e7al\u0131\u015f\u0131r v\u0259 amerikal\u0131lar ist\u0259yirdil\u0259r ki, Zelenski b\u00fct\u00fcn bunlar\u0131 telefon dan\u0131\u015f\u0131\u011f\u0131 zaman\u0131 q\u0259bul etsin,\u201d \u2014 dey\u0259 ukraynal\u0131 r\u0259smil\u0259rd\u0259n biri bildirib.<\/span><\/p>\n<p><span style=\"font-size: 14pt; font-family: 'times new roman', times, serif;\">Dan\u0131\u015f\u0131q AB\u015e v\u0259 Ukrayna komandalar\u0131n\u0131n Floridada \u00fc\u00e7g\u00fcnl\u00fck dan\u0131\u015f\u0131qlar\u0131ndan sonra ba\u015f tutub. AB\u015e v\u0259 ukraynal\u0131 r\u0259smil\u0259rin s\u00f6zl\u0259rin\u0259 g\u00f6r\u0259, Zelenski Vitkoff v\u0259 Ku\u015fnerl\u0259 dan\u0131\u015f\u0131q zaman\u0131 bildirib ki, AB\u015e-\u0131n t\u0259klifini dan\u0131\u015f\u0131qdan c\u0259mi bir saat \u0259vv\u0259l al\u0131b v\u0259 h\u0259l\u0259 oxuma\u011fa imkan tapmay\u0131b. Amerikal\u0131 r\u0259smil\u0259r is\u0259 bunu \u00e7a\u015fd\u0131r\u0131c\u0131 adland\u0131r\u0131b, \u00e7\u00fcnki yenil\u0259nmi\u015f t\u0259klifin bir g\u00fcn \u0259vv\u0259l g\u00f6nd\u0259rildiyini bildiribl\u0259r. Zelenski cavab olaraq deyib ki, b\u0259zi s\u0259n\u0259dl\u0259r \u0259vv\u0259lki g\u00fcn verils\u0259 d\u0259, dig\u0259r materiallar z\u0259ng\u0259 az qalm\u0131\u015f t\u0259qdim olunub v\u0259 h\u0259min s\u0259n\u0259dl\u0259ri h\u0259l\u0259 oxumay\u0131b.<\/span><\/p>\n<p><span style=\"font-size: 14pt; font-family: 'times new roman', times, serif;\">Ukraynal\u0131 r\u0259smil\u0259rin s\u00f6zl\u0259rin\u0259 g\u00f6r\u0259, AB\u015e-\u0131n t\u0259klifi \u0259vv\u0259lki versiyalarla m\u00fcqayis\u0259d\u0259 daha s\u0259rt \u015f\u0259rtl\u0259r ehtiva edir \u2014 x\u00fcsusil\u0259 \u0259razi m\u0259s\u0259l\u0259l\u0259ri v\u0259 Enerhodardak\u0131 AES-\u0259 n\u0259zar\u0259t kimi m\u00f6vzularda \u2014 v\u0259 t\u0259hl\u00fck\u0259sizlik z\u0259man\u0259tl\u0259ri kimi \u0259sas m\u0259s\u0259l\u0259l\u0259r\u0259 cavab vermir. Buna baxmayaraq, amerika t\u0259r\u0259fi Zelenskinin\u00a0 telefon s\u00f6hb\u0259ti zaman\u0131 buna raz\u0131la\u015faca\u011f\u0131n\u0131 g\u00f6zl\u0259yirmi\u015f.<\/span><\/p>\n<p><span style=\"font-size: 14pt; font-family: 'times new roman', times, serif;\">Ukraynal\u0131lar hesab edirl\u0259r ki, AB\u015e-\u0131n haz\u0131rk\u0131 plan\u0131n\u0131n b\u0259zi m\u0259qamlar\u0131 Rusiyan\u0131n xeyrin\u0259dir v\u0259 Va\u015finqton Zelenskiy\u0259 Putind\u0259n daha \u00e7ox t\u0259zyiq g\u00f6st\u0259rir. Ukraynal\u0131 r\u0259smil\u0259r deyibl\u0259r ki, AB\u015e-\u0131n t\u0259klifi Tramp\u0131n m\u00fc\u015favirl\u0259ri \u00f6t\u0259n h\u0259ft\u0259 Kreml\u0259 ged\u0259r\u0259k putinl\u0259 be\u015f saatl\u0131q g\u00f6r\u00fc\u015f ke\u00e7irdikd\u0259n sonra Kiyevin n\u00f6qteyi-n\u0259z\u0259rind\u0259n daha da pisl\u0259\u015fib. Amerikal\u0131 r\u0259smil\u0259r bunu inkar edir v\u0259 bildirirl\u0259r ki, AB\u015e eyni zamanda Putind\u0259n \u00f6z t\u0259l\u0259bl\u0259rini yum\u015faltmas\u0131n\u0131 t\u0259l\u0259b edib.<\/span><\/p>\n<p><strong>Basta<\/strong><\/p>\n","protected":false},"excerpt":{"rendered":"<p>&nbsp; AB\u015e prezidenti Donald Tramp\u0131n m\u00fc\u015favirl\u0259ri Ukrayna lideri Bolodimir Zelenskini telefonla s\u00fclh\u0259 raz\u0131 salmaq ist\u0259yibl\u0259r. Bu haqda &#8220;Axios&#8221; m\u0259lumat yay\u0131b.\u00a0<\/p>\n","protected":false},"author":1,"featured_media":24796,"comment_status":"closed","ping_status":"closed","sticky":false,"template":"","format":"standard","meta":{"_jetpack_memberships_contains_paid_content":false,"footnotes":""},"categories":[32,29],"tags":[],"class_list":["post-24795","post","type-post","status-publish","format-standard","has-post-thumbnail","hentry","category-dunya","category-manset"],"aioseo_notices":[],"jetpack_featured_media_url":"https:\/\/basta2.com\/wp-content\/uploads\/2025\/12\/692fe948b48f4692fe948b48f51764747592692fe948b48f2692fe948b48f3.jpg","jetpack_sharing_enabled":true,"_links":{"self":[{"href":"https:\/\/basta2.com\/index.php?rest_route=\/wp\/v2\/posts\/24795","targetHints":{"allow":["GET"]}}],"collection":[{"href":"https:\/\/basta2.com\/index.php?rest_route=\/wp\/v2\/posts"}],"about":[{"href":"https:\/\/basta2.com\/index.php?rest_route=\/wp\/v2\/types\/post"}],"author":[{"embeddable":true,"href":"https:\/\/basta2.com\/index.php?rest_route=\/wp\/v2\/users\/1"}],"replies":[{"embeddable":true,"href":"https:\/\/basta2.com\/index.php?rest_route=%2Fwp%2Fv2%2Fcomments&post=24795"}],"version-history":[{"count":5,"href":"https:\/\/basta2.com\/index.php?rest_route=\/wp\/v2\/posts\/24795\/revisions"}],"predecessor-version":[{"id":24802,"href":"https:\/\/basta2.com\/index.php?rest_route=\/wp\/v2\/posts\/24795\/revisions\/24802"}],"wp:featuredmedia":[{"embeddable":true,"href":"https:\/\/basta2.com\/index.php?rest_route=\/wp\/v2\/media\/24796"}],"wp:attachment":[{"href":"https:\/\/basta2.com\/index.php?rest_route=%2Fwp%2Fv2%2Fmedia&parent=24795"}],"wp:term":[{"taxonomy":"category","embeddable":true,"href":"https:\/\/basta2.com\/index.php?rest_route=%2Fwp%2Fv2%2Fcategories&post=24795"},{"taxonomy":"post_tag","embeddable":true,"href":"https:\/\/basta2.com\/index.php?rest_route=%2Fwp%2Fv2%2Ftags&post=24795"}],"curies":[{"name":"wp","href":"https:\/\/api.w.org\/{rel}","templated":true}]}}